{"id":1350,"date":"2021-03-01T11:14:00","date_gmt":"2021-03-01T10:14:00","guid":{"rendered":"http:\/\/ideabellezza.it\/magazine\/?p=1350"},"modified":"2023-12-11T11:15:37","modified_gmt":"2023-12-11T10:15:37","slug":"tendenze-milano-fashion-week-2021","status":"publish","type":"post","link":"https:\/\/www.ideabellezza.it\/magazine\/tendenze-milano-fashion-week-2021\/","title":{"rendered":"Beauty trend: le tendenze in arrivo dalla Milano Fashion Week 2021"},"content":{"rendered":"<p>La <strong>Milano Fashion Week 2021 ha<\/strong> regalato grandi novit\u00e0 in fatto di tendenze make-up. La prossima stagione autunno\/inverno sar\u00e0 vissuta all\u2019insegna della voglia di esprimere la propria personalit\u00e0 attraverso scelta di trucco e acconciatura. Collezione dopo collezione, sulle passerelle dell\u2019appuntamento milanese sono state presentate le nuove tendenze make-up, che Idea bellezza non si \u00e8 fatta sfuggire. Autenticit\u00e0 \u00e8 la parola chiave del mondo trucco e hairlook: le acconciature viste in passerella sono state pensate per esaltare la naturale bellezza di ogni singola modella, per metterne in evidenza la personalit\u00e0.<\/p>\n<p>Il look firmato <strong>Prada<\/strong> e declinato in trucco, abiti e accessori \u00e8 proiettato verso il futuro: sguardo magnetico che gioca sui riflessi metallici di argento e oro, capelli effetto bagnato che seguono una precisa geometria. <strong>Alberta Ferretti<\/strong> mostra il ritorno di una grande protagonista del look femminile, la coda: un\u2019acconciatura elegante, minimalista, versatile, chic in ogni occasione.<\/p>\n<p><img loading=\"lazy\" decoding=\"async\" class=\"alignnone wp-image-1377 size-full\" src=\"https:\/\/magazine.ideabellezza.it\/wp-content\/uploads\/2021\/02\/trucco-luminoso.jpg\" alt=\"trucco luminoso\" width=\"900\" height=\"609\" \/><\/p>\n<h2>Naturale e luminoso: il trucco del prossimo autunno\/inverno<\/h2>\n<p>Sono tutti d\u2019accordo sull\u2019estetica naturalissima, che non vuole coprire la pelle, ma piuttosto rinfrescarla e sottolinearle la naturale luminosit\u00e0. Il make-up deve puntare all\u2019effetto fresh dell\u2019incarnato, spingendo le donne a mostrarsi nella loro immediatezza. Naturali, senza inutili orpelli ed eccessi: s\u00ec ai colori moda, come il verde oliva, ma via il mascara troppo nero e pesante, come suggerisce <strong>Max Mara<\/strong>.<\/p>\n<p>A sorprendere tutti ci pensa <strong>Moschino<\/strong>: <strong>Jeremy Scott<\/strong> riporta in auge il rossetto, dimenticato in epoca di pandemia. Rigorosamente rosso, come le dive anni Cinquanta, sfumatura perfetta per un mondo fatto di pin up e ballerine burlesque. Gli occhi vengono esaltati dalla cut crease, tecnica che sta conquistando anche le pi\u00f9 scettiche.<\/p>\n<p><img loading=\"lazy\" decoding=\"async\" class=\"alignnone wp-image-1376 size-full\" src=\"https:\/\/magazine.ideabellezza.it\/wp-content\/uploads\/2021\/02\/rossetto-rosso.jpg\" alt=\"rossetto rosso\" width=\"900\" height=\"600\" \/><\/p>\n<p>Dalle passerelle alla vita quotidiana, dai camerini alle postazioni trucco casalinghe, le nuove tendenze in fatto di make-up che arrivano dalla Milano Fashion Week raccolte da <a href=\"https:\/\/www.ideabellezza.it\/\">Idea Bellezza<\/a> vogliono esaltare la naturale bellezza di ogni donna con trucchi luminosi e semplici, ma senza dimenticare un protagonista che torna in primo piano, il migliore amico di ogni donna: il suo rossetto.<\/p>\n","protected":false},"excerpt":{"rendered":"<p>La Milano Fashion Week 2021 ha regalato grandi novit\u00e0 in fatto di tendenze make-up. La prossima stagione autunno\/inverno sar\u00e0 vissuta&hellip;<\/p>\n","protected":false},"author":1,"featured_media":1375,"comment_status":"closed","ping_status":"open","sticky":false,"template":"","format":"standard","meta":{"footnotes":""},"categories":[16],"tags":[65,30,31],"class_list":["post-1350","post","type-post","status-publish","format-standard","has-post-thumbnail","hentry","category-passione-make-up","tag-make-up","tag-products","tag-woman"],"yoast_head":"<!-- This site is optimized with the Yoast SEO plugin v25.2 - https:\/\/yoast.com\/wordpress\/plugins\/seo\/ -->\n<title>Beauty trend: tendenze dalla Milano Fashion Week 2021-<\/title>\n<meta name=\"description\" content=\"La Milano Fashion Week 2021 ha regalato grandi novit\u00c3\u00a0 in fatto di tendenze make-up: scopriamole insieme ad Idea Bellezza!\" \/>\n<meta name=\"robots\" content=\"index, follow, max-snippet:-1, max-image-preview:large, max-video-preview:-1\" \/>\n<link rel=\"canonical\" href=\"https:\/\/www.ideabellezza.it\/magazine\/tendenze-milano-fashion-week-2021\/\" \/>\n<meta property=\"og:locale\" content=\"it_IT\" \/>\n<meta property=\"og:type\" content=\"article\" \/>\n<meta property=\"og:title\" content=\"Beauty trend: tendenze dalla Milano Fashion Week 2021-\" \/>\n<meta property=\"og:description\" content=\"La Milano Fashion Week 2021 ha regalato grandi novit\u00c3\u00a0 in fatto di tendenze make-up: scopriamole insieme ad Idea Bellezza!\" \/>\n<meta property=\"og:url\" content=\"https:\/\/www.ideabellezza.it\/magazine\/tendenze-milano-fashion-week-2021\/\" \/>\n<meta property=\"article:published_time\" content=\"2021-03-01T10:14:00+00:00\" \/>\n<meta property=\"article:modified_time\" content=\"2023-12-11T10:15:37+00:00\" \/>\n<meta property=\"og:image\" content=\"https:\/\/magazine.ideabellezza.it\/wp-content\/uploads\/2021\/02\/milano-fashion-week.jpg\" \/>\n\t<meta property=\"og:image:width\" content=\"900\" \/>\n\t<meta property=\"og:image:height\" content=\"700\" \/>\n\t<meta property=\"og:image:type\" content=\"image\/jpeg\" \/>\n<meta name=\"author\" content=\"ideabellezza\" \/>\n<meta name=\"twitter:card\" content=\"summary_large_image\" \/>\n<meta name=\"twitter:label1\" content=\"Scritto da\" \/>\n\t<meta name=\"twitter:data1\" content=\"ideabellezza\" \/>\n\t<meta name=\"twitter:label2\" content=\"Tempo di lettura stimato\" \/>\n\t<meta name=\"twitter:data2\" content=\"2 minuti\" \/>\n<script type=\"application\/ld+json\" class=\"yoast-schema-graph\">{\"@context\":\"https:\/\/schema.org\",\"@graph\":[{\"@type\":\"WebPage\",\"@id\":\"https:\/\/www.ideabellezza.it\/magazine\/tendenze-milano-fashion-week-2021\/\",\"url\":\"https:\/\/www.ideabellezza.it\/magazine\/tendenze-milano-fashion-week-2021\/\",\"name\":\"Beauty trend: tendenze dalla Milano Fashion Week 2021-\",\"isPartOf\":{\"@id\":\"https:\/\/www.ideabellezza.it\/magazine\/#website\"},\"primaryImageOfPage\":{\"@id\":\"https:\/\/www.ideabellezza.it\/magazine\/tendenze-milano-fashion-week-2021\/#primaryimage\"},\"image\":{\"@id\":\"https:\/\/www.ideabellezza.it\/magazine\/tendenze-milano-fashion-week-2021\/#primaryimage\"},\"thumbnailUrl\":\"https:\/\/magazine.ideabellezza.it\/wp-content\/uploads\/2021\/02\/milano-fashion-week.jpg\",\"datePublished\":\"2021-03-01T10:14:00+00:00\",\"dateModified\":\"2023-12-11T10:15:37+00:00\",\"author\":{\"@id\":\"https:\/\/www.ideabellezza.it\/magazine\/#\/schema\/person\/17b0f47546a3fc5dc1033bb23feffc65\"},\"description\":\"La Milano Fashion Week 2021 ha regalato grandi novit\u00c3\u00a0 in fatto di tendenze make-up: scopriamole insieme ad Idea Bellezza!\",\"inLanguage\":\"it-IT\",\"potentialAction\":[{\"@type\":\"ReadAction\",\"target\":[\"https:\/\/www.ideabellezza.it\/magazine\/tendenze-milano-fashion-week-2021\/\"]}]},{\"@type\":\"ImageObject\",\"inLanguage\":\"it-IT\",\"@id\":\"https:\/\/www.ideabellezza.it\/magazine\/tendenze-milano-fashion-week-2021\/#primaryimage\",\"url\":\"https:\/\/magazine.ideabellezza.it\/wp-content\/uploads\/2021\/02\/milano-fashion-week.jpg\",\"contentUrl\":\"https:\/\/magazine.ideabellezza.it\/wp-content\/uploads\/2021\/02\/milano-fashion-week.jpg\",\"width\":900,\"height\":700},{\"@type\":\"WebSite\",\"@id\":\"https:\/\/www.ideabellezza.it\/magazine\/#website\",\"url\":\"https:\/\/www.ideabellezza.it\/magazine\/\",\"name\":\"\",\"description\":\"\",\"potentialAction\":[{\"@type\":\"SearchAction\",\"target\":{\"@type\":\"EntryPoint\",\"urlTemplate\":\"https:\/\/www.ideabellezza.it\/magazine\/?s={search_term_string}\"},\"query-input\":{\"@type\":\"PropertyValueSpecification\",\"valueRequired\":true,\"valueName\":\"search_term_string\"}}],\"inLanguage\":\"it-IT\"},{\"@type\":\"Person\",\"@id\":\"https:\/\/www.ideabellezza.it\/magazine\/#\/schema\/person\/17b0f47546a3fc5dc1033bb23feffc65\",\"name\":\"ideabellezza\",\"image\":{\"@type\":\"ImageObject\",\"inLanguage\":\"it-IT\",\"@id\":\"https:\/\/www.ideabellezza.it\/magazine\/#\/schema\/person\/image\/\",\"url\":\"https:\/\/secure.gravatar.com\/avatar\/60e318cb6e6de1184d3834661ba9f6209a8d536ae9c769e3662804fd574471a2?s=96&d=mm&r=g\",\"contentUrl\":\"https:\/\/secure.gravatar.com\/avatar\/60e318cb6e6de1184d3834661ba9f6209a8d536ae9c769e3662804fd574471a2?s=96&d=mm&r=g\",\"caption\":\"ideabellezza\"},\"sameAs\":[\"http:\/\/ideabellezza.it\/magazine\/IdeaBellezza\"]}]}<\/script>\n<!-- \/ Yoast SEO plugin. -->","yoast_head_json":{"title":"Beauty trend: tendenze dalla Milano Fashion Week 2021-","description":"La Milano Fashion Week 2021 ha regalato grandi novit\u00c3\u00a0 in fatto di tendenze make-up: scopriamole insieme ad Idea Bellezza!","robots":{"index":"index","follow":"follow","max-snippet":"max-snippet:-1","max-image-preview":"max-image-preview:large","max-video-preview":"max-video-preview:-1"},"canonical":"https:\/\/www.ideabellezza.it\/magazine\/tendenze-milano-fashion-week-2021\/","og_locale":"it_IT","og_type":"article","og_title":"Beauty trend: tendenze dalla Milano Fashion Week 2021-","og_description":"La Milano Fashion Week 2021 ha regalato grandi novit\u00c3\u00a0 in fatto di tendenze make-up: scopriamole insieme ad Idea Bellezza!","og_url":"https:\/\/www.ideabellezza.it\/magazine\/tendenze-milano-fashion-week-2021\/","article_published_time":"2021-03-01T10:14:00+00:00","article_modified_time":"2023-12-11T10:15:37+00:00","og_image":[{"width":900,"height":700,"url":"https:\/\/magazine.ideabellezza.it\/wp-content\/uploads\/2021\/02\/milano-fashion-week.jpg","type":"image\/jpeg"}],"author":"ideabellezza","twitter_card":"summary_large_image","twitter_misc":{"Scritto da":"ideabellezza","Tempo di lettura stimato":"2 minuti"},"schema":{"@context":"https:\/\/schema.org","@graph":[{"@type":"WebPage","@id":"https:\/\/www.ideabellezza.it\/magazine\/tendenze-milano-fashion-week-2021\/","url":"https:\/\/www.ideabellezza.it\/magazine\/tendenze-milano-fashion-week-2021\/","name":"Beauty trend: tendenze dalla Milano Fashion Week 2021-","isPartOf":{"@id":"https:\/\/www.ideabellezza.it\/magazine\/#website"},"primaryImageOfPage":{"@id":"https:\/\/www.ideabellezza.it\/magazine\/tendenze-milano-fashion-week-2021\/#primaryimage"},"image":{"@id":"https:\/\/www.ideabellezza.it\/magazine\/tendenze-milano-fashion-week-2021\/#primaryimage"},"thumbnailUrl":"https:\/\/magazine.ideabellezza.it\/wp-content\/uploads\/2021\/02\/milano-fashion-week.jpg","datePublished":"2021-03-01T10:14:00+00:00","dateModified":"2023-12-11T10:15:37+00:00","author":{"@id":"https:\/\/www.ideabellezza.it\/magazine\/#\/schema\/person\/17b0f47546a3fc5dc1033bb23feffc65"},"description":"La Milano Fashion Week 2021 ha regalato grandi novit\u00c3\u00a0 in fatto di tendenze make-up: scopriamole insieme ad Idea Bellezza!","inLanguage":"it-IT","potentialAction":[{"@type":"ReadAction","target":["https:\/\/www.ideabellezza.it\/magazine\/tendenze-milano-fashion-week-2021\/"]}]},{"@type":"ImageObject","inLanguage":"it-IT","@id":"https:\/\/www.ideabellezza.it\/magazine\/tendenze-milano-fashion-week-2021\/#primaryimage","url":"https:\/\/magazine.ideabellezza.it\/wp-content\/uploads\/2021\/02\/milano-fashion-week.jpg","contentUrl":"https:\/\/magazine.ideabellezza.it\/wp-content\/uploads\/2021\/02\/milano-fashion-week.jpg","width":900,"height":700},{"@type":"WebSite","@id":"https:\/\/www.ideabellezza.it\/magazine\/#website","url":"https:\/\/www.ideabellezza.it\/magazine\/","name":"","description":"","potentialAction":[{"@type":"SearchAction","target":{"@type":"EntryPoint","urlTemplate":"https:\/\/www.ideabellezza.it\/magazine\/?s={search_term_string}"},"query-input":{"@type":"PropertyValueSpecification","valueRequired":true,"valueName":"search_term_string"}}],"inLanguage":"it-IT"},{"@type":"Person","@id":"https:\/\/www.ideabellezza.it\/magazine\/#\/schema\/person\/17b0f47546a3fc5dc1033bb23feffc65","name":"ideabellezza","image":{"@type":"ImageObject","inLanguage":"it-IT","@id":"https:\/\/www.ideabellezza.it\/magazine\/#\/schema\/person\/image\/","url":"https:\/\/secure.gravatar.com\/avatar\/60e318cb6e6de1184d3834661ba9f6209a8d536ae9c769e3662804fd574471a2?s=96&d=mm&r=g","contentUrl":"https:\/\/secure.gravatar.com\/avatar\/60e318cb6e6de1184d3834661ba9f6209a8d536ae9c769e3662804fd574471a2?s=96&d=mm&r=g","caption":"ideabellezza"},"sameAs":["http:\/\/ideabellezza.it\/magazine\/IdeaBellezza"]}]}},"_links":{"self":[{"href":"https:\/\/www.ideabellezza.it\/magazine\/wp-json\/wp\/v2\/posts\/1350","targetHints":{"allow":["GET"]}}],"collection":[{"href":"https:\/\/www.ideabellezza.it\/magazine\/wp-json\/wp\/v2\/posts"}],"about":[{"href":"https:\/\/www.ideabellezza.it\/magazine\/wp-json\/wp\/v2\/types\/post"}],"author":[{"embeddable":true,"href":"https:\/\/www.ideabellezza.it\/magazine\/wp-json\/wp\/v2\/users\/1"}],"replies":[{"embeddable":true,"href":"https:\/\/www.ideabellezza.it\/magazine\/wp-json\/wp\/v2\/comments?post=1350"}],"version-history":[{"count":2,"href":"https:\/\/www.ideabellezza.it\/magazine\/wp-json\/wp\/v2\/posts\/1350\/revisions"}],"predecessor-version":[{"id":2649,"href":"https:\/\/www.ideabellezza.it\/magazine\/wp-json\/wp\/v2\/posts\/1350\/revisions\/2649"}],"wp:featuredmedia":[{"embeddable":true,"href":"https:\/\/www.ideabellezza.it\/magazine\/wp-json\/wp\/v2\/media\/1375"}],"wp:attachment":[{"href":"https:\/\/www.ideabellezza.it\/magazine\/wp-json\/wp\/v2\/media?parent=1350"}],"wp:term":[{"taxonomy":"category","embeddable":true,"href":"https:\/\/www.ideabellezza.it\/magazine\/wp-json\/wp\/v2\/categories?post=1350"},{"taxonomy":"post_tag","embeddable":true,"href":"https:\/\/www.ideabellezza.it\/magazine\/wp-json\/wp\/v2\/tags?post=1350"}],"curies":[{"name":"wp","href":"https:\/\/api.w.org\/{rel}","templated":true}]}}