{"id":1634,"date":"2026-04-15T15:48:19","date_gmt":"2026-04-15T13:48:19","guid":{"rendered":"https:\/\/www.ideabellezza.it\/magazine\/?p=1634"},"modified":"2026-04-15T15:49:08","modified_gmt":"2026-04-15T13:49:08","slug":"protezione-solare-scelta-dei-solari","status":"publish","type":"post","link":"https:\/\/www.ideabellezza.it\/magazine\/protezione-solare-scelta-dei-solari\/","title":{"rendered":"Quale protezione solare usare: guida alla scelta dei solari"},"content":{"rendered":"\n<p><strong>Protezione solare<\/strong>: scegliere quella giusta \u00e8 il primo passo per un\u2019abbronzatura sana e sicura. Conoscere il proprio fototipo, comprendere il significato dell\u2019SPF, distinguere tra filtri chimici e minerali e sapere come applicare correttamente il prodotto fa la differenza tra una pelle protetta e una esposta a scottature, macchie e invecchiamento precoce. <strong><a href=\"https:\/\/www.ideabellezza.it\/\" target=\"_blank\" rel=\"noreferrer noopener\">Idea Bellezza<\/a> <\/strong>ti guida nella scelta della protezione solare pi\u00f9 adatta a te, con consigli pratici e i migliori prodotti disponibili in offerta online.<\/p>\n\n\n\n<figure class=\"wp-block-image size-full\"><img loading=\"lazy\" decoding=\"async\" width=\"900\" height=\"630\" src=\"https:\/\/magazine.ideabellezza.it\/wp-content\/uploads\/2021\/06\/scegliere-fattore-di-protezione-solare.jpg\" alt=\"scegliere fattore di protezione solare\" class=\"wp-image-4916\" title=\"scegliere fattore di protezione solare\" srcset=\"https:\/\/magazine.ideabellezza.it\/wp-content\/uploads\/2021\/06\/scegliere-fattore-di-protezione-solare.jpg 900w, https:\/\/magazine.ideabellezza.it\/wp-content\/uploads\/2021\/06\/scegliere-fattore-di-protezione-solare-300x210.jpg 300w, https:\/\/magazine.ideabellezza.it\/wp-content\/uploads\/2021\/06\/scegliere-fattore-di-protezione-solare-768x538.jpg 768w, https:\/\/magazine.ideabellezza.it\/wp-content\/uploads\/2021\/06\/scegliere-fattore-di-protezione-solare-370x259.jpg 370w, https:\/\/magazine.ideabellezza.it\/wp-content\/uploads\/2021\/06\/scegliere-fattore-di-protezione-solare-760x532.jpg 760w\" sizes=\"auto, (max-width: 900px) 100vw, 900px\" \/><\/figure>\n\n\n\n\n\n<h2 class=\"wp-block-heading\">Perch\u00e9 la protezione solare \u00e8 indispensabile tutto l\u2019anno<\/h2>\n\n\n\n<p>La <strong>protezione solare<\/strong> non \u00e8 un prodotto esclusivamente estivo. I raggi ultravioletti colpiscono la pelle in ogni stagione, anche nelle giornate nuvolose, durante le passeggiate in citt\u00e0 o una semplice pausa pranzo all\u2019aperto. L\u2019esposizione cumulativa ai raggi UV \u00e8 la principale responsabile dell\u2019invecchiamento cutaneo precoce, della comparsa di macchie scure, della perdita di elasticit\u00e0 e, nei casi pi\u00f9 gravi, dello sviluppo di melanomi e tumori cutanei.<\/p>\n\n\n\n<p>Utilizzare una crema solare quotidianamente, anche in inverno e sotto l\u2019ombrellone, significa proteggere la pelle nel lungo periodo. I dermatologi sono unanimi: <strong>la fotoprotezione \u00e8 il gesto anti-age pi\u00f9 efficace che esista<\/strong>. Per questo motivo la <a href=\"https:\/\/www.ideabellezza.it\/magazine\/crema-solare-come-base-trucco-la-guida-alla-scelta-e-allapplicazione\/\" target=\"_blank\" rel=\"noreferrer noopener\">crema solare come base trucco<\/a> andrebbe usata tutti i giorni, senza eccezioni.<\/p>\n\n\n\n<figure class=\"wp-block-image size-full\"><img loading=\"lazy\" decoding=\"async\" width=\"900\" height=\"506\" src=\"https:\/\/magazine.ideabellezza.it\/wp-content\/uploads\/2021\/06\/protezione-solare-per-il-viso.jpg\" alt=\"protezione solare per il viso\" class=\"wp-image-4918\" title=\"protezione solare per il viso\" srcset=\"https:\/\/magazine.ideabellezza.it\/wp-content\/uploads\/2021\/06\/protezione-solare-per-il-viso.jpg 900w, https:\/\/magazine.ideabellezza.it\/wp-content\/uploads\/2021\/06\/protezione-solare-per-il-viso-300x169.jpg 300w, https:\/\/magazine.ideabellezza.it\/wp-content\/uploads\/2021\/06\/protezione-solare-per-il-viso-768x432.jpg 768w, https:\/\/magazine.ideabellezza.it\/wp-content\/uploads\/2021\/06\/protezione-solare-per-il-viso-370x208.jpg 370w, https:\/\/magazine.ideabellezza.it\/wp-content\/uploads\/2021\/06\/protezione-solare-per-il-viso-760x427.jpg 760w, https:\/\/magazine.ideabellezza.it\/wp-content\/uploads\/2021\/06\/protezione-solare-per-il-viso-270x152.jpg 270w\" sizes=\"auto, (max-width: 900px) 100vw, 900px\" \/><\/figure>\n\n\n\n<h2 class=\"wp-block-heading\">Raggi UVA, UVB, infrarossi e luce blu: cosa sono e come agiscono<\/h2>\n\n\n\n<p>Per capire <strong>quale protezione solare usare<\/strong> serve comprendere da cosa ci difendiamo. Le radiazioni solari si dividono in diverse bande, ciascuna con effetti specifici sulla pelle.<\/p>\n\n\n\n<h3 class=\"wp-block-heading\">Raggi UVA<\/h3>\n\n\n\n<p>Rappresentano circa il 95 % della radiazione ultravioletta che raggiunge la superficie terrestre. Penetrano in profondit\u00e0 nel derma e sono attivi tutto l\u2019anno, a ogni ora del giorno. Sono i principali responsabili del fotoinvecchiamento, della formazione di rughe, della perdita di tono e della comparsa di macchie cutanee. Contribuiscono anche allo sviluppo dei tumori della pelle.<\/p>\n\n\n\n<h3 class=\"wp-block-heading\">Raggi UVB<\/h3>\n\n\n\n<p>Costituiscono il 5 % circa delle radiazioni UV e sono pi\u00f9 intensi nel periodo aprile-ottobre e nelle ore centrali della giornata. Agiscono sugli strati pi\u00f9 superficiali dell\u2019epidermide e sono i diretti responsabili delle scottature (eritemi solari), delle bolle e dei danni acuti al DNA cellulare.<\/p>\n\n\n\n<h3 class=\"wp-block-heading\">Infrarossi e luce blu (HEV)<\/h3>\n\n\n\n<p>Le ricerche pi\u00f9 recenti hanno evidenziato che anche la radiazione infrarossa e la luce visibile ad alta energia possono accelerare l\u2019invecchiamento cutaneo e generare radicali liberi. Le protezioni solari di ultima generazione offrono uno scudo ad ampio spettro che copre anche queste bande.<\/p>\n\n\n\n<figure class=\"wp-block-image size-full\"><img loading=\"lazy\" decoding=\"async\" width=\"900\" height=\"506\" src=\"https:\/\/magazine.ideabellezza.it\/wp-content\/uploads\/2021\/06\/protezione-solare-per-il-corpo.jpg\" alt=\"protezione solare per il corpo\" class=\"wp-image-4919\" title=\"protezione solare per il corpo\" srcset=\"https:\/\/magazine.ideabellezza.it\/wp-content\/uploads\/2021\/06\/protezione-solare-per-il-corpo.jpg 900w, https:\/\/magazine.ideabellezza.it\/wp-content\/uploads\/2021\/06\/protezione-solare-per-il-corpo-300x169.jpg 300w, https:\/\/magazine.ideabellezza.it\/wp-content\/uploads\/2021\/06\/protezione-solare-per-il-corpo-768x432.jpg 768w, https:\/\/magazine.ideabellezza.it\/wp-content\/uploads\/2021\/06\/protezione-solare-per-il-corpo-370x208.jpg 370w, https:\/\/magazine.ideabellezza.it\/wp-content\/uploads\/2021\/06\/protezione-solare-per-il-corpo-760x427.jpg 760w, https:\/\/magazine.ideabellezza.it\/wp-content\/uploads\/2021\/06\/protezione-solare-per-il-corpo-270x152.jpg 270w\" sizes=\"auto, (max-width: 900px) 100vw, 900px\" \/><\/figure>\n\n\n\n<h2 class=\"wp-block-heading\">Che cos\u2019\u00e8 il fototipo e come riconoscere il tuo<\/h2>\n\n\n\n<p>Il <strong>fototipo<\/strong> \u00e8 una classificazione dermatologica basata sulla quantit\u00e0 di melanina presente naturalmente nella pelle. Indica come la cute reagisce all\u2019esposizione solare: chi ha un fototipo basso (1-2) si scotta con facilit\u00e0 e si abbronza poco; chi ha un fototipo alto (5-6) ha una protezione naturale maggiore, ma non \u00e8 esente dai danni UV.<\/p>\n\n\n\n<p>Esistono <strong>sei fototipi<\/strong>, classificati in base a colore di pelle, occhi, capelli e reazione al sole:<\/p>\n\n\n\n<figure class=\"wp-block-image size-full\"><img loading=\"lazy\" decoding=\"async\" width=\"900\" height=\"277\" src=\"https:\/\/magazine.ideabellezza.it\/wp-content\/uploads\/2021\/06\/elenco-fototipi-e-caratteristiche.jpg\" alt=\"elenco fototipi e caratteristiche\" class=\"wp-image-4917\" title=\"elenco fototipi e caratteristiche\" srcset=\"https:\/\/magazine.ideabellezza.it\/wp-content\/uploads\/2021\/06\/elenco-fototipi-e-caratteristiche.jpg 900w, https:\/\/magazine.ideabellezza.it\/wp-content\/uploads\/2021\/06\/elenco-fototipi-e-caratteristiche-300x92.jpg 300w, https:\/\/magazine.ideabellezza.it\/wp-content\/uploads\/2021\/06\/elenco-fototipi-e-caratteristiche-768x236.jpg 768w, https:\/\/magazine.ideabellezza.it\/wp-content\/uploads\/2021\/06\/elenco-fototipi-e-caratteristiche-370x114.jpg 370w, https:\/\/magazine.ideabellezza.it\/wp-content\/uploads\/2021\/06\/elenco-fototipi-e-caratteristiche-760x234.jpg 760w\" sizes=\"auto, (max-width: 900px) 100vw, 900px\" \/><\/figure>\n\n\n\n<figure class=\"wp-block-table\"><table class=\"has-fixed-layout\"><tbody><tr><td><strong>Fototipo<\/strong><\/td><td><strong>Caratteristiche<\/strong><\/td><td><strong>Reazione al sole<\/strong><\/td><td><strong>Abbronzatura<\/strong><\/td><\/tr><tr><td>1<\/td><td>Pelle lattea, capelli rossi\/biondo chiaro, occhi chiari, lentiggini<\/td><td>Si scotta sempre<\/td><td>Quasi inesistente<\/td><\/tr><tr><td>2<\/td><td>Pelle chiara, capelli biondi\/castano chiaro, occhi chiari<\/td><td>Si scotta facilmente<\/td><td>Leggera e lenta<\/td><\/tr><tr><td>3<\/td><td>Pelle intermedia, capelli castani, occhi marroni<\/td><td>Scottature moderate<\/td><td>Graduale e dorata<\/td><\/tr><tr><td>4<\/td><td>Pelle olivastra, capelli castano scuro, occhi scuri<\/td><td>Si scotta raramente<\/td><td>Facile e rapida<\/td><\/tr><tr><td>5<\/td><td>Pelle scura, capelli neri, occhi scuri<\/td><td>Scottature molto rare<\/td><td>Intensa naturale<\/td><\/tr><tr><td>6<\/td><td>Pelle molto scura, capelli neri, occhi scuri<\/td><td>Non si scotta quasi mai<\/td><td>Naturalmente scura<\/td><\/tr><\/tbody><\/table><\/figure>\n\n\n\n<p>Non sai a quale fototipo appartieni? Fai il <a href=\"https:\/\/www.ideabellezza.it\/magazine\/test-che-fototipo-sei\/\" target=\"_blank\" rel=\"noreferrer noopener\">test del fototipo di Idea Bellezza<\/a> per scoprirlo in pochi minuti.<\/p>\n\n\n\n<figure class=\"wp-block-image size-full\"><img loading=\"lazy\" decoding=\"async\" width=\"900\" height=\"502\" src=\"https:\/\/magazine.ideabellezza.it\/wp-content\/uploads\/2021\/06\/quando-mettere-protezione-solare.jpg\" alt=\"quando mettere protezione solare\" class=\"wp-image-4915\" title=\"quando mettere protezione solare\" srcset=\"https:\/\/magazine.ideabellezza.it\/wp-content\/uploads\/2021\/06\/quando-mettere-protezione-solare.jpg 900w, https:\/\/magazine.ideabellezza.it\/wp-content\/uploads\/2021\/06\/quando-mettere-protezione-solare-300x167.jpg 300w, https:\/\/magazine.ideabellezza.it\/wp-content\/uploads\/2021\/06\/quando-mettere-protezione-solare-768x428.jpg 768w, https:\/\/magazine.ideabellezza.it\/wp-content\/uploads\/2021\/06\/quando-mettere-protezione-solare-370x206.jpg 370w, https:\/\/magazine.ideabellezza.it\/wp-content\/uploads\/2021\/06\/quando-mettere-protezione-solare-760x424.jpg 760w, https:\/\/magazine.ideabellezza.it\/wp-content\/uploads\/2021\/06\/quando-mettere-protezione-solare-270x152.jpg 270w\" sizes=\"auto, (max-width: 900px) 100vw, 900px\" \/><\/figure>\n\n\n\n<h2 class=\"wp-block-heading\">SPF: cosa significa e quale fattore di protezione scegliere<\/h2>\n\n\n\n<p>La sigla <strong>SPF (Sun Protection Factor)<\/strong> indica la capacit\u00e0 di un prodotto di filtrare i raggi UVB. In termini semplici, l\u2019SPF moltiplica il tempo di autoprotezione naturale della pelle: se la tua cute comincia ad arrossarsi dopo 10 minuti senza protezione, un SPF 30 estende teoricamente quel tempo a 300 minuti. Nella pratica, per\u00f2, sudore, bagni e attrito riducono sensibilmente l\u2019efficacia, motivo per cui la riapplicazione ogni due ore resta fondamentale.<\/p>\n\n\n\n<p>La normativa europea classifica i fattori di protezione in quattro categorie:<\/p>\n\n\n\n<figure class=\"wp-block-table\"><table class=\"has-fixed-layout\"><tbody><tr><td><strong>Categoria<\/strong><\/td><td><strong>SPF<\/strong><\/td><td><strong>% UVB filtrati<\/strong><\/td><td><strong>Per chi<\/strong><\/td><\/tr><tr><td>Protezione molto alta<\/td><td>50+<\/td><td>~98 %<\/td><td>Fototipo 1-2<\/td><\/tr><tr><td>Protezione alta<\/td><td>30\u201350<\/td><td>~95-97 %<\/td><td>Fototipo 2-3<\/td><\/tr><tr><td>Protezione media<\/td><td>15\u201325<\/td><td>~93-95 %<\/td><td>Fototipo 3-4<\/td><\/tr><tr><td>Protezione bassa<\/td><td>6\u201310<\/td><td>~83-90 %<\/td><td>Fototipo 5-6<\/td><\/tr><\/tbody><\/table><\/figure>\n\n\n\n<p>Un aspetto spesso sottovalutato: la differenza di filtraggio tra un SPF 30 e un SPF 50 sembra minima in percentuale, ma a livello cutaneo \u00e8 significativa, soprattutto per le pelli chiare e per i bambini. Il consiglio dei dermatologi \u00e8 partire sempre da una <strong>protezione alta o molto alta (SPF 30-50+)<\/strong> durante le prime esposizioni, indipendentemente dal fototipo.<\/p>\n\n\n\n<figure class=\"wp-block-image size-full\"><img loading=\"lazy\" decoding=\"async\" width=\"900\" height=\"491\" src=\"https:\/\/magazine.ideabellezza.it\/wp-content\/uploads\/2021\/06\/protezione-solare-quotidiana.jpg\" alt=\"protezione solare quotidiana\" class=\"wp-image-4914\" title=\"protezione solare quotidiana\" srcset=\"https:\/\/magazine.ideabellezza.it\/wp-content\/uploads\/2021\/06\/protezione-solare-quotidiana.jpg 900w, https:\/\/magazine.ideabellezza.it\/wp-content\/uploads\/2021\/06\/protezione-solare-quotidiana-300x164.jpg 300w, https:\/\/magazine.ideabellezza.it\/wp-content\/uploads\/2021\/06\/protezione-solare-quotidiana-768x419.jpg 768w, https:\/\/magazine.ideabellezza.it\/wp-content\/uploads\/2021\/06\/protezione-solare-quotidiana-370x202.jpg 370w, https:\/\/magazine.ideabellezza.it\/wp-content\/uploads\/2021\/06\/protezione-solare-quotidiana-760x415.jpg 760w\" sizes=\"auto, (max-width: 900px) 100vw, 900px\" \/><\/figure>\n\n\n\n<h2 class=\"wp-block-heading\">Quale SPF scegliere in base al tipo di fototipo<\/h2>\n\n\n\n<p>Ecco una sintesi pratica per orientare la scelta del solare in base al proprio fototipo e alla fase di esposizione: <\/p>\n\n\n\n<figure class=\"wp-block-table\"><table class=\"has-fixed-layout\"><tbody><tr><td><strong>Fototipo<\/strong><\/td><td><strong>Prime esposizioni<\/strong><\/td><td><strong>Pelle gi\u00e0 abbronzata<\/strong><\/td><td><strong>Zone sensibili (viso, collo)<\/strong><\/td><\/tr><tr><td>1<\/td><td>SPF 50+<\/td><td>SPF 50+<\/td><td>SPF 50+<\/td><\/tr><tr><td>2<\/td><td>SPF 50+<\/td><td>SPF 30<\/td><td>SPF 50+<\/td><\/tr><tr><td>3<\/td><td>SPF 30<\/td><td>SPF 20-15<\/td><td>SPF 30-50<\/td><\/tr><tr><td>4<\/td><td>SPF 20-30<\/td><td>SPF 15<\/td><td>SPF 30<\/td><\/tr><tr><td>5<\/td><td>SPF 15-20<\/td><td>SPF 10<\/td><td>SPF 20-30<\/td><\/tr><tr><td>6<\/td><td>SPF 10-15<\/td><td>SPF 6-10<\/td><td>SPF 15-20<\/td><\/tr><\/tbody><\/table><\/figure>\n\n\n<div class=\"wp-block-image\">\n<figure class=\"aligncenter size-full\"><a href=\"https:\/\/www.ideabellezza.it\/corpo-bagno\/solari\/\" target=\"_blank\" rel=\" noreferrer noopener\"><img loading=\"lazy\" decoding=\"async\" width=\"800\" height=\"315\" src=\"https:\/\/magazine.ideabellezza.it\/wp-content\/uploads\/2021\/06\/solari-corpo-in-offerta.jpg\" alt=\"solari corpo in offerta\" class=\"wp-image-4911\" title=\"solari corpo in offerta\" srcset=\"https:\/\/magazine.ideabellezza.it\/wp-content\/uploads\/2021\/06\/solari-corpo-in-offerta.jpg 800w, https:\/\/magazine.ideabellezza.it\/wp-content\/uploads\/2021\/06\/solari-corpo-in-offerta-300x118.jpg 300w, https:\/\/magazine.ideabellezza.it\/wp-content\/uploads\/2021\/06\/solari-corpo-in-offerta-768x302.jpg 768w, https:\/\/magazine.ideabellezza.it\/wp-content\/uploads\/2021\/06\/solari-corpo-in-offerta-370x146.jpg 370w, https:\/\/magazine.ideabellezza.it\/wp-content\/uploads\/2021\/06\/solari-corpo-in-offerta-760x299.jpg 760w\" sizes=\"auto, (max-width: 800px) 100vw, 800px\" \/><\/a><\/figure>\n<\/div>\n\n\n<h2 class=\"wp-block-heading\">Filtri solari chimici e minerali: differenze e quando preferire l\u2019uno o l\u2019altro<\/h2>\n\n\n\n<p>Non tutte le creme solari proteggono allo stesso modo. La differenza principale risiede nel tipo di <strong>filtro solare<\/strong> utilizzato nella formulazione: chimico (detto anche organico) oppure minerale (detto anche fisico).<\/p>\n\n\n\n<h3 class=\"wp-block-heading\">Filtri chimici (organici)<\/h3>\n\n\n\n<p>Contengono molecole di sintesi, come avobenzone, ottisalato e ossibenzone, che assorbono i raggi UV e li convertono in calore. Offrono texture leggere e trasparenti, prive del tipico effetto bianco sulla pelle. Richiedono circa 15-20 minuti per attivarsi completamente dopo l\u2019applicazione. Possono risultare irritanti per le pelli pi\u00f9 sensibili o reattive, e alcuni filtri chimici sono oggetto di dibattito per il loro potenziale impatto ambientale sugli ecosistemi marini.<\/p>\n\n\n\n<h3 class=\"wp-block-heading\">Filtri minerali (fisici)<\/h3>\n\n\n\n<p>Basati su ossido di zinco e biossido di titanio, creano una barriera riflettente sulla superficie della pelle che devia e disperde i raggi UV. Agiscono immediatamente dopo l\u2019applicazione, sono inerti e fotostabili, quindi particolarmente indicati per pelli sensibili, soggetti con rosacea o dermatite atopica, bambini, neonati e per l\u2019uso dopo trattamenti estetici. Le formulazioni di ultima generazione, con filtri micronizzati e leggere tinte correttive, hanno ridotto notevolmente il problema della patina bianca che un tempo li rendeva poco gradevoli esteticamente.<\/p>\n\n\n\n<h3 class=\"wp-block-heading\">Quando scegliere l\u2019uno o l\u2019altro<\/h3>\n\n\n\n<p>Per pelli normali e miste, un solare con filtri chimici o combinati garantisce comfort e protezione efficace. Per pelli sensibili, reattive, con patologie cutanee o per i pi\u00f9 piccoli, i filtri minerali sono la scelta pi\u00f9 delicata e sicura. Le formulazioni pi\u00f9 avanzate combinano entrambi i tipi per offrire protezione ad ampio spettro con eccellente tollerabilit\u00e0 e cosmesi gradevole.<\/p>\n\n\n\n<figure class=\"wp-block-image size-full\"><img loading=\"lazy\" decoding=\"async\" width=\"900\" height=\"600\" src=\"https:\/\/magazine.ideabellezza.it\/wp-content\/uploads\/2021\/06\/protezione-solare-bimbo.jpg\" alt=\"protezione solare bimbo\" class=\"wp-image-4920\" title=\"protezione solare bimbo\" srcset=\"https:\/\/magazine.ideabellezza.it\/wp-content\/uploads\/2021\/06\/protezione-solare-bimbo.jpg 900w, https:\/\/magazine.ideabellezza.it\/wp-content\/uploads\/2021\/06\/protezione-solare-bimbo-300x200.jpg 300w, https:\/\/magazine.ideabellezza.it\/wp-content\/uploads\/2021\/06\/protezione-solare-bimbo-768x512.jpg 768w, https:\/\/magazine.ideabellezza.it\/wp-content\/uploads\/2021\/06\/protezione-solare-bimbo-370x247.jpg 370w, https:\/\/magazine.ideabellezza.it\/wp-content\/uploads\/2021\/06\/protezione-solare-bimbo-760x507.jpg 760w\" sizes=\"auto, (max-width: 900px) 100vw, 900px\" \/><\/figure>\n\n\n\n<h2 class=\"wp-block-heading\">Crema, latte, spray o olio: quale texture scegliere<\/h2>\n\n\n\n<p>La scelta della <strong>texture del solare<\/strong> dipende dal tipo di pelle, dalla zona da proteggere e dalla situazione d\u2019uso. Non esiste un formato universalmente migliore: ognuno ha vantaggi specifici.<\/p>\n\n\n\n<h3 class=\"wp-block-heading\">Crema solare<\/h3>\n\n\n\n<p>Texture corposa e protettiva, ideale per il viso e per le pelli secche o mature. Offre elevata persistenza e azione emolliente. Si tratta della scelta pi\u00f9 indicata quando si cerca anche un effetto nutriente e anti-et\u00e0 durante l\u2019esposizione.<\/p>\n\n\n\n<div class=\"wp-block-columns are-vertically-aligned-center is-layout-flex wp-container-core-columns-is-layout-9d6595d7 wp-block-columns-is-layout-flex\">\n<div class=\"wp-block-column is-vertically-aligned-center is-layout-flow wp-block-column-is-layout-flow\">\n<figure class=\"wp-block-image size-full\"><img loading=\"lazy\" decoding=\"async\" width=\"400\" height=\"400\" src=\"https:\/\/magazine.ideabellezza.it\/wp-content\/uploads\/2021\/06\/Sun-Protector-Cream.jpg\" alt=\"Sun Protector Cream\" class=\"wp-image-4878\" title=\"Sun Protector Cream\" srcset=\"https:\/\/magazine.ideabellezza.it\/wp-content\/uploads\/2021\/06\/Sun-Protector-Cream.jpg 400w, https:\/\/magazine.ideabellezza.it\/wp-content\/uploads\/2021\/06\/Sun-Protector-Cream-300x300.jpg 300w, https:\/\/magazine.ideabellezza.it\/wp-content\/uploads\/2021\/06\/Sun-Protector-Cream-150x150.jpg 150w, https:\/\/magazine.ideabellezza.it\/wp-content\/uploads\/2021\/06\/Sun-Protector-Cream-370x370.jpg 370w, https:\/\/magazine.ideabellezza.it\/wp-content\/uploads\/2021\/06\/Sun-Protector-Cream-146x146.jpg 146w\" sizes=\"auto, (max-width: 400px) 100vw, 400px\" \/><\/figure>\n\n\n\n<div class=\"wp-block-buttons is-content-justification-center is-layout-flex wp-container-core-buttons-is-layout-16018d1d wp-block-buttons-is-layout-flex\">\n<div class=\"wp-block-button has-custom-width wp-block-button__width-100\"><a class=\"wp-block-button__link has-background wp-element-button\" href=\"https:\/\/www.ideabellezza.it\/expert-sun-protector-cream-spf50\/\" style=\"background-color:#e2007a\" target=\"_blank\" rel=\"noreferrer noopener\">Sun Protector Cream<\/a><\/div>\n<\/div>\n<\/div>\n\n\n\n<div class=\"wp-block-column is-vertically-aligned-center is-layout-flow wp-block-column-is-layout-flow\">\n<figure class=\"wp-block-image size-full\"><img loading=\"lazy\" decoding=\"async\" width=\"400\" height=\"400\" src=\"https:\/\/magazine.ideabellezza.it\/wp-content\/uploads\/2021\/06\/Crema-Corpo-Solare-Spf-50.jpg\" alt=\"Crema Corpo Solare Spf 50\" class=\"wp-image-4880\" title=\"Crema Corpo Solare Spf 50\" srcset=\"https:\/\/magazine.ideabellezza.it\/wp-content\/uploads\/2021\/06\/Crema-Corpo-Solare-Spf-50.jpg 400w, https:\/\/magazine.ideabellezza.it\/wp-content\/uploads\/2021\/06\/Crema-Corpo-Solare-Spf-50-300x300.jpg 300w, https:\/\/magazine.ideabellezza.it\/wp-content\/uploads\/2021\/06\/Crema-Corpo-Solare-Spf-50-150x150.jpg 150w, https:\/\/magazine.ideabellezza.it\/wp-content\/uploads\/2021\/06\/Crema-Corpo-Solare-Spf-50-370x370.jpg 370w, https:\/\/magazine.ideabellezza.it\/wp-content\/uploads\/2021\/06\/Crema-Corpo-Solare-Spf-50-146x146.jpg 146w\" sizes=\"auto, (max-width: 400px) 100vw, 400px\" \/><\/figure>\n\n\n\n<div class=\"wp-block-buttons is-content-justification-center is-layout-flex wp-container-core-buttons-is-layout-16018d1d wp-block-buttons-is-layout-flex\">\n<div class=\"wp-block-button has-custom-width wp-block-button__width-100\"><a class=\"wp-block-button__link has-background wp-element-button\" href=\"https:\/\/www.ideabellezza.it\/crema-corpo-solare-spf-50-protezione-correttiva\/\" style=\"background-color:#e2007a\" target=\"_blank\" rel=\"noreferrer noopener\">Crema Corpo Spf 50<\/a><\/div>\n<\/div>\n<\/div>\n\n\n\n<div class=\"wp-block-column is-vertically-aligned-center is-layout-flow wp-block-column-is-layout-flow\">\n<figure class=\"wp-block-image size-full\"><img loading=\"lazy\" decoding=\"async\" width=\"400\" height=\"400\" src=\"https:\/\/magazine.ideabellezza.it\/wp-content\/uploads\/2021\/06\/Creme-Solaire-Jeunesse.jpg\" alt=\"Cr\u00e8me Solaire Jeunesse\" class=\"wp-image-4879\" title=\"Cr\u00e8me Solaire Jeunesse\" srcset=\"https:\/\/magazine.ideabellezza.it\/wp-content\/uploads\/2021\/06\/Creme-Solaire-Jeunesse.jpg 400w, https:\/\/magazine.ideabellezza.it\/wp-content\/uploads\/2021\/06\/Creme-Solaire-Jeunesse-300x300.jpg 300w, https:\/\/magazine.ideabellezza.it\/wp-content\/uploads\/2021\/06\/Creme-Solaire-Jeunesse-150x150.jpg 150w, https:\/\/magazine.ideabellezza.it\/wp-content\/uploads\/2021\/06\/Creme-Solaire-Jeunesse-370x370.jpg 370w, https:\/\/magazine.ideabellezza.it\/wp-content\/uploads\/2021\/06\/Creme-Solaire-Jeunesse-146x146.jpg 146w\" sizes=\"auto, (max-width: 400px) 100vw, 400px\" \/><\/figure>\n\n\n\n<div class=\"wp-block-buttons is-content-justification-center is-layout-flex wp-container-core-buttons-is-layout-16018d1d wp-block-buttons-is-layout-flex\">\n<div class=\"wp-block-button has-custom-width wp-block-button__width-100\"><a class=\"wp-block-button__link has-background wp-element-button\" href=\"https:\/\/www.ideabellezza.it\/creme-solaire-jeunesse-spf-spf-50\/\" style=\"background-color:#e2007a\" target=\"_blank\" rel=\"noreferrer noopener\">Cr\u00e8me Solaire Jeunesse<\/a><\/div>\n<\/div>\n<\/div>\n<\/div>\n\n\n\n<h3 class=\"wp-block-heading\">Latte solare<\/h3>\n\n\n\n<p>Leggero e facile da stendere su ampie superfici, il <a href=\"https:\/\/www.ideabellezza.it\/magazine\/latte-solare-migliori-prodotti\/\" target=\"_blank\" rel=\"noreferrer noopener\">latte solare<\/a> \u00e8 il formato pi\u00f9 versatile per il corpo. Si assorbe rapidamente, non lascia residui e garantisce una copertura uniforme. Ottimo per l\u2019uso familiare e per chi desidera un\u2019applicazione veloce.<\/p>\n\n\n\n<div class=\"wp-block-columns are-vertically-aligned-center is-layout-flex wp-container-core-columns-is-layout-9d6595d7 wp-block-columns-is-layout-flex\">\n<div class=\"wp-block-column is-vertically-aligned-center is-layout-flow wp-block-column-is-layout-flow\">\n<figure class=\"wp-block-image size-full\"><img loading=\"lazy\" decoding=\"async\" width=\"400\" height=\"400\" src=\"https:\/\/magazine.ideabellezza.it\/wp-content\/uploads\/2021\/06\/Solare-Latte-Spf50.jpg\" alt=\"Solare Latte Spf50+\" class=\"wp-image-4886\" title=\"Solare Latte Spf50+\" srcset=\"https:\/\/magazine.ideabellezza.it\/wp-content\/uploads\/2021\/06\/Solare-Latte-Spf50.jpg 400w, https:\/\/magazine.ideabellezza.it\/wp-content\/uploads\/2021\/06\/Solare-Latte-Spf50-300x300.jpg 300w, https:\/\/magazine.ideabellezza.it\/wp-content\/uploads\/2021\/06\/Solare-Latte-Spf50-150x150.jpg 150w, https:\/\/magazine.ideabellezza.it\/wp-content\/uploads\/2021\/06\/Solare-Latte-Spf50-370x370.jpg 370w, https:\/\/magazine.ideabellezza.it\/wp-content\/uploads\/2021\/06\/Solare-Latte-Spf50-146x146.jpg 146w\" sizes=\"auto, (max-width: 400px) 100vw, 400px\" \/><\/figure>\n\n\n\n<div class=\"wp-block-buttons is-content-justification-center is-layout-flex wp-container-core-buttons-is-layout-16018d1d wp-block-buttons-is-layout-flex\">\n<div class=\"wp-block-button has-custom-width wp-block-button__width-100\"><a class=\"wp-block-button__link has-background wp-element-button\" href=\"https:\/\/www.ideabellezza.it\/solare-latte-spf50\/\" style=\"background-color:#e2007a\" target=\"_blank\" rel=\"noreferrer noopener\">Solare Latte Spf50+<\/a><\/div>\n<\/div>\n<\/div>\n\n\n\n<div class=\"wp-block-column is-vertically-aligned-center is-layout-flow wp-block-column-is-layout-flow\">\n<figure class=\"wp-block-image size-full\"><a href=\"https:\/\/www.ideabellezza.it\/latte-protettivo-corpo-spf30\/\" target=\"_blank\" rel=\" noreferrer noopener\"><img loading=\"lazy\" decoding=\"async\" width=\"400\" height=\"400\" src=\"https:\/\/magazine.ideabellezza.it\/wp-content\/uploads\/2021\/06\/Latte-Solare-Corpo-Spf30.jpg\" alt=\"Latte Protettivo Corpo Spf30\" class=\"wp-image-4885\" title=\"Latte Protettivo Corpo Spf30\" srcset=\"https:\/\/magazine.ideabellezza.it\/wp-content\/uploads\/2021\/06\/Latte-Solare-Corpo-Spf30.jpg 400w, https:\/\/magazine.ideabellezza.it\/wp-content\/uploads\/2021\/06\/Latte-Solare-Corpo-Spf30-300x300.jpg 300w, https:\/\/magazine.ideabellezza.it\/wp-content\/uploads\/2021\/06\/Latte-Solare-Corpo-Spf30-150x150.jpg 150w, https:\/\/magazine.ideabellezza.it\/wp-content\/uploads\/2021\/06\/Latte-Solare-Corpo-Spf30-370x370.jpg 370w, https:\/\/magazine.ideabellezza.it\/wp-content\/uploads\/2021\/06\/Latte-Solare-Corpo-Spf30-146x146.jpg 146w\" sizes=\"auto, (max-width: 400px) 100vw, 400px\" \/><\/a><\/figure>\n\n\n\n<div class=\"wp-block-buttons is-content-justification-center is-layout-flex wp-container-core-buttons-is-layout-16018d1d wp-block-buttons-is-layout-flex\">\n<div class=\"wp-block-button has-custom-width wp-block-button__width-100\"><a class=\"wp-block-button__link has-background wp-element-button\" href=\"https:\/\/www.ideabellezza.it\/crema-corpo-solare-spf-50-protezione-correttiva\/\" style=\"background-color:#e2007a\" target=\"_blank\" rel=\"noreferrer noopener\">Latte Corpo Spf30<\/a><\/div>\n<\/div>\n<\/div>\n\n\n\n<div class=\"wp-block-column is-vertically-aligned-center is-layout-flow wp-block-column-is-layout-flow\">\n<figure class=\"wp-block-image size-full\"><img loading=\"lazy\" decoding=\"async\" width=\"400\" height=\"400\" src=\"https:\/\/magazine.ideabellezza.it\/wp-content\/uploads\/2021\/06\/Latte-Spray-Abbronzante.jpg\" alt=\"Latte Spray Abbronzante\" class=\"wp-image-4884\" title=\"Latte Spray Abbronzante\" srcset=\"https:\/\/magazine.ideabellezza.it\/wp-content\/uploads\/2021\/06\/Latte-Spray-Abbronzante.jpg 400w, https:\/\/magazine.ideabellezza.it\/wp-content\/uploads\/2021\/06\/Latte-Spray-Abbronzante-300x300.jpg 300w, https:\/\/magazine.ideabellezza.it\/wp-content\/uploads\/2021\/06\/Latte-Spray-Abbronzante-150x150.jpg 150w, https:\/\/magazine.ideabellezza.it\/wp-content\/uploads\/2021\/06\/Latte-Spray-Abbronzante-370x370.jpg 370w, https:\/\/magazine.ideabellezza.it\/wp-content\/uploads\/2021\/06\/Latte-Spray-Abbronzante-146x146.jpg 146w\" sizes=\"auto, (max-width: 400px) 100vw, 400px\" \/><\/figure>\n\n\n\n<div class=\"wp-block-buttons is-content-justification-center is-layout-flex wp-container-core-buttons-is-layout-16018d1d wp-block-buttons-is-layout-flex\">\n<div class=\"wp-block-button has-custom-width wp-block-button__width-100\"><a class=\"wp-block-button__link has-background wp-element-button\" href=\"https:\/\/www.ideabellezza.it\/latte-spray-abbronzante-idratante-spf50\/\" style=\"background-color:#e2007a\" target=\"_blank\" rel=\"noreferrer noopener\">Latte Solare Spray <\/a><\/div>\n<\/div>\n<\/div>\n<\/div>\n\n\n\n<h3 class=\"wp-block-heading\">Spray solare<\/h3>\n\n\n\n<p>Pratico, veloce e ideale per chi ha bisogno di riapplicare spesso la protezione. Perfetto per i bambini, per la schiena (dove \u00e8 difficile raggiungere da soli) e per le riapplicazioni rapide durante la giornata. Attenzione a non inalare il prodotto durante l\u2019applicazione e ad assicurarsi di stendere uniformemente con le mani dopo averlo spruzzato.<\/p>\n\n\n\n<div class=\"wp-block-columns are-vertically-aligned-center is-layout-flex wp-container-core-columns-is-layout-9d6595d7 wp-block-columns-is-layout-flex\">\n<div class=\"wp-block-column is-vertically-aligned-center is-layout-flow wp-block-column-is-layout-flow\">\n<figure class=\"wp-block-image size-full\"><img loading=\"lazy\" decoding=\"async\" width=\"400\" height=\"400\" src=\"https:\/\/magazine.ideabellezza.it\/wp-content\/uploads\/2021\/06\/Air-Mist-Spf-50.jpg\" alt=\"Air Mist Spf 50\" class=\"wp-image-4889\" title=\"Air Mist Spf 50\" srcset=\"https:\/\/magazine.ideabellezza.it\/wp-content\/uploads\/2021\/06\/Air-Mist-Spf-50.jpg 400w, https:\/\/magazine.ideabellezza.it\/wp-content\/uploads\/2021\/06\/Air-Mist-Spf-50-300x300.jpg 300w, https:\/\/magazine.ideabellezza.it\/wp-content\/uploads\/2021\/06\/Air-Mist-Spf-50-150x150.jpg 150w, https:\/\/magazine.ideabellezza.it\/wp-content\/uploads\/2021\/06\/Air-Mist-Spf-50-370x370.jpg 370w, https:\/\/magazine.ideabellezza.it\/wp-content\/uploads\/2021\/06\/Air-Mist-Spf-50-146x146.jpg 146w\" sizes=\"auto, (max-width: 400px) 100vw, 400px\" \/><\/figure>\n\n\n\n<div class=\"wp-block-buttons is-content-justification-center is-layout-flex wp-container-core-buttons-is-layout-16018d1d wp-block-buttons-is-layout-flex\">\n<div class=\"wp-block-button has-custom-width wp-block-button__width-100\"><a class=\"wp-block-button__link has-background wp-element-button\" href=\"https:\/\/www.ideabellezza.it\/sun-perfect-air-mist-spf-50-spray-invisibile-per-l-aria\/\" style=\"background-color:#e2007a\" target=\"_blank\" rel=\"noreferrer noopener\">Air Mist Spf 50<\/a><\/div>\n<\/div>\n<\/div>\n\n\n\n<div class=\"wp-block-column is-vertically-aligned-center is-layout-flow wp-block-column-is-layout-flow\">\n<figure class=\"wp-block-image size-full\"><img loading=\"lazy\" decoding=\"async\" width=\"400\" height=\"400\" src=\"https:\/\/magazine.ideabellezza.it\/wp-content\/uploads\/2021\/06\/30-Spf-Spray-Solare.jpg\" alt=\"30 Spf Spray Solare\" class=\"wp-image-4888\" title=\"30 Spf Spray Solare\" srcset=\"https:\/\/magazine.ideabellezza.it\/wp-content\/uploads\/2021\/06\/30-Spf-Spray-Solare.jpg 400w, https:\/\/magazine.ideabellezza.it\/wp-content\/uploads\/2021\/06\/30-Spf-Spray-Solare-300x300.jpg 300w, https:\/\/magazine.ideabellezza.it\/wp-content\/uploads\/2021\/06\/30-Spf-Spray-Solare-150x150.jpg 150w, https:\/\/magazine.ideabellezza.it\/wp-content\/uploads\/2021\/06\/30-Spf-Spray-Solare-370x370.jpg 370w, https:\/\/magazine.ideabellezza.it\/wp-content\/uploads\/2021\/06\/30-Spf-Spray-Solare-146x146.jpg 146w\" sizes=\"auto, (max-width: 400px) 100vw, 400px\" \/><\/figure>\n\n\n\n<div class=\"wp-block-buttons is-content-justification-center is-layout-flex wp-container-core-buttons-is-layout-16018d1d wp-block-buttons-is-layout-flex\">\n<div class=\"wp-block-button has-custom-width wp-block-button__width-100\"><a class=\"wp-block-button__link has-background wp-element-button\" href=\"https:\/\/www.ideabellezza.it\/dermoprotettivo-30-spf-spray-solare\/\" style=\"background-color:#e2007a\" target=\"_blank\" rel=\"noreferrer noopener\">30 Spf Spray Solare<\/a><\/div>\n<\/div>\n<\/div>\n\n\n\n<div class=\"wp-block-column is-vertically-aligned-center is-layout-flow wp-block-column-is-layout-flow\">\n<figure class=\"wp-block-image size-full\"><img loading=\"lazy\" decoding=\"async\" width=\"400\" height=\"400\" src=\"https:\/\/magazine.ideabellezza.it\/wp-content\/uploads\/2021\/06\/Spray-Corpo-Spf10.jpg\" alt=\"Spray Corpo Spf10\" class=\"wp-image-4887\" title=\"Spray Corpo Spf10\" srcset=\"https:\/\/magazine.ideabellezza.it\/wp-content\/uploads\/2021\/06\/Spray-Corpo-Spf10.jpg 400w, https:\/\/magazine.ideabellezza.it\/wp-content\/uploads\/2021\/06\/Spray-Corpo-Spf10-300x300.jpg 300w, https:\/\/magazine.ideabellezza.it\/wp-content\/uploads\/2021\/06\/Spray-Corpo-Spf10-150x150.jpg 150w, https:\/\/magazine.ideabellezza.it\/wp-content\/uploads\/2021\/06\/Spray-Corpo-Spf10-370x370.jpg 370w, https:\/\/magazine.ideabellezza.it\/wp-content\/uploads\/2021\/06\/Spray-Corpo-Spf10-146x146.jpg 146w\" sizes=\"auto, (max-width: 400px) 100vw, 400px\" \/><\/figure>\n\n\n\n<div class=\"wp-block-buttons is-content-justification-center is-layout-flex wp-container-core-buttons-is-layout-16018d1d wp-block-buttons-is-layout-flex\">\n<div class=\"wp-block-button has-custom-width wp-block-button__width-100\"><a class=\"wp-block-button__link has-background wp-element-button\" href=\"https:\/\/www.ideabellezza.it\/spray-corpo-invisible-spf10\/\" style=\"background-color:#e2007a\" target=\"_blank\" rel=\"noreferrer noopener\">Spray Corpo Spf10<\/a><\/div>\n<\/div>\n<\/div>\n<\/div>\n\n\n\n<h3 class=\"wp-block-heading\">Olio solare<\/h3>\n\n\n\n<p>Indicato per fototipi alti (5-6) o pelle gi\u00e0 abbronzata, l\u2019olio solare dona un finish luminoso e satinato ma offre generalmente una protezione pi\u00f9 bassa. Va utilizzato con consapevolezza, evitandolo durante le prime esposizioni e nelle ore centrali della giornata.<\/p>\n\n\n\n<div class=\"wp-block-columns are-vertically-aligned-center is-layout-flex wp-container-core-columns-is-layout-9d6595d7 wp-block-columns-is-layout-flex\">\n<div class=\"wp-block-column is-vertically-aligned-center is-layout-flow wp-block-column-is-layout-flow\">\n<figure class=\"wp-block-image size-full\"><img loading=\"lazy\" decoding=\"async\" width=\"400\" height=\"400\" src=\"https:\/\/magazine.ideabellezza.it\/wp-content\/uploads\/2021\/06\/Spray-Dry-Oil-Spf30.jpg\" alt=\"Spray Dry Oil Spf 30\" class=\"wp-image-4895\" title=\"Spray Dry Oil Spf 30\" srcset=\"https:\/\/magazine.ideabellezza.it\/wp-content\/uploads\/2021\/06\/Spray-Dry-Oil-Spf30.jpg 400w, https:\/\/magazine.ideabellezza.it\/wp-content\/uploads\/2021\/06\/Spray-Dry-Oil-Spf30-300x300.jpg 300w, https:\/\/magazine.ideabellezza.it\/wp-content\/uploads\/2021\/06\/Spray-Dry-Oil-Spf30-150x150.jpg 150w, https:\/\/magazine.ideabellezza.it\/wp-content\/uploads\/2021\/06\/Spray-Dry-Oil-Spf30-370x370.jpg 370w, https:\/\/magazine.ideabellezza.it\/wp-content\/uploads\/2021\/06\/Spray-Dry-Oil-Spf30-146x146.jpg 146w\" sizes=\"auto, (max-width: 400px) 100vw, 400px\" \/><\/figure>\n\n\n\n<div class=\"wp-block-buttons is-content-justification-center is-layout-flex wp-container-core-buttons-is-layout-16018d1d wp-block-buttons-is-layout-flex\">\n<div class=\"wp-block-button has-custom-width wp-block-button__width-100\"><a class=\"wp-block-button__link has-background wp-element-button\" href=\"https:\/\/www.ideabellezza.it\/glowing-protection-can-spray-dry-oil-spf30\/\" style=\"background-color:#e2007a\" target=\"_blank\" rel=\"noreferrer noopener\">Spray Dry Oil Spf 30<\/a><\/div>\n<\/div>\n<\/div>\n\n\n\n<div class=\"wp-block-column is-vertically-aligned-center is-layout-flow wp-block-column-is-layout-flow\">\n<figure class=\"wp-block-image size-full\"><img loading=\"lazy\" decoding=\"async\" width=\"400\" height=\"400\" src=\"https:\/\/magazine.ideabellezza.it\/wp-content\/uploads\/2021\/06\/Olio-Protettivo-Spf20.jpg\" alt=\"Olio Protettivo Spf20\" class=\"wp-image-4894\" title=\"Olio Protettivo Spf20\" srcset=\"https:\/\/magazine.ideabellezza.it\/wp-content\/uploads\/2021\/06\/Olio-Protettivo-Spf20.jpg 400w, https:\/\/magazine.ideabellezza.it\/wp-content\/uploads\/2021\/06\/Olio-Protettivo-Spf20-300x300.jpg 300w, https:\/\/magazine.ideabellezza.it\/wp-content\/uploads\/2021\/06\/Olio-Protettivo-Spf20-150x150.jpg 150w, https:\/\/magazine.ideabellezza.it\/wp-content\/uploads\/2021\/06\/Olio-Protettivo-Spf20-370x370.jpg 370w, https:\/\/magazine.ideabellezza.it\/wp-content\/uploads\/2021\/06\/Olio-Protettivo-Spf20-146x146.jpg 146w\" sizes=\"auto, (max-width: 400px) 100vw, 400px\" \/><\/figure>\n\n\n\n<div class=\"wp-block-buttons is-content-justification-center is-layout-flex wp-container-core-buttons-is-layout-16018d1d wp-block-buttons-is-layout-flex\">\n<div class=\"wp-block-button has-custom-width wp-block-button__width-100\"><a class=\"wp-block-button__link has-background wp-element-button\" href=\"https:\/\/www.ideabellezza.it\/ambre-solaire-ideal-bronze-olio-protettivo-spf20\/\" style=\"background-color:#e2007a\" target=\"_blank\" rel=\"noreferrer noopener\">\u00a0Olio Protettivo Spf20<\/a><\/div>\n<\/div>\n<\/div>\n\n\n\n<div class=\"wp-block-column is-vertically-aligned-center is-layout-flow wp-block-column-is-layout-flow\">\n<figure class=\"wp-block-image size-full\"><img loading=\"lazy\" decoding=\"async\" width=\"400\" height=\"400\" src=\"https:\/\/magazine.ideabellezza.it\/wp-content\/uploads\/2021\/06\/Olio-Solare-Spf30.jpg\" alt=\"Olio Solare Spf 30\" class=\"wp-image-4893\" title=\"Olio Solare Spf 30\" srcset=\"https:\/\/magazine.ideabellezza.it\/wp-content\/uploads\/2021\/06\/Olio-Solare-Spf30.jpg 400w, https:\/\/magazine.ideabellezza.it\/wp-content\/uploads\/2021\/06\/Olio-Solare-Spf30-300x300.jpg 300w, https:\/\/magazine.ideabellezza.it\/wp-content\/uploads\/2021\/06\/Olio-Solare-Spf30-150x150.jpg 150w, https:\/\/magazine.ideabellezza.it\/wp-content\/uploads\/2021\/06\/Olio-Solare-Spf30-370x370.jpg 370w, https:\/\/magazine.ideabellezza.it\/wp-content\/uploads\/2021\/06\/Olio-Solare-Spf30-146x146.jpg 146w\" sizes=\"auto, (max-width: 400px) 100vw, 400px\" \/><\/figure>\n\n\n\n<div class=\"wp-block-buttons is-content-justification-center is-layout-flex wp-container-core-buttons-is-layout-16018d1d wp-block-buttons-is-layout-flex\">\n<div class=\"wp-block-button has-custom-width wp-block-button__width-100\"><a class=\"wp-block-button__link has-background wp-element-button\" href=\"https:\/\/www.ideabellezza.it\/huile-solaire-embellissante-spf-30-150-ml\/\" style=\"background-color:#e2007a\" target=\"_blank\" rel=\"noreferrer noopener\">Olio Solare Spf 30<\/a><\/div>\n<\/div>\n<\/div>\n<\/div>\n\n\n\n<h2 class=\"wp-block-heading\">Protezione solare per il viso: perch\u00e9 serve un prodotto specifico<\/h2>\n\n\n\n<p>La pelle del viso \u00e8 pi\u00f9 sottile, pi\u00f9 esposta e pi\u00f9 soggetta a macchie e segni di invecchiamento rispetto a quella del corpo. Utilizzare lo stesso prodotto per entrambe le zone \u00e8 uno degli errori pi\u00f9 comuni: un <a href=\"https:\/\/www.ideabellezza.it\/corpo-bagno\/solari\/solari-corpo\/\" target=\"_blank\" rel=\"noreferrer noopener\">solare corpo<\/a> pu\u00f2 risultare troppo pesante, occludere i pori e causare imperfezioni sul viso.<\/p>\n\n\n\n<p>Un <strong>solare specifico per il viso<\/strong> si distingue per texture leggera e a rapido assorbimento, compatibilit\u00e0 con il make-up, finish opaco o semimatto (ideale per chi ha la pelle grassa o mista), formulazione non comedogenica e, nelle versioni pi\u00f9 evolute, attivi complementari come antiossidanti, niacinamide o acido ialuronico.<\/p>\n\n\n\n<p>Il <a href=\"https:\/\/www.ideabellezza.it\/trattamenti-viso\/solari\/solari-viso\/\" target=\"_blank\" rel=\"noreferrer noopener\">solare viso<\/a> andrebbe inserito come ultimo step della skincare routine mattutina, dopo siero e crema idratante e prima del trucco. Molte formulazioni moderne fungono da vero e proprio primer, uniformando l\u2019incarnato e preparando la pelle all\u2019applicazione del fondotinta.<\/p>\n\n\n\n<div class=\"wp-block-columns are-vertically-aligned-center is-layout-flex wp-container-core-columns-is-layout-9d6595d7 wp-block-columns-is-layout-flex\">\n<div class=\"wp-block-column is-vertically-aligned-center is-layout-flow wp-block-column-is-layout-flow\">\n<figure class=\"wp-block-image size-full\"><img loading=\"lazy\" decoding=\"async\" width=\"400\" height=\"400\" src=\"https:\/\/magazine.ideabellezza.it\/wp-content\/uploads\/2021\/06\/Bb-Cream-Spf20.jpg\" alt=\"Bb Cream Spf20\" class=\"wp-image-4901\" title=\"Bb Cream Spf20\" srcset=\"https:\/\/magazine.ideabellezza.it\/wp-content\/uploads\/2021\/06\/Bb-Cream-Spf20.jpg 400w, https:\/\/magazine.ideabellezza.it\/wp-content\/uploads\/2021\/06\/Bb-Cream-Spf20-300x300.jpg 300w, https:\/\/magazine.ideabellezza.it\/wp-content\/uploads\/2021\/06\/Bb-Cream-Spf20-150x150.jpg 150w, https:\/\/magazine.ideabellezza.it\/wp-content\/uploads\/2021\/06\/Bb-Cream-Spf20-370x370.jpg 370w, https:\/\/magazine.ideabellezza.it\/wp-content\/uploads\/2021\/06\/Bb-Cream-Spf20-146x146.jpg 146w\" sizes=\"auto, (max-width: 400px) 100vw, 400px\" \/><\/figure>\n\n\n\n<div class=\"wp-block-buttons is-content-justification-center is-layout-flex wp-container-core-buttons-is-layout-16018d1d wp-block-buttons-is-layout-flex\">\n<div class=\"wp-block-button has-custom-width wp-block-button__width-100\"><a class=\"wp-block-button__link has-background wp-element-button\" href=\"https:\/\/www.ideabellezza.it\/bb-cream-primer-tutti-i-tipi-di-pelle-spf20\/\" style=\"background-color:#e2007a\" target=\"_blank\" rel=\"noreferrer noopener\">Bb Cream Spf20<\/a><\/div>\n<\/div>\n<\/div>\n\n\n\n<div class=\"wp-block-column is-vertically-aligned-center is-layout-flow wp-block-column-is-layout-flow\">\n<figure class=\"wp-block-image size-full\"><img loading=\"lazy\" decoding=\"async\" width=\"400\" height=\"400\" src=\"https:\/\/magazine.ideabellezza.it\/wp-content\/uploads\/2021\/06\/Primer-Spf-30.jpg\" alt=\"Primer Spf 30\" class=\"wp-image-4900\" title=\"Primer Spf 30\" srcset=\"https:\/\/magazine.ideabellezza.it\/wp-content\/uploads\/2021\/06\/Primer-Spf-30.jpg 400w, https:\/\/magazine.ideabellezza.it\/wp-content\/uploads\/2021\/06\/Primer-Spf-30-300x300.jpg 300w, https:\/\/magazine.ideabellezza.it\/wp-content\/uploads\/2021\/06\/Primer-Spf-30-150x150.jpg 150w, https:\/\/magazine.ideabellezza.it\/wp-content\/uploads\/2021\/06\/Primer-Spf-30-370x370.jpg 370w, https:\/\/magazine.ideabellezza.it\/wp-content\/uploads\/2021\/06\/Primer-Spf-30-146x146.jpg 146w\" sizes=\"auto, (max-width: 400px) 100vw, 400px\" \/><\/figure>\n\n\n\n<div class=\"wp-block-buttons is-content-justification-center is-layout-flex wp-container-core-buttons-is-layout-16018d1d wp-block-buttons-is-layout-flex\">\n<div class=\"wp-block-button has-custom-width wp-block-button__width-100\"><a class=\"wp-block-button__link has-background wp-element-button\" href=\"https:\/\/www.ideabellezza.it\/uv-master-primer-spf-30-pa-mauve\/\" style=\"background-color:#e2007a\" target=\"_blank\" rel=\"noreferrer noopener\">\u00a0Primer Spf 30<\/a><\/div>\n<\/div>\n<\/div>\n\n\n\n<div class=\"wp-block-column is-vertically-aligned-center is-layout-flow wp-block-column-is-layout-flow\">\n<figure class=\"wp-block-image size-full\"><img loading=\"lazy\" decoding=\"async\" width=\"400\" height=\"400\" src=\"https:\/\/magazine.ideabellezza.it\/wp-content\/uploads\/2021\/06\/Primer-Mist-Spf45.jpg\" alt=\"Primer &amp; Mist Spf45\" class=\"wp-image-4899\" title=\"Primer &amp; Mist Spf45\" srcset=\"https:\/\/magazine.ideabellezza.it\/wp-content\/uploads\/2021\/06\/Primer-Mist-Spf45.jpg 400w, https:\/\/magazine.ideabellezza.it\/wp-content\/uploads\/2021\/06\/Primer-Mist-Spf45-300x300.jpg 300w, https:\/\/magazine.ideabellezza.it\/wp-content\/uploads\/2021\/06\/Primer-Mist-Spf45-150x150.jpg 150w, https:\/\/magazine.ideabellezza.it\/wp-content\/uploads\/2021\/06\/Primer-Mist-Spf45-370x370.jpg 370w, https:\/\/magazine.ideabellezza.it\/wp-content\/uploads\/2021\/06\/Primer-Mist-Spf45-146x146.jpg 146w\" sizes=\"auto, (max-width: 400px) 100vw, 400px\" \/><\/figure>\n\n\n\n<div class=\"wp-block-buttons is-content-justification-center is-layout-flex wp-container-core-buttons-is-layout-16018d1d wp-block-buttons-is-layout-flex\">\n<div class=\"wp-block-button has-custom-width wp-block-button__width-100\"><a class=\"wp-block-button__link has-background wp-element-button\" href=\"https:\/\/www.ideabellezza.it\/prisme-libre-primer-mist-spf45\/\" style=\"background-color:#e2007a\" target=\"_blank\" rel=\"noreferrer noopener\">Primer &amp; Mist Spf45<\/a><\/div>\n<\/div>\n<\/div>\n<\/div>\n\n\n\n<h2 class=\"wp-block-heading\">Protezione solare per bambini: regole e accortezze<\/h2>\n\n\n\n<p>La <strong>pelle dei bambini<\/strong> \u00e8 circa tre volte pi\u00f9 sensibile ai raggi UV rispetto a quella degli adulti. Lo strato corneo \u00e8 pi\u00f9 sottile, il sistema melanocitario non \u00e8 ancora completamente sviluppato e i danni solari subiti in et\u00e0 pediatrica hanno un impatto cumulativo che si manifesta in et\u00e0 adulta. Per questo la protezione solare nei pi\u00f9 piccoli richiede attenzione particolare e nessuna approssimazione.<\/p>\n\n\n\n<h3 class=\"wp-block-heading\">Neonati sotto i 6 mesi<\/h3>\n\n\n\n<p>Non devono essere esposti direttamente al sole in nessun caso. Anche all\u2019ombra, le radiazioni riflesse da sabbia, acqua e superfici chiare possono raggiungere la pelle. \u00c8 consigliabile applicare un solare delicato con filtri minerali sulle parti scoperte e privilegiare indumenti protettivi.<\/p>\n\n\n\n<h3 class=\"wp-block-heading\">Bambini da 6 mesi a 3 anni<\/h3>\n\n\n\n<p>Evitare le ore centrali (11-15), utilizzare sempre cappellino con visiera, maglietta con filtro UV, occhiali da sole con protezione certificata e crema solare SPF 50+ con filtri minerali, senza profumo n\u00e9 conservanti aggressivi. La crema va riapplicata ogni due ore e dopo ogni bagno perch\u00e9 anche la <a href=\"https:\/\/www.ideabellezza.it\/magazine\/quanto-dura-la-crema-solare-50-sulla-pelle\/\" target=\"_blank\" rel=\"noreferrer noopener\">durata della crema solare 50 sulla pelle<\/a> dipende da molti fattori.<\/p>\n\n\n\n<h3 class=\"wp-block-heading\">Bambini oltre i 3 anni<\/h3>\n\n\n\n<p>Scegliere sempre SPF 50 o 50+, preferire formule resistenti all\u2019acqua e alla sabbia, riapplicare regolarmente. La crema solare non \u00e8 un sostituto dell\u2019ombra: anche con la massima protezione, l\u2019esposizione nelle ore pi\u00f9 calde va limitata.<\/p>\n\n\n\n<div class=\"wp-block-columns are-vertically-aligned-center is-layout-flex wp-container-core-columns-is-layout-9d6595d7 wp-block-columns-is-layout-flex\">\n<div class=\"wp-block-column is-vertically-aligned-center is-layout-flow wp-block-column-is-layout-flow\">\n<figure class=\"wp-block-image size-full\"><img loading=\"lazy\" decoding=\"async\" width=\"400\" height=\"400\" src=\"https:\/\/magazine.ideabellezza.it\/wp-content\/uploads\/2021\/06\/Spray-Spf50-Anti-sabbia.jpg\" alt=\"Spray Spf50 Anti-sabbia\" class=\"wp-image-4908\" title=\"Spray Spf50 Anti-sabbia\" srcset=\"https:\/\/magazine.ideabellezza.it\/wp-content\/uploads\/2021\/06\/Spray-Spf50-Anti-sabbia.jpg 400w, https:\/\/magazine.ideabellezza.it\/wp-content\/uploads\/2021\/06\/Spray-Spf50-Anti-sabbia-300x300.jpg 300w, https:\/\/magazine.ideabellezza.it\/wp-content\/uploads\/2021\/06\/Spray-Spf50-Anti-sabbia-150x150.jpg 150w, https:\/\/magazine.ideabellezza.it\/wp-content\/uploads\/2021\/06\/Spray-Spf50-Anti-sabbia-370x370.jpg 370w, https:\/\/magazine.ideabellezza.it\/wp-content\/uploads\/2021\/06\/Spray-Spf50-Anti-sabbia-146x146.jpg 146w\" sizes=\"auto, (max-width: 400px) 100vw, 400px\" \/><\/figure>\n\n\n\n<div class=\"wp-block-buttons is-content-justification-center is-layout-flex wp-container-core-buttons-is-layout-16018d1d wp-block-buttons-is-layout-flex\">\n<div class=\"wp-block-button has-custom-width wp-block-button__width-100\"><a class=\"wp-block-button__link has-background wp-element-button\" href=\"https:\/\/www.ideabellezza.it\/ambre-solaire-advanced-sensitive-ceramide-protect-spray-aerosol-anti-sabbia\/\" style=\"background-color:#e2007a\" target=\"_blank\" rel=\"noreferrer noopener\">Spray Spf50 Anti-sabbia<\/a><\/div>\n<\/div>\n<\/div>\n\n\n\n<div class=\"wp-block-column is-vertically-aligned-center is-layout-flow wp-block-column-is-layout-flow\">\n<figure class=\"wp-block-image size-full\"><img loading=\"lazy\" decoding=\"async\" width=\"400\" height=\"400\" src=\"https:\/\/magazine.ideabellezza.it\/wp-content\/uploads\/2021\/06\/Spray-Bambino-Spf-50.jpg\" alt=\"Spray Bambino Spf50\" class=\"wp-image-4910\" title=\"Spray Bambino Spf50\" srcset=\"https:\/\/magazine.ideabellezza.it\/wp-content\/uploads\/2021\/06\/Spray-Bambino-Spf-50.jpg 400w, https:\/\/magazine.ideabellezza.it\/wp-content\/uploads\/2021\/06\/Spray-Bambino-Spf-50-300x300.jpg 300w, https:\/\/magazine.ideabellezza.it\/wp-content\/uploads\/2021\/06\/Spray-Bambino-Spf-50-150x150.jpg 150w, https:\/\/magazine.ideabellezza.it\/wp-content\/uploads\/2021\/06\/Spray-Bambino-Spf-50-370x370.jpg 370w, https:\/\/magazine.ideabellezza.it\/wp-content\/uploads\/2021\/06\/Spray-Bambino-Spf-50-146x146.jpg 146w\" sizes=\"auto, (max-width: 400px) 100vw, 400px\" \/><\/figure>\n\n\n\n<div class=\"wp-block-buttons is-content-justification-center is-layout-flex wp-container-core-buttons-is-layout-16018d1d wp-block-buttons-is-layout-flex\">\n<div class=\"wp-block-button has-custom-width wp-block-button__width-100\"><a class=\"wp-block-button__link has-background wp-element-button\" href=\"https:\/\/www.ideabellezza.it\/spray-bambino-spf-50\/\" style=\"background-color:#e2007a\" target=\"_blank\" rel=\"noreferrer noopener\">Spray Bambino Spf50<\/a><\/div>\n<\/div>\n<\/div>\n\n\n\n<div class=\"wp-block-column is-vertically-aligned-center is-layout-flow wp-block-column-is-layout-flow\">\n<figure class=\"wp-block-image size-full\"><img loading=\"lazy\" decoding=\"async\" width=\"400\" height=\"400\" src=\"https:\/\/magazine.ideabellezza.it\/wp-content\/uploads\/2021\/06\/Spray-Protettivo-Bimbi.jpg\" alt=\"Spray Protettivo Bimbi\" class=\"wp-image-4909\" title=\"Spray Protettivo Bimbi\" srcset=\"https:\/\/magazine.ideabellezza.it\/wp-content\/uploads\/2021\/06\/Spray-Protettivo-Bimbi.jpg 400w, https:\/\/magazine.ideabellezza.it\/wp-content\/uploads\/2021\/06\/Spray-Protettivo-Bimbi-300x300.jpg 300w, https:\/\/magazine.ideabellezza.it\/wp-content\/uploads\/2021\/06\/Spray-Protettivo-Bimbi-150x150.jpg 150w, https:\/\/magazine.ideabellezza.it\/wp-content\/uploads\/2021\/06\/Spray-Protettivo-Bimbi-370x370.jpg 370w, https:\/\/magazine.ideabellezza.it\/wp-content\/uploads\/2021\/06\/Spray-Protettivo-Bimbi-146x146.jpg 146w\" sizes=\"auto, (max-width: 400px) 100vw, 400px\" \/><\/figure>\n\n\n\n<div class=\"wp-block-buttons is-content-justification-center is-layout-flex wp-container-core-buttons-is-layout-16018d1d wp-block-buttons-is-layout-flex\">\n<div class=\"wp-block-button has-custom-width wp-block-button__width-100\"><a class=\"wp-block-button__link has-background wp-element-button\" href=\"https:\/\/www.ideabellezza.it\/pelli-sensibili-spray-protettivo-bimbi-spf-30-alta-uva-uvb\/\" style=\"background-color:#e2007a\" target=\"_blank\" rel=\"noreferrer noopener\">Spray Protettivo Bimbi<\/a><\/div>\n<\/div>\n<\/div>\n<\/div>\n\n\n\n<h2 class=\"wp-block-heading\">Come applicare la crema solare nel modo corretto<\/h2>\n\n\n\n<p>Scegliere il solare giusto non basta: l\u2019<strong>applicazione corretta<\/strong> fa la differenza tra una protezione reale e una solo apparente. Diversi studi dermatologici dimostrano che la maggior parte delle persone applica meno della met\u00e0 della quantit\u00e0 necessaria, riducendo drasticamente l\u2019efficacia dell\u2019SPF dichiarato.<\/p>\n\n\n\n<h3 class=\"wp-block-heading\">Quanto prodotto applicare<\/h3>\n\n\n\n<p>La regola dermatologica del cucchiaino aiuta a dosare: circa mezzo cucchiaino per il viso (collo incluso) e l\u2019equivalente di due cucchiai da tavola per il corpo intero di un adulto. Applicare una quantit\u00e0 insufficiente pu\u00f2 ridurre la protezione effettiva anche della met\u00e0.<\/p>\n\n\n\n<h3 class=\"wp-block-heading\">Quando applicare<\/h3>\n\n\n\n<p>La crema solare va stesa almeno 20-30 minuti prima dell\u2019esposizione, per consentire ai filtri di stabilizzarsi sulla pelle. La riapplicazione va effettuata ogni due ore, e anche prima se si fa il bagno, si suda abbondantemente o ci si asciuga con il telo.<\/p>\n\n\n\n<h3 class=\"wp-block-heading\">Dove non dimenticare<\/h3>\n\n\n\n<p>Le zone pi\u00f9 trascurate sono orecchie, nuca, dorso delle mani, piedi (soprattutto il collo del piede), labbra e attaccatura dei capelli. Per le labbra, utilizzare uno stick con SPF dedicato. Non dimenticare la protezione anche sotto l\u2019ombrellone e con il cielo coperto: la sabbia, l\u2019acqua e le superfici chiare riflettono i raggi UV amplificandone l\u2019effetto, e fino all\u201980 % dei raggi UV attraversa le nuvole.<\/p>\n\n\n\n<div class=\"wp-block-columns are-vertically-aligned-center is-layout-flex wp-container-core-columns-is-layout-9d6595d7 wp-block-columns-is-layout-flex\">\n<div class=\"wp-block-column is-vertically-aligned-center is-layout-flow wp-block-column-is-layout-flow\">\n<figure class=\"wp-block-image size-full\"><img loading=\"lazy\" decoding=\"async\" width=\"400\" height=\"400\" src=\"https:\/\/magazine.ideabellezza.it\/wp-content\/uploads\/2021\/06\/Stick-Solare-Labbra.jpg\" alt=\"Stick Solare Labbra\" class=\"wp-image-4904\" title=\"Stick Solare Labbra\" srcset=\"https:\/\/magazine.ideabellezza.it\/wp-content\/uploads\/2021\/06\/Stick-Solare-Labbra.jpg 400w, https:\/\/magazine.ideabellezza.it\/wp-content\/uploads\/2021\/06\/Stick-Solare-Labbra-300x300.jpg 300w, https:\/\/magazine.ideabellezza.it\/wp-content\/uploads\/2021\/06\/Stick-Solare-Labbra-150x150.jpg 150w, https:\/\/magazine.ideabellezza.it\/wp-content\/uploads\/2021\/06\/Stick-Solare-Labbra-370x370.jpg 370w, https:\/\/magazine.ideabellezza.it\/wp-content\/uploads\/2021\/06\/Stick-Solare-Labbra-146x146.jpg 146w\" sizes=\"auto, (max-width: 400px) 100vw, 400px\" \/><\/figure>\n\n\n\n<div class=\"wp-block-buttons is-content-justification-center is-layout-flex wp-container-core-buttons-is-layout-16018d1d wp-block-buttons-is-layout-flex\">\n<div class=\"wp-block-button has-custom-width wp-block-button__width-100\"><a class=\"wp-block-button__link has-background wp-element-button\" href=\"https:\/\/www.ideabellezza.it\/aloe-solare-stick-solare-labbra-protettivo-spf50-resistente-all-acqua\/\" style=\"background-color:#e2007a\" target=\"_blank\" rel=\"noreferrer noopener\">Stick Solare Labbra<\/a><\/div>\n<\/div>\n<\/div>\n\n\n\n<div class=\"wp-block-column is-vertically-aligned-center is-layout-flow wp-block-column-is-layout-flow\">\n<figure class=\"wp-block-image size-full\"><img loading=\"lazy\" decoding=\"async\" width=\"400\" height=\"400\" src=\"https:\/\/magazine.ideabellezza.it\/wp-content\/uploads\/2021\/06\/Nutriente-Labbra-Spf-25.jpg\" alt=\"Nutriente Labbra Spf 25\" class=\"wp-image-4902\" title=\"Nutriente Labbra Spf 25\" srcset=\"https:\/\/magazine.ideabellezza.it\/wp-content\/uploads\/2021\/06\/Nutriente-Labbra-Spf-25.jpg 400w, https:\/\/magazine.ideabellezza.it\/wp-content\/uploads\/2021\/06\/Nutriente-Labbra-Spf-25-300x300.jpg 300w, https:\/\/magazine.ideabellezza.it\/wp-content\/uploads\/2021\/06\/Nutriente-Labbra-Spf-25-150x150.jpg 150w, https:\/\/magazine.ideabellezza.it\/wp-content\/uploads\/2021\/06\/Nutriente-Labbra-Spf-25-370x370.jpg 370w, https:\/\/magazine.ideabellezza.it\/wp-content\/uploads\/2021\/06\/Nutriente-Labbra-Spf-25-146x146.jpg 146w\" sizes=\"auto, (max-width: 400px) 100vw, 400px\" \/><\/figure>\n\n\n\n<div class=\"wp-block-buttons is-content-justification-center is-layout-flex wp-container-core-buttons-is-layout-16018d1d wp-block-buttons-is-layout-flex\">\n<div class=\"wp-block-button has-custom-width wp-block-button__width-100\"><a class=\"wp-block-button__link has-background wp-element-button\" href=\"https:\/\/www.ideabellezza.it\/i-can-screen-nutriente-labbra-spf-25\/\" style=\"background-color:#e2007a\" target=\"_blank\" rel=\"noreferrer noopener\">Nutriente Labbra Spf 25<\/a><\/div>\n<\/div>\n<\/div>\n\n\n\n<div class=\"wp-block-column is-vertically-aligned-center is-layout-flow wp-block-column-is-layout-flow\">\n<figure class=\"wp-block-image size-full\"><img loading=\"lazy\" decoding=\"async\" width=\"400\" height=\"400\" src=\"https:\/\/magazine.ideabellezza.it\/wp-content\/uploads\/2021\/06\/Stick-Zone-Sensibili.jpg\" alt=\"Stick Protettivo Zone Sensibili\" class=\"wp-image-4903\" title=\"Stick Protettivo Zone Sensibili\" srcset=\"https:\/\/magazine.ideabellezza.it\/wp-content\/uploads\/2021\/06\/Stick-Zone-Sensibili.jpg 400w, https:\/\/magazine.ideabellezza.it\/wp-content\/uploads\/2021\/06\/Stick-Zone-Sensibili-300x300.jpg 300w, https:\/\/magazine.ideabellezza.it\/wp-content\/uploads\/2021\/06\/Stick-Zone-Sensibili-150x150.jpg 150w, https:\/\/magazine.ideabellezza.it\/wp-content\/uploads\/2021\/06\/Stick-Zone-Sensibili-370x370.jpg 370w, https:\/\/magazine.ideabellezza.it\/wp-content\/uploads\/2021\/06\/Stick-Zone-Sensibili-146x146.jpg 146w\" sizes=\"auto, (max-width: 400px) 100vw, 400px\" \/><\/figure>\n\n\n\n<div class=\"wp-block-buttons is-content-justification-center is-layout-flex wp-container-core-buttons-is-layout-16018d1d wp-block-buttons-is-layout-flex\">\n<div class=\"wp-block-button has-custom-width wp-block-button__width-100\"><a class=\"wp-block-button__link has-background wp-element-button\" href=\"https:\/\/www.ideabellezza.it\/stick-protettivo-zone-sensibili-spf50\/\" style=\"background-color:#e2007a\" target=\"_blank\" rel=\"noreferrer noopener\">Stick Zone Sensibili<\/a><\/div>\n<\/div>\n<\/div>\n<\/div>\n\n\n\n<h2 class=\"wp-block-heading\">Errori da evitare con la protezione solare<\/h2>\n\n\n\n<p>Anche con il prodotto migliore, alcuni errori comuni possono compromettere seriamente la protezione. Ecco i pi\u00f9 frequenti:<\/p>\n\n\n\n<p><strong>Usare il solare dell\u2019anno precedente<\/strong>: i filtri solari si degradano dopo l\u2019apertura. Verifica sempre il PAO (Period After Opening) sulla confezione; nella maggior parte dei casi \u00e8 di 12 mesi. Un solare aperto da pi\u00f9 tempo potrebbe non garantire pi\u00f9 la protezione dichiarata.<\/p>\n\n\n\n<p><strong>Affidarsi solo all\u2019SPF alto senza riapplicare<\/strong>: nessuna crema offre una protezione illimitata. L\u2019SPF 50+ filtra circa il 98 % dei raggi UVB, ma l\u2019efficacia cala progressivamente con sudore, acqua e attrito. L\u2019unica garanzia \u00e8 la riapplicazione regolare.<\/p>\n\n\n\n<p><strong>Pensare che la pelle scura non necessiti di protezione<\/strong>: i fototipi alti hanno una protezione naturale maggiore contro le scottature, ma restano comunque esposti ai danni UVA profondi, alle macchie e al rischio di tumori cutanei. La crema solare \u00e8 necessaria per tutti.<\/p>\n\n\n\n<p><strong>Usare la stessa crema per viso e corpo<\/strong>: le formulazioni per il viso sono studiate per essere non comedogeniche, leggere e compatibili con il trucco. Un prodotto corpo applicato sul viso pu\u00f2 ostruire i pori, appesantire la pelle e favorire la comparsa di imperfezioni.<\/p>\n\n\n\n<p><strong>Saltare la protezione nelle giornate nuvolose o in citt\u00e0<\/strong>: fino all\u201980 % dei raggi UV attraversa le nuvole. La protezione serve anche durante le attivit\u00e0 urbane quotidiane, in auto e in ufficio accanto a una finestra.<\/p>\n\n\n\n<p><strong>Applicare la crema una sola volta al mattino<\/strong>: anche i solari pi\u00f9 resistenti perdono efficacia nel corso della giornata. Il contatto con acqua, sudore e tessuti richiede una riapplicazione almeno ogni due ore per mantenere la protezione attiva.<\/p>\n\n\n\n<p>Preparati all\u2019estate con consapevolezza: scopri la selezione completa di <strong><a href=\"https:\/\/www.ideabellezza.it\/trattamenti-viso\/solari\/\" target=\"_blank\" rel=\"noreferrer noopener\">solari viso e corpo su Idea Bellezza<\/a><\/strong> e trova la protezione perfetta per la tua pelle e quella della tua famiglia.<\/p>\n\n\n<div class=\"wp-block-image\">\n<figure class=\"aligncenter size-full\"><a href=\"https:\/\/www.ideabellezza.it\/trattamenti-viso\/solari\/\" target=\"_blank\" rel=\" noreferrer noopener\"><img loading=\"lazy\" decoding=\"async\" width=\"800\" height=\"315\" src=\"https:\/\/magazine.ideabellezza.it\/wp-content\/uploads\/2021\/06\/solari-viso-in-offerta.jpg\" alt=\"solari viso in offerta\" class=\"wp-image-4912\" title=\"solari viso in offerta\" srcset=\"https:\/\/magazine.ideabellezza.it\/wp-content\/uploads\/2021\/06\/solari-viso-in-offerta.jpg 800w, https:\/\/magazine.ideabellezza.it\/wp-content\/uploads\/2021\/06\/solari-viso-in-offerta-300x118.jpg 300w, https:\/\/magazine.ideabellezza.it\/wp-content\/uploads\/2021\/06\/solari-viso-in-offerta-768x302.jpg 768w, https:\/\/magazine.ideabellezza.it\/wp-content\/uploads\/2021\/06\/solari-viso-in-offerta-370x146.jpg 370w, https:\/\/magazine.ideabellezza.it\/wp-content\/uploads\/2021\/06\/solari-viso-in-offerta-760x299.jpg 760w\" sizes=\"auto, (max-width: 800px) 100vw, 800px\" \/><\/a><\/figure>\n<\/div>\n\n\n<hr class=\"wp-block-separator has-alpha-channel-opacity is-style-wide\"\/>\n\n\n\n<h2 class=\"wp-block-heading\">FAQ \u2013 Domande frequenti sulla protezione solare<\/h2>\n\n\n\n<div class=\"schema-faq wp-block-yoast-faq-block\"><div class=\"schema-faq-section\" id=\"faq-question-1776242077814\"><h3 class=\"schema-faq-question\"><strong>Quale protezione solare usare per il viso tutti i giorni?<\/strong><\/h3> <p class=\"schema-faq-answer\">Per l\u2019uso quotidiano, scegli un solare viso con SPF 30 o 50 dalla texture leggera e opacizzante, che funzioni anche come base trucco. I fluidi con finish asciutto o i primer con SPF integrato sono i pi\u00f9 pratici, perch\u00e9 non appesantiscono la pelle e si integrano nella skincare routine mattutina senza aggiungere passaggi.<\/p> <\/div> <div class=\"schema-faq-section\" id=\"faq-question-1776242091246\"><h3 class=\"schema-faq-question\"><strong>Qual \u00e8 la differenza tra SPF 30 e SPF 50?<\/strong><\/h3> <p class=\"schema-faq-answer\">L\u2019SPF 30 filtra circa il 97 % dei raggi UVB, mentre l\u2019SPF 50 arriva al 98 %. La differenza percentuale sembra minima, ma in termini di radiazione che raggiunge effettivamente la pelle \u00e8 doppia: con SPF 30 passa circa il 3 %, con SPF 50 solo il 2 %. Per le pelli chiare, per i bambini e per chi si espone a lungo, questa differenza \u00e8 clinicamente rilevante.<\/p> <\/div> <div class=\"schema-faq-section\" id=\"faq-question-1776242101533\"><h3 class=\"schema-faq-question\"><strong>La protezione solare va messa anche sotto l\u2019ombrellone?<\/strong><\/h3> <p class=\"schema-faq-answer\">S\u00ec, assolutamente. L\u2019ombrellone non blocca completamente i raggi UV: sabbia, acqua e superfici chiare riflettono la radiazione solare, esponendo la pelle anche all\u2019ombra. La protezione va mantenuta e riapplicata regolarmente per tutta la durata della permanenza all\u2019aperto.<\/p> <\/div> <div class=\"schema-faq-section\" id=\"faq-question-1776242110250\"><h3 class=\"schema-faq-question\"><strong>Ogni quanto va riapplicata la crema solare?<\/strong><\/h3> <p class=\"schema-faq-answer\">La raccomandazione generale \u00e8 ogni due ore. La riapplicazione va effettuata anche prima delle due ore se si fa il bagno, si suda intensamente o ci si asciuga con un telo. Il sudore e l\u2019acqua riducono la persistenza dei filtri, anche di quelli dichiarati resistenti all\u2019acqua.<\/p> <\/div> <div class=\"schema-faq-section\" id=\"faq-question-1776242119831\"><h3 class=\"schema-faq-question\"><strong>Filtri chimici o minerali: quali sono pi\u00f9 sicuri?<\/strong><\/h3> <p class=\"schema-faq-answer\">Entrambi i tipi sono considerati sicuri e approvati dalla normativa europea. I filtri minerali (ossido di zinco, biossido di titanio) sono preferiti per pelli sensibili, bambini e neonati perch\u00e9 sono inerti e non penetrano nella cute. I filtri chimici offrono texture pi\u00f9 leggere e cosmeticamente gradevoli. La scelta migliore dipende dal tipo di pelle e dalle esigenze individuali.<\/p> <\/div> <div class=\"schema-faq-section\" id=\"faq-question-1776242130968\"><h3 class=\"schema-faq-question\"><strong>Si pu\u00f2 usare la crema solare come base trucco?<\/strong><\/h3> <p class=\"schema-faq-answer\">S\u00ec, a patto di scegliere un solare viso con texture fluida, finish opaco o semimatto e formulazione non comedogenica. Molti solari viso di ultima generazione sono progettati appositamente per fungere da primer sotto il fondotinta, garantendo protezione UV senza effetto lucido o appesantimento.<\/p> <\/div> <div class=\"schema-faq-section\" id=\"faq-question-1776242140570\"><h3 class=\"schema-faq-question\"><strong>La crema solare dell\u2019anno scorso \u00e8 ancora efficace?<\/strong><\/h3> <p class=\"schema-faq-answer\">Dipende: controlla il PAO (Period After Opening) sulla confezione. Se il prodotto \u00e8 stato aperto da pi\u00f9 di 12 mesi, i filtri UV potrebbero essersi degradati e la protezione non \u00e8 pi\u00f9 garantita. Se \u00e8 ancora sigillato e non ha superato la data di scadenza, pu\u00f2 essere utilizzato.<\/p> <\/div> <div class=\"schema-faq-section\" id=\"faq-question-1776242147233\"><h3 class=\"schema-faq-question\"><strong>Quale SPF scegliere per un bambino?<\/strong><\/h3> <p class=\"schema-faq-answer\">Per i bambini si raccomanda sempre un SPF 50 o 50+, con filtri preferibilmente minerali, formula senza profumo, senza alcol e resistente all\u2019acqua. Sotto i 6 mesi l\u2019esposizione diretta al sole va completamente evitata. Dai 6 mesi in su, protezione massima e riapplicazione frequente sono imprescindibili.<\/p> <\/div> <div class=\"schema-faq-section\" id=\"faq-question-1776242791883\"><h3 class=\"schema-faq-question\"><strong>La protezione solare fa venire le macchie sulla pelle?<\/strong><\/h3> <p class=\"schema-faq-answer\">No, al contrario: la protezione solare \u00e8 il principale alleato nella prevenzione delle macchie cutanee. Le macchie da sole (lentigo solari) si formano proprio a causa dell\u2019esposizione non protetta o insufficientemente protetta. Alcune formulazioni arricchite con attivi depigmentanti offrono anche un\u2019azione correttiva sulle discromie gi\u00e0 presenti.<\/p> <\/div> <\/div>\n","protected":false},"excerpt":{"rendered":"<p>Idea Bellezza ti guida nella scelta della protezione solare pi\u00f9 adatta a te, con consigli pratici e i migliori prodotti disponibili in offerta online.<\/p>\n","protected":false},"author":1,"featured_media":4913,"comment_status":"closed","ping_status":"open","sticky":true,"template":"","format":"standard","meta":{"footnotes":""},"categories":[15],"tags":[64],"class_list":["post-1634","post","type-post","status-publish","format-standard","has-post-thumbnail","hentry","category-skincare-haircare","tag-skincare"],"yoast_head":"<!-- This site is optimized with the Yoast SEO plugin v25.2 - https:\/\/yoast.com\/wordpress\/plugins\/seo\/ -->\n<title>Quale protezione solare usare: guida alla scelta dei solari -<\/title>\n<meta name=\"description\" content=\"Idea Bellezza ti guida nella scelta della protezione solare pi\u00f9 adatta, con consigli pratici e i migliori prodotti in offerta online.\" \/>\n<meta name=\"robots\" content=\"index, follow, max-snippet:-1, max-image-preview:large, max-video-preview:-1\" \/>\n<link rel=\"canonical\" href=\"https:\/\/www.ideabellezza.it\/magazine\/protezione-solare-scelta-dei-solari\/\" \/>\n<meta property=\"og:locale\" content=\"it_IT\" \/>\n<meta property=\"og:type\" content=\"article\" \/>\n<meta property=\"og:title\" content=\"Quale protezione solare usare: guida alla scelta dei solari -\" \/>\n<meta property=\"og:description\" content=\"Idea Bellezza ti guida nella scelta della protezione solare pi\u00f9 adatta, con consigli pratici e i migliori prodotti in offerta online.\" \/>\n<meta property=\"og:url\" content=\"https:\/\/www.ideabellezza.it\/magazine\/protezione-solare-scelta-dei-solari\/\" \/>\n<meta property=\"article:published_time\" content=\"2026-04-15T13:48:19+00:00\" \/>\n<meta property=\"article:modified_time\" content=\"2026-04-15T13:49:08+00:00\" \/>\n<meta property=\"og:image\" content=\"https:\/\/magazine.ideabellezza.it\/wp-content\/uploads\/2021\/06\/quale-protezione-solare-usare.jpg\" \/>\n\t<meta property=\"og:image:width\" content=\"900\" \/>\n\t<meta property=\"og:image:height\" content=\"700\" \/>\n\t<meta property=\"og:image:type\" content=\"image\/jpeg\" \/>\n<meta name=\"author\" content=\"ideabellezza\" \/>\n<meta name=\"twitter:card\" content=\"summary_large_image\" \/>\n<meta name=\"twitter:label1\" content=\"Scritto da\" \/>\n\t<meta name=\"twitter:data1\" content=\"ideabellezza\" \/>\n\t<meta name=\"twitter:label2\" content=\"Tempo di lettura stimato\" \/>\n\t<meta name=\"twitter:data2\" content=\"22 minuti\" \/>\n<script type=\"application\/ld+json\" class=\"yoast-schema-graph\">{\"@context\":\"https:\/\/schema.org\",\"@graph\":[{\"@type\":[\"WebPage\",\"FAQPage\"],\"@id\":\"https:\/\/magazine.ideabellezza.it\/protezione-solare-scelta-dei-solari\/\",\"url\":\"https:\/\/www.ideabellezza.it\/magazine\/protezione-solare-scelta-dei-solari\/\",\"name\":\"Quale protezione solare usare: guida alla scelta dei solari -\",\"isPartOf\":{\"@id\":\"https:\/\/www.ideabellezza.it\/magazine\/#website\"},\"primaryImageOfPage\":{\"@id\":\"https:\/\/www.ideabellezza.it\/magazine\/protezione-solare-scelta-dei-solari\/#primaryimage\"},\"image\":{\"@id\":\"https:\/\/www.ideabellezza.it\/magazine\/protezione-solare-scelta-dei-solari\/#primaryimage\"},\"thumbnailUrl\":\"https:\/\/magazine.ideabellezza.it\/wp-content\/uploads\/2021\/06\/quale-protezione-solare-usare.jpg\",\"datePublished\":\"2026-04-15T13:48:19+00:00\",\"dateModified\":\"2026-04-15T13:49:08+00:00\",\"author\":{\"@id\":\"https:\/\/www.ideabellezza.it\/magazine\/#\/schema\/person\/17b0f47546a3fc5dc1033bb23feffc65\"},\"description\":\"Idea Bellezza ti guida nella scelta della protezione solare pi\u00f9 adatta, con consigli pratici e i migliori prodotti in offerta online.\",\"mainEntity\":[{\"@id\":\"https:\/\/www.ideabellezza.it\/magazine\/protezione-solare-scelta-dei-solari\/#faq-question-1776242077814\"},{\"@id\":\"https:\/\/www.ideabellezza.it\/magazine\/protezione-solare-scelta-dei-solari\/#faq-question-1776242091246\"},{\"@id\":\"https:\/\/www.ideabellezza.it\/magazine\/protezione-solare-scelta-dei-solari\/#faq-question-1776242101533\"},{\"@id\":\"https:\/\/www.ideabellezza.it\/magazine\/protezione-solare-scelta-dei-solari\/#faq-question-1776242110250\"},{\"@id\":\"https:\/\/www.ideabellezza.it\/magazine\/protezione-solare-scelta-dei-solari\/#faq-question-1776242119831\"},{\"@id\":\"https:\/\/www.ideabellezza.it\/magazine\/protezione-solare-scelta-dei-solari\/#faq-question-1776242130968\"},{\"@id\":\"https:\/\/www.ideabellezza.it\/magazine\/protezione-solare-scelta-dei-solari\/#faq-question-1776242140570\"},{\"@id\":\"https:\/\/www.ideabellezza.it\/magazine\/protezione-solare-scelta-dei-solari\/#faq-question-1776242147233\"},{\"@id\":\"https:\/\/www.ideabellezza.it\/magazine\/protezione-solare-scelta-dei-solari\/#faq-question-1776242791883\"}],\"inLanguage\":\"it-IT\",\"potentialAction\":[{\"@type\":\"ReadAction\",\"target\":[\"https:\/\/www.ideabellezza.it\/magazine\/protezione-solare-scelta-dei-solari\/\"]}]},{\"@type\":\"ImageObject\",\"inLanguage\":\"it-IT\",\"@id\":\"https:\/\/www.ideabellezza.it\/magazine\/protezione-solare-scelta-dei-solari\/#primaryimage\",\"url\":\"https:\/\/magazine.ideabellezza.it\/wp-content\/uploads\/2021\/06\/quale-protezione-solare-usare.jpg\",\"contentUrl\":\"https:\/\/magazine.ideabellezza.it\/wp-content\/uploads\/2021\/06\/quale-protezione-solare-usare.jpg\",\"width\":900,\"height\":700,\"caption\":\"quale protezione solare usare\"},{\"@type\":\"WebSite\",\"@id\":\"https:\/\/www.ideabellezza.it\/magazine\/#website\",\"url\":\"https:\/\/www.ideabellezza.it\/magazine\/\",\"name\":\"\",\"description\":\"\",\"potentialAction\":[{\"@type\":\"SearchAction\",\"target\":{\"@type\":\"EntryPoint\",\"urlTemplate\":\"https:\/\/www.ideabellezza.it\/magazine\/?s={search_term_string}\"},\"query-input\":{\"@type\":\"PropertyValueSpecification\",\"valueRequired\":true,\"valueName\":\"search_term_string\"}}],\"inLanguage\":\"it-IT\"},{\"@type\":\"Person\",\"@id\":\"https:\/\/www.ideabellezza.it\/magazine\/#\/schema\/person\/17b0f47546a3fc5dc1033bb23feffc65\",\"name\":\"ideabellezza\",\"image\":{\"@type\":\"ImageObject\",\"inLanguage\":\"it-IT\",\"@id\":\"https:\/\/www.ideabellezza.it\/magazine\/#\/schema\/person\/image\/\",\"url\":\"https:\/\/secure.gravatar.com\/avatar\/60e318cb6e6de1184d3834661ba9f6209a8d536ae9c769e3662804fd574471a2?s=96&d=mm&r=g\",\"contentUrl\":\"https:\/\/secure.gravatar.com\/avatar\/60e318cb6e6de1184d3834661ba9f6209a8d536ae9c769e3662804fd574471a2?s=96&d=mm&r=g\",\"caption\":\"ideabellezza\"},\"sameAs\":[\"http:\/\/ideabellezza.it\/magazine\/IdeaBellezza\"]},{\"@type\":\"Question\",\"@id\":\"https:\/\/www.ideabellezza.it\/magazine\/protezione-solare-scelta-dei-solari\/#faq-question-1776242077814\",\"position\":1,\"url\":\"https:\/\/www.ideabellezza.it\/magazine\/protezione-solare-scelta-dei-solari\/#faq-question-1776242077814\",\"name\":\"Quale protezione solare usare per il viso tutti i giorni?\",\"answerCount\":1,\"acceptedAnswer\":{\"@type\":\"Answer\",\"text\":\"Per l\u2019uso quotidiano, scegli un solare viso con SPF 30 o 50 dalla texture leggera e opacizzante, che funzioni anche come base trucco. I fluidi con finish asciutto o i primer con SPF integrato sono i pi\u00f9 pratici, perch\u00e9 non appesantiscono la pelle e si integrano nella skincare routine mattutina senza aggiungere passaggi.\",\"inLanguage\":\"it-IT\"},\"inLanguage\":\"it-IT\"},{\"@type\":\"Question\",\"@id\":\"https:\/\/www.ideabellezza.it\/magazine\/protezione-solare-scelta-dei-solari\/#faq-question-1776242091246\",\"position\":2,\"url\":\"https:\/\/www.ideabellezza.it\/magazine\/protezione-solare-scelta-dei-solari\/#faq-question-1776242091246\",\"name\":\"Qual \u00e8 la differenza tra SPF 30 e SPF 50?\",\"answerCount\":1,\"acceptedAnswer\":{\"@type\":\"Answer\",\"text\":\"L\u2019SPF 30 filtra circa il 97 % dei raggi UVB, mentre l\u2019SPF 50 arriva al 98 %. La differenza percentuale sembra minima, ma in termini di radiazione che raggiunge effettivamente la pelle \u00e8 doppia: con SPF 30 passa circa il 3 %, con SPF 50 solo il 2 %. Per le pelli chiare, per i bambini e per chi si espone a lungo, questa differenza \u00e8 clinicamente rilevante.\",\"inLanguage\":\"it-IT\"},\"inLanguage\":\"it-IT\"},{\"@type\":\"Question\",\"@id\":\"https:\/\/www.ideabellezza.it\/magazine\/protezione-solare-scelta-dei-solari\/#faq-question-1776242101533\",\"position\":3,\"url\":\"https:\/\/www.ideabellezza.it\/magazine\/protezione-solare-scelta-dei-solari\/#faq-question-1776242101533\",\"name\":\"La protezione solare va messa anche sotto l\u2019ombrellone?\",\"answerCount\":1,\"acceptedAnswer\":{\"@type\":\"Answer\",\"text\":\"S\u00ec, assolutamente. L\u2019ombrellone non blocca completamente i raggi UV: sabbia, acqua e superfici chiare riflettono la radiazione solare, esponendo la pelle anche all\u2019ombra. La protezione va mantenuta e riapplicata regolarmente per tutta la durata della permanenza all\u2019aperto.\",\"inLanguage\":\"it-IT\"},\"inLanguage\":\"it-IT\"},{\"@type\":\"Question\",\"@id\":\"https:\/\/www.ideabellezza.it\/magazine\/protezione-solare-scelta-dei-solari\/#faq-question-1776242110250\",\"position\":4,\"url\":\"https:\/\/www.ideabellezza.it\/magazine\/protezione-solare-scelta-dei-solari\/#faq-question-1776242110250\",\"name\":\"Ogni quanto va riapplicata la crema solare?\",\"answerCount\":1,\"acceptedAnswer\":{\"@type\":\"Answer\",\"text\":\"La raccomandazione generale \u00e8 ogni due ore. La riapplicazione va effettuata anche prima delle due ore se si fa il bagno, si suda intensamente o ci si asciuga con un telo. Il sudore e l\u2019acqua riducono la persistenza dei filtri, anche di quelli dichiarati resistenti all\u2019acqua.\",\"inLanguage\":\"it-IT\"},\"inLanguage\":\"it-IT\"},{\"@type\":\"Question\",\"@id\":\"https:\/\/www.ideabellezza.it\/magazine\/protezione-solare-scelta-dei-solari\/#faq-question-1776242119831\",\"position\":5,\"url\":\"https:\/\/www.ideabellezza.it\/magazine\/protezione-solare-scelta-dei-solari\/#faq-question-1776242119831\",\"name\":\"Filtri chimici o minerali: quali sono pi\u00f9 sicuri?\",\"answerCount\":1,\"acceptedAnswer\":{\"@type\":\"Answer\",\"text\":\"Entrambi i tipi sono considerati sicuri e approvati dalla normativa europea. I filtri minerali (ossido di zinco, biossido di titanio) sono preferiti per pelli sensibili, bambini e neonati perch\u00e9 sono inerti e non penetrano nella cute. I filtri chimici offrono texture pi\u00f9 leggere e cosmeticamente gradevoli. La scelta migliore dipende dal tipo di pelle e dalle esigenze individuali.\",\"inLanguage\":\"it-IT\"},\"inLanguage\":\"it-IT\"},{\"@type\":\"Question\",\"@id\":\"https:\/\/www.ideabellezza.it\/magazine\/protezione-solare-scelta-dei-solari\/#faq-question-1776242130968\",\"position\":6,\"url\":\"https:\/\/www.ideabellezza.it\/magazine\/protezione-solare-scelta-dei-solari\/#faq-question-1776242130968\",\"name\":\"Si pu\u00f2 usare la crema solare come base trucco?\",\"answerCount\":1,\"acceptedAnswer\":{\"@type\":\"Answer\",\"text\":\"S\u00ec, a patto di scegliere un solare viso con texture fluida, finish opaco o semimatto e formulazione non comedogenica. Molti solari viso di ultima generazione sono progettati appositamente per fungere da primer sotto il fondotinta, garantendo protezione UV senza effetto lucido o appesantimento.\",\"inLanguage\":\"it-IT\"},\"inLanguage\":\"it-IT\"},{\"@type\":\"Question\",\"@id\":\"https:\/\/www.ideabellezza.it\/magazine\/protezione-solare-scelta-dei-solari\/#faq-question-1776242140570\",\"position\":7,\"url\":\"https:\/\/www.ideabellezza.it\/magazine\/protezione-solare-scelta-dei-solari\/#faq-question-1776242140570\",\"name\":\"La crema solare dell\u2019anno scorso \u00e8 ancora efficace?\",\"answerCount\":1,\"acceptedAnswer\":{\"@type\":\"Answer\",\"text\":\"Dipende: controlla il PAO (Period After Opening) sulla confezione. Se il prodotto \u00e8 stato aperto da pi\u00f9 di 12 mesi, i filtri UV potrebbero essersi degradati e la protezione non \u00e8 pi\u00f9 garantita. Se \u00e8 ancora sigillato e non ha superato la data di scadenza, pu\u00f2 essere utilizzato.\",\"inLanguage\":\"it-IT\"},\"inLanguage\":\"it-IT\"},{\"@type\":\"Question\",\"@id\":\"https:\/\/www.ideabellezza.it\/magazine\/protezione-solare-scelta-dei-solari\/#faq-question-1776242147233\",\"position\":8,\"url\":\"https:\/\/www.ideabellezza.it\/magazine\/protezione-solare-scelta-dei-solari\/#faq-question-1776242147233\",\"name\":\"Quale SPF scegliere per un bambino?\",\"answerCount\":1,\"acceptedAnswer\":{\"@type\":\"Answer\",\"text\":\"Per i bambini si raccomanda sempre un SPF 50 o 50+, con filtri preferibilmente minerali, formula senza profumo, senza alcol e resistente all\u2019acqua. Sotto i 6 mesi l\u2019esposizione diretta al sole va completamente evitata. Dai 6 mesi in su, protezione massima e riapplicazione frequente sono imprescindibili.\",\"inLanguage\":\"it-IT\"},\"inLanguage\":\"it-IT\"},{\"@type\":\"Question\",\"@id\":\"https:\/\/www.ideabellezza.it\/magazine\/protezione-solare-scelta-dei-solari\/#faq-question-1776242791883\",\"position\":9,\"url\":\"https:\/\/www.ideabellezza.it\/magazine\/protezione-solare-scelta-dei-solari\/#faq-question-1776242791883\",\"name\":\"La protezione solare fa venire le macchie sulla pelle?\",\"answerCount\":1,\"acceptedAnswer\":{\"@type\":\"Answer\",\"text\":\"No, al contrario: la protezione solare \u00e8 il principale alleato nella prevenzione delle macchie cutanee. Le macchie da sole (lentigo solari) si formano proprio a causa dell\u2019esposizione non protetta o insufficientemente protetta. Alcune formulazioni arricchite con attivi depigmentanti offrono anche un\u2019azione correttiva sulle discromie gi\u00e0 presenti.\",\"inLanguage\":\"it-IT\"},\"inLanguage\":\"it-IT\"}]}<\/script>\n<!-- \/ Yoast SEO plugin. -->","yoast_head_json":{"title":"Quale protezione solare usare: guida alla scelta dei solari -","description":"Idea Bellezza ti guida nella scelta della protezione solare pi\u00f9 adatta, con consigli pratici e i migliori prodotti in offerta online.","robots":{"index":"index","follow":"follow","max-snippet":"max-snippet:-1","max-image-preview":"max-image-preview:large","max-video-preview":"max-video-preview:-1"},"canonical":"https:\/\/www.ideabellezza.it\/magazine\/protezione-solare-scelta-dei-solari\/","og_locale":"it_IT","og_type":"article","og_title":"Quale protezione solare usare: guida alla scelta dei solari -","og_description":"Idea Bellezza ti guida nella scelta della protezione solare pi\u00f9 adatta, con consigli pratici e i migliori prodotti in offerta online.","og_url":"https:\/\/www.ideabellezza.it\/magazine\/protezione-solare-scelta-dei-solari\/","article_published_time":"2026-04-15T13:48:19+00:00","article_modified_time":"2026-04-15T13:49:08+00:00","og_image":[{"width":900,"height":700,"url":"https:\/\/magazine.ideabellezza.it\/wp-content\/uploads\/2021\/06\/quale-protezione-solare-usare.jpg","type":"image\/jpeg"}],"author":"ideabellezza","twitter_card":"summary_large_image","twitter_misc":{"Scritto da":"ideabellezza","Tempo di lettura stimato":"22 minuti"},"schema":{"@context":"https:\/\/schema.org","@graph":[{"@type":["WebPage","FAQPage"],"@id":"https:\/\/magazine.ideabellezza.it\/protezione-solare-scelta-dei-solari\/","url":"https:\/\/www.ideabellezza.it\/magazine\/protezione-solare-scelta-dei-solari\/","name":"Quale protezione solare usare: guida alla scelta dei solari -","isPartOf":{"@id":"https:\/\/www.ideabellezza.it\/magazine\/#website"},"primaryImageOfPage":{"@id":"https:\/\/www.ideabellezza.it\/magazine\/protezione-solare-scelta-dei-solari\/#primaryimage"},"image":{"@id":"https:\/\/www.ideabellezza.it\/magazine\/protezione-solare-scelta-dei-solari\/#primaryimage"},"thumbnailUrl":"https:\/\/magazine.ideabellezza.it\/wp-content\/uploads\/2021\/06\/quale-protezione-solare-usare.jpg","datePublished":"2026-04-15T13:48:19+00:00","dateModified":"2026-04-15T13:49:08+00:00","author":{"@id":"https:\/\/www.ideabellezza.it\/magazine\/#\/schema\/person\/17b0f47546a3fc5dc1033bb23feffc65"},"description":"Idea Bellezza ti guida nella scelta della protezione solare pi\u00f9 adatta, con consigli pratici e i migliori prodotti in offerta online.","mainEntity":[{"@id":"https:\/\/www.ideabellezza.it\/magazine\/protezione-solare-scelta-dei-solari\/#faq-question-1776242077814"},{"@id":"https:\/\/www.ideabellezza.it\/magazine\/protezione-solare-scelta-dei-solari\/#faq-question-1776242091246"},{"@id":"https:\/\/www.ideabellezza.it\/magazine\/protezione-solare-scelta-dei-solari\/#faq-question-1776242101533"},{"@id":"https:\/\/www.ideabellezza.it\/magazine\/protezione-solare-scelta-dei-solari\/#faq-question-1776242110250"},{"@id":"https:\/\/www.ideabellezza.it\/magazine\/protezione-solare-scelta-dei-solari\/#faq-question-1776242119831"},{"@id":"https:\/\/www.ideabellezza.it\/magazine\/protezione-solare-scelta-dei-solari\/#faq-question-1776242130968"},{"@id":"https:\/\/www.ideabellezza.it\/magazine\/protezione-solare-scelta-dei-solari\/#faq-question-1776242140570"},{"@id":"https:\/\/www.ideabellezza.it\/magazine\/protezione-solare-scelta-dei-solari\/#faq-question-1776242147233"},{"@id":"https:\/\/www.ideabellezza.it\/magazine\/protezione-solare-scelta-dei-solari\/#faq-question-1776242791883"}],"inLanguage":"it-IT","potentialAction":[{"@type":"ReadAction","target":["https:\/\/www.ideabellezza.it\/magazine\/protezione-solare-scelta-dei-solari\/"]}]},{"@type":"ImageObject","inLanguage":"it-IT","@id":"https:\/\/www.ideabellezza.it\/magazine\/protezione-solare-scelta-dei-solari\/#primaryimage","url":"https:\/\/magazine.ideabellezza.it\/wp-content\/uploads\/2021\/06\/quale-protezione-solare-usare.jpg","contentUrl":"https:\/\/magazine.ideabellezza.it\/wp-content\/uploads\/2021\/06\/quale-protezione-solare-usare.jpg","width":900,"height":700,"caption":"quale protezione solare usare"},{"@type":"WebSite","@id":"https:\/\/www.ideabellezza.it\/magazine\/#website","url":"https:\/\/www.ideabellezza.it\/magazine\/","name":"","description":"","potentialAction":[{"@type":"SearchAction","target":{"@type":"EntryPoint","urlTemplate":"https:\/\/www.ideabellezza.it\/magazine\/?s={search_term_string}"},"query-input":{"@type":"PropertyValueSpecification","valueRequired":true,"valueName":"search_term_string"}}],"inLanguage":"it-IT"},{"@type":"Person","@id":"https:\/\/www.ideabellezza.it\/magazine\/#\/schema\/person\/17b0f47546a3fc5dc1033bb23feffc65","name":"ideabellezza","image":{"@type":"ImageObject","inLanguage":"it-IT","@id":"https:\/\/www.ideabellezza.it\/magazine\/#\/schema\/person\/image\/","url":"https:\/\/secure.gravatar.com\/avatar\/60e318cb6e6de1184d3834661ba9f6209a8d536ae9c769e3662804fd574471a2?s=96&d=mm&r=g","contentUrl":"https:\/\/secure.gravatar.com\/avatar\/60e318cb6e6de1184d3834661ba9f6209a8d536ae9c769e3662804fd574471a2?s=96&d=mm&r=g","caption":"ideabellezza"},"sameAs":["http:\/\/ideabellezza.it\/magazine\/IdeaBellezza"]},{"@type":"Question","@id":"https:\/\/www.ideabellezza.it\/magazine\/protezione-solare-scelta-dei-solari\/#faq-question-1776242077814","position":1,"url":"https:\/\/www.ideabellezza.it\/magazine\/protezione-solare-scelta-dei-solari\/#faq-question-1776242077814","name":"Quale protezione solare usare per il viso tutti i giorni?","answerCount":1,"acceptedAnswer":{"@type":"Answer","text":"Per l\u2019uso quotidiano, scegli un solare viso con SPF 30 o 50 dalla texture leggera e opacizzante, che funzioni anche come base trucco. I fluidi con finish asciutto o i primer con SPF integrato sono i pi\u00f9 pratici, perch\u00e9 non appesantiscono la pelle e si integrano nella skincare routine mattutina senza aggiungere passaggi.","inLanguage":"it-IT"},"inLanguage":"it-IT"},{"@type":"Question","@id":"https:\/\/www.ideabellezza.it\/magazine\/protezione-solare-scelta-dei-solari\/#faq-question-1776242091246","position":2,"url":"https:\/\/www.ideabellezza.it\/magazine\/protezione-solare-scelta-dei-solari\/#faq-question-1776242091246","name":"Qual \u00e8 la differenza tra SPF 30 e SPF 50?","answerCount":1,"acceptedAnswer":{"@type":"Answer","text":"L\u2019SPF 30 filtra circa il 97 % dei raggi UVB, mentre l\u2019SPF 50 arriva al 98 %. La differenza percentuale sembra minima, ma in termini di radiazione che raggiunge effettivamente la pelle \u00e8 doppia: con SPF 30 passa circa il 3 %, con SPF 50 solo il 2 %. Per le pelli chiare, per i bambini e per chi si espone a lungo, questa differenza \u00e8 clinicamente rilevante.","inLanguage":"it-IT"},"inLanguage":"it-IT"},{"@type":"Question","@id":"https:\/\/www.ideabellezza.it\/magazine\/protezione-solare-scelta-dei-solari\/#faq-question-1776242101533","position":3,"url":"https:\/\/www.ideabellezza.it\/magazine\/protezione-solare-scelta-dei-solari\/#faq-question-1776242101533","name":"La protezione solare va messa anche sotto l\u2019ombrellone?","answerCount":1,"acceptedAnswer":{"@type":"Answer","text":"S\u00ec, assolutamente. L\u2019ombrellone non blocca completamente i raggi UV: sabbia, acqua e superfici chiare riflettono la radiazione solare, esponendo la pelle anche all\u2019ombra. La protezione va mantenuta e riapplicata regolarmente per tutta la durata della permanenza all\u2019aperto.","inLanguage":"it-IT"},"inLanguage":"it-IT"},{"@type":"Question","@id":"https:\/\/www.ideabellezza.it\/magazine\/protezione-solare-scelta-dei-solari\/#faq-question-1776242110250","position":4,"url":"https:\/\/www.ideabellezza.it\/magazine\/protezione-solare-scelta-dei-solari\/#faq-question-1776242110250","name":"Ogni quanto va riapplicata la crema solare?","answerCount":1,"acceptedAnswer":{"@type":"Answer","text":"La raccomandazione generale \u00e8 ogni due ore. La riapplicazione va effettuata anche prima delle due ore se si fa il bagno, si suda intensamente o ci si asciuga con un telo. Il sudore e l\u2019acqua riducono la persistenza dei filtri, anche di quelli dichiarati resistenti all\u2019acqua.","inLanguage":"it-IT"},"inLanguage":"it-IT"},{"@type":"Question","@id":"https:\/\/www.ideabellezza.it\/magazine\/protezione-solare-scelta-dei-solari\/#faq-question-1776242119831","position":5,"url":"https:\/\/www.ideabellezza.it\/magazine\/protezione-solare-scelta-dei-solari\/#faq-question-1776242119831","name":"Filtri chimici o minerali: quali sono pi\u00f9 sicuri?","answerCount":1,"acceptedAnswer":{"@type":"Answer","text":"Entrambi i tipi sono considerati sicuri e approvati dalla normativa europea. I filtri minerali (ossido di zinco, biossido di titanio) sono preferiti per pelli sensibili, bambini e neonati perch\u00e9 sono inerti e non penetrano nella cute. I filtri chimici offrono texture pi\u00f9 leggere e cosmeticamente gradevoli. La scelta migliore dipende dal tipo di pelle e dalle esigenze individuali.","inLanguage":"it-IT"},"inLanguage":"it-IT"},{"@type":"Question","@id":"https:\/\/www.ideabellezza.it\/magazine\/protezione-solare-scelta-dei-solari\/#faq-question-1776242130968","position":6,"url":"https:\/\/www.ideabellezza.it\/magazine\/protezione-solare-scelta-dei-solari\/#faq-question-1776242130968","name":"Si pu\u00f2 usare la crema solare come base trucco?","answerCount":1,"acceptedAnswer":{"@type":"Answer","text":"S\u00ec, a patto di scegliere un solare viso con texture fluida, finish opaco o semimatto e formulazione non comedogenica. Molti solari viso di ultima generazione sono progettati appositamente per fungere da primer sotto il fondotinta, garantendo protezione UV senza effetto lucido o appesantimento.","inLanguage":"it-IT"},"inLanguage":"it-IT"},{"@type":"Question","@id":"https:\/\/www.ideabellezza.it\/magazine\/protezione-solare-scelta-dei-solari\/#faq-question-1776242140570","position":7,"url":"https:\/\/www.ideabellezza.it\/magazine\/protezione-solare-scelta-dei-solari\/#faq-question-1776242140570","name":"La crema solare dell\u2019anno scorso \u00e8 ancora efficace?","answerCount":1,"acceptedAnswer":{"@type":"Answer","text":"Dipende: controlla il PAO (Period After Opening) sulla confezione. Se il prodotto \u00e8 stato aperto da pi\u00f9 di 12 mesi, i filtri UV potrebbero essersi degradati e la protezione non \u00e8 pi\u00f9 garantita. Se \u00e8 ancora sigillato e non ha superato la data di scadenza, pu\u00f2 essere utilizzato.","inLanguage":"it-IT"},"inLanguage":"it-IT"},{"@type":"Question","@id":"https:\/\/www.ideabellezza.it\/magazine\/protezione-solare-scelta-dei-solari\/#faq-question-1776242147233","position":8,"url":"https:\/\/www.ideabellezza.it\/magazine\/protezione-solare-scelta-dei-solari\/#faq-question-1776242147233","name":"Quale SPF scegliere per un bambino?","answerCount":1,"acceptedAnswer":{"@type":"Answer","text":"Per i bambini si raccomanda sempre un SPF 50 o 50+, con filtri preferibilmente minerali, formula senza profumo, senza alcol e resistente all\u2019acqua. Sotto i 6 mesi l\u2019esposizione diretta al sole va completamente evitata. Dai 6 mesi in su, protezione massima e riapplicazione frequente sono imprescindibili.","inLanguage":"it-IT"},"inLanguage":"it-IT"},{"@type":"Question","@id":"https:\/\/www.ideabellezza.it\/magazine\/protezione-solare-scelta-dei-solari\/#faq-question-1776242791883","position":9,"url":"https:\/\/www.ideabellezza.it\/magazine\/protezione-solare-scelta-dei-solari\/#faq-question-1776242791883","name":"La protezione solare fa venire le macchie sulla pelle?","answerCount":1,"acceptedAnswer":{"@type":"Answer","text":"No, al contrario: la protezione solare \u00e8 il principale alleato nella prevenzione delle macchie cutanee. Le macchie da sole (lentigo solari) si formano proprio a causa dell\u2019esposizione non protetta o insufficientemente protetta. Alcune formulazioni arricchite con attivi depigmentanti offrono anche un\u2019azione correttiva sulle discromie gi\u00e0 presenti.","inLanguage":"it-IT"},"inLanguage":"it-IT"}]}},"_links":{"self":[{"href":"https:\/\/www.ideabellezza.it\/magazine\/wp-json\/wp\/v2\/posts\/1634","targetHints":{"allow":["GET"]}}],"collection":[{"href":"https:\/\/www.ideabellezza.it\/magazine\/wp-json\/wp\/v2\/posts"}],"about":[{"href":"https:\/\/www.ideabellezza.it\/magazine\/wp-json\/wp\/v2\/types\/post"}],"author":[{"embeddable":true,"href":"https:\/\/www.ideabellezza.it\/magazine\/wp-json\/wp\/v2\/users\/1"}],"replies":[{"embeddable":true,"href":"https:\/\/www.ideabellezza.it\/magazine\/wp-json\/wp\/v2\/comments?post=1634"}],"version-history":[{"count":12,"href":"https:\/\/www.ideabellezza.it\/magazine\/wp-json\/wp\/v2\/posts\/1634\/revisions"}],"predecessor-version":[{"id":4923,"href":"https:\/\/www.ideabellezza.it\/magazine\/wp-json\/wp\/v2\/posts\/1634\/revisions\/4923"}],"wp:featuredmedia":[{"embeddable":true,"href":"https:\/\/www.ideabellezza.it\/magazine\/wp-json\/wp\/v2\/media\/4913"}],"wp:attachment":[{"href":"https:\/\/www.ideabellezza.it\/magazine\/wp-json\/wp\/v2\/media?parent=1634"}],"wp:term":[{"taxonomy":"category","embeddable":true,"href":"https:\/\/www.ideabellezza.it\/magazine\/wp-json\/wp\/v2\/categories?post=1634"},{"taxonomy":"post_tag","embeddable":true,"href":"https:\/\/www.ideabellezza.it\/magazine\/wp-json\/wp\/v2\/tags?post=1634"}],"curies":[{"name":"wp","href":"https:\/\/api.w.org\/{rel}","templated":true}]}}