{"id":2065,"date":"2022-05-02T16:24:37","date_gmt":"2022-05-02T14:24:37","guid":{"rendered":"https:\/\/www.ideabellezza.it\/magazine\/?p=2065"},"modified":"2023-12-07T10:24:37","modified_gmt":"2023-12-07T09:24:37","slug":"come-trattare-i-capelli-colorati","status":"publish","type":"post","link":"https:\/\/www.ideabellezza.it\/magazine\/come-trattare-i-capelli-colorati\/","title":{"rendered":"Come trattare i capelli colorati"},"content":{"rendered":"\n<p>I capelli tinti sono sottoposti a stress a causa di lavorazioni particolarmente laboriose e processi chimici che ne modificano il colore. Le <strong>chiome colorate<\/strong> appaiono spesso opache, spente e sfibrate, con capelli colorati e fragili che si spezzano.<\/p>\n\n\n\n<p>Il colore, poi, tende a sbiadire con il passare del tempo e spesso si trasforma in un\u2019altra tonalit\u00e0 con risultati davvero poco gradevoli. \u00c8 necessario procedere con alcune accortezze per fare in modo di conservare un <strong>colore di capelli brillante<\/strong> e sempre vivido.<\/p>\n\n\n\n<p>Seguiamo i consigli di <a href=\"https:\/\/www.ideabellezza.it\/\">Idea Bellezza<\/a> per trattare nel modo giusto i capelli colorati, dal lavaggio all\u2019acconciatura, scegliendo i prodotti ideali!<\/p>\n\n\n\n<figure class=\"wp-block-image size-large\"><img decoding=\"async\" src=\"https:\/\/magazine.ideabellezza.it\/wp-content\/uploads\/2022\/05\/capelli-colori.jpg\" alt=\"capelli e colori\"\/><\/figure>\n\n\n\n<h2 class=\"wp-block-heading\">Come lavare i capelli colorati<\/h2>\n\n\n\n<p>Tutto comincia dalla fase della detersione. \u00c8 importante scegliere uno <strong>shampoo specifico per capelli tinti<\/strong> che non risulter\u00e0 aggressivo su cute e fusti, lasciando il colore pieno e luminoso. Allo shampoo segue il balsamo, che di solito \u00e8 presente nella stessa linea: servir\u00e0 a nutrire i capelli donando loro nuovo vigore. Stesso discorso per la maschera: scegliamo un trattamento per capelli colorati, lasciando in posa il prodotto per il tempo necessario prima di risciacquare con cura.<\/p>\n\n\n\n<p>La fase di asciugatura dei capelli tinti comincia tamponando la chioma dolcemente con un asciugamano senza strofinare. A questo punto districhiamo bene i capelli aiutandoci con una spazzola apposita che scioglie i nodi senza spezzarli. Sui <strong>capelli colorati<\/strong> gli strumenti che utilizzano il calore vanno usati con moderazione: il phon va impostato su una potenza media e non deve essere avvicinato troppo ai capelli, ad esempio.<\/p>\n\n\n\n<p>L\u2019estate \u00e8 la stagione che mette maggiormente alla prova i capelli colorati: il sole, il vento e i bagni nell\u2019acqua del mare o della piscina tendono a seccare ulteriormente i capelli gi\u00e0 stressati. La prima cosa da fare \u00e8 quella di <strong>proteggere i capelli<\/strong> con una protezione solare specifica che ne evita lo scolorimento!<\/p>\n\n\n\n<figure class=\"wp-block-image size-large\"><img decoding=\"async\" src=\"https:\/\/magazine.ideabellezza.it\/wp-content\/uploads\/2022\/05\/capelli-tinti.jpg\" alt=\"capelli tinti\"\/><\/figure>\n\n\n\n<h2 class=\"wp-block-heading\">I migliori prodotti per capelli colorati<\/h2>\n\n\n\n<p>I capelli colorati hanno bisogno di molta attenzione e dei prodotti giusti: ecco quelli che Idea Bellezza ha selezionato per te! Scopriamo le migliori linee dedicati alla <strong>cura quotidiana dei capelli tinti<\/strong>!<\/p>\n\n\n\n<p><a href=\"https:\/\/www.ideabellezza.it\/gcube\/130722-shampoo-capelli-colorati.html\">GCUBE-Shampoo capelli colorati<\/a><\/p>\n\n\n\n<p>Uno shampoo rigenerante a base di Cheratina, Acido Ialuronico ed Estratto di Cellule Staminali Vegetali che ridona vigore ai capelli danneggiati e li proteggere dai raggi UV. Per un risultato ottimale utilizziamo anche gli altri prodotti della stessa linea <a href=\"https:\/\/www.ideabellezza.it\/gcube\/130723-maschera-capelli-colorati.html\">GC MASCHERA CAPELLI COLORATI<\/a> e <a href=\"https:\/\/www.ideabellezza.it\/gcube\/130724-spray-capelli-colorati.html\">GC CREMA SPAY CAPELLI COLORATI<\/a>.<\/p>\n\n\n\n<p><a href=\"https:\/\/www.ideabellezza.it\/elvive\/128310-elvive-color-vive-per-capelli-colorati-285-ml.html\">ELVIVE- Color-Vive Per Capelli Colorati<\/a><\/p>\n\n\n\n<p>La linea Color Vive con fissatore di colore e filtri UVA\/UVB \u00e8 specificatamente studiata per i capelli tinti o con meches. Oltre a nutrire in profondit\u00e0 il capello, crea uno strato protettivo che garantisce la luminosit\u00e0 del colore e lo conserva pi\u00f9 vivo e pi\u00f9 a lungo. Dopo lo shampoo applicare <a href=\"https:\/\/www.ideabellezza.it\/elvive\/128413-balsamo-crema-protettivo-capelli-colorati-o-meches-250-ml.html\">ELVIVE-Balsamo crema protettivo capelli colorati o meches<\/a>.<\/p>\n\n\n\n<p><a href=\"https:\/\/www.ideabellezza.it\/fructis\/10702-color-resist-shampoo-per-capelli-colorati-250-ml.html\">FRUCTIS-Color Resist &#8211; Shampoo per Capelli Colorati<\/a><\/p>\n\n\n\n<p>La grande esperiena Fructis ha messo a punto una linea di prodotti creata a partire dai polofenoli estratti dai semi d&#8217;uva, noti per le loro propriet\u00e0 antiossidanti, e dall&#8217;estratto di bacche di A\u00e7ai: i capelli sono nutriti in profondit\u00e0 e appaiono immediatamente brillanti. Consigliamo anche l\u2019utilizzo di <a href=\"https:\/\/www.ideabellezza.it\/fructis\/10452-color-resist-balsamo-per-capelli-colorati-200-ml.html\">FRUCTIS-Color Resist &#8211; Balsamo per Capelli Colorati<\/a>.<\/p>\n\n\n\n<figure class=\"wp-block-image size-large\"><img decoding=\"async\" src=\"https:\/\/magazine.ideabellezza.it\/wp-content\/uploads\/2022\/05\/trattare-capelli-colorati.jpg\" alt=\"trattare capelli colorati\"\/><\/figure>\n\n\n\n<p><a href=\"https:\/\/www.ideabellezza.it\/gliss\/128726-hair-repair-colore-brillante-shampoo-protezione-colore-250-ml.html\">GLISS- Hair Repair Colore Brillante Shampoo Protezione Colore<\/a><\/p>\n\n\n\n<p>I capelli tinti hanno tante esigenze, a cui risponde in pieno la linea Gliss Colore Brillante grazie alla formula con Filtro UV + Olio di Noce Brasiliana. Questi prodotti rinforzano la struttura del capello e sigillano le cuticole per proteggere il colore pi\u00f9 a lungo nel tempo. La stessa linea presenta anche <a href=\"https:\/\/www.ideabellezza.it\/gliss\/128732-hair-repair-colore-brillante-balsamo-protezione-colore-200-ml.html\">GLISS-Hair Repair Colore Brillante Balsamo Protezione Colore<\/a>.<\/p>\n\n\n\n<p><a href=\"https:\/\/www.ideabellezza.it\/sunsilk\/129583-shampoo-colore-al-top-con-olio-di-argan-220-ml.html\">SUNSILK-Shampoo Colore Al Top<\/a><\/p>\n\n\n\n<p>Capelli colorati danneggiati che non riescono a trattenere il colore? Sunsilk ha studiato una nuova formula specifica per mostrare capelli tinti e splendenti: grazie alla tecnologia amino-scudo e al filtro UV le fibre capillari sono riparate in profondit\u00e0 e in superficie e riescono a trattenere meglio il colore. Da utilizzare insieme a <a href=\"https:\/\/www.ideabellezza.it\/sunsilk\/129584-balsamo-colore-al-top-con-olio-di-argan-185-ml.html\">SUNSILK-Balsamo Colore Al Top<\/a>.<\/p>\n\n\n\n<p><a href=\"https:\/\/www.ideabellezza.it\/pantene\/127701-shampoo-protezione-colore-225-ml.html\">PANTENE-Shampoo Protezione Colore<\/a><\/p>\n\n\n\n<p>Uno specialista dei capelli come Pantene ha pensato anche ai capelli colorati con una linea dedicata. Questi prodotti sono pensati per aggiungere uno strato protettivo che sigilla il colore donando alla chioma un aspetto radioso e sano. I capelli tinti o che presentano colpi di sole sono protetti e pronti allo styling, nutriti in profondit\u00e0 e morbidi al tatto. Della stessa linea \u00e8 presente anche <a href=\"https:\/\/www.ideabellezza.it\/pantene\/127738-pantene-balsamo-protezione-colore-180-ml.html\">PANTENE- Balsamo Protezione Colore<\/a>.<\/p>\n\n\n\n<figure class=\"wp-block-image size-large\"><a href=\"https:\/\/www.ideabellezza.it\/168-capelli-colorati.html\" target=\"_blank\" rel=\"noopener\"><img decoding=\"async\" src=\"https:\/\/magazine.ideabellezza.it\/wp-content\/uploads\/2022\/05\/banner-prodotti-colorati.jpg\" alt=\"\"\/><\/a><\/figure>\n\n\n\n<p>Idea Bellezza ti propone i migliori prodotti per capelli tinti delle migliori marche, tutti in un unico posto. Scegli quelli che rispondono alle tue esigenze e acquista subito la linea completa per cominciare a prenderti cura della tua chioma colorata nel modo giusto. Proteggi, nutri, tratta con delicatezza i tuoi capelli stressati dalle varie colorazioni: preparati ad un\u2019estate senza sorprese scegliendo <strong>prodotti che contengono filtri UV<\/strong> in grado di evitare i pericoli per la tua chioma provenienti dall\u2019esposizione diretta al sole. Mostra un colore pi\u00f9 vivo e brillante che mai, con i prodotti disponibili su Ideabellezza.it!<\/p>\n","protected":false},"excerpt":{"rendered":"<p>I capelli tinti sono sottoposti a stress a causa di lavorazioni particolarmente laboriose e processi chimici che ne modificano il&hellip;<\/p>\n","protected":false},"author":1,"featured_media":2067,"comment_status":"closed","ping_status":"open","sticky":true,"template":"","format":"standard","meta":{"footnotes":""},"categories":[15],"tags":[],"class_list":["post-2065","post","type-post","status-publish","format-standard","has-post-thumbnail","hentry","category-skincare-haircare"],"yoast_head":"<!-- This site is optimized with the Yoast SEO plugin v25.2 - https:\/\/yoast.com\/wordpress\/plugins\/seo\/ -->\n<title>Come trattare i capelli colorati: i migliori prodotti -<\/title>\n<meta name=\"description\" content=\"Seguiamo i consigli di Idea Bellezza per trattare nel modo giusto i capelli colorati scegliendo i prodotti pi\u00c3\u00b9 adatti alla tua chioma!\" \/>\n<meta name=\"robots\" content=\"index, follow, max-snippet:-1, max-image-preview:large, max-video-preview:-1\" \/>\n<link rel=\"canonical\" href=\"https:\/\/www.ideabellezza.it\/magazine\/come-trattare-i-capelli-colorati\/\" \/>\n<meta property=\"og:locale\" content=\"it_IT\" \/>\n<meta property=\"og:type\" content=\"article\" \/>\n<meta property=\"og:title\" content=\"Come trattare i capelli colorati: i migliori prodotti -\" \/>\n<meta property=\"og:description\" content=\"Seguiamo i consigli di Idea Bellezza per trattare nel modo giusto i capelli colorati scegliendo i prodotti pi\u00c3\u00b9 adatti alla tua chioma!\" \/>\n<meta property=\"og:url\" content=\"https:\/\/www.ideabellezza.it\/magazine\/come-trattare-i-capelli-colorati\/\" \/>\n<meta property=\"article:published_time\" content=\"2022-05-02T14:24:37+00:00\" \/>\n<meta property=\"article:modified_time\" content=\"2023-12-07T09:24:37+00:00\" \/>\n<meta property=\"og:image\" content=\"https:\/\/magazine.ideabellezza.it\/wp-content\/uploads\/2022\/05\/capelli-colorati.jpg\" \/>\n\t<meta property=\"og:image:width\" content=\"900\" \/>\n\t<meta property=\"og:image:height\" content=\"700\" \/>\n\t<meta property=\"og:image:type\" content=\"image\/jpeg\" \/>\n<meta name=\"author\" content=\"ideabellezza\" \/>\n<meta name=\"twitter:card\" content=\"summary_large_image\" \/>\n<meta name=\"twitter:label1\" content=\"Scritto da\" \/>\n\t<meta name=\"twitter:data1\" content=\"ideabellezza\" \/>\n\t<meta name=\"twitter:label2\" content=\"Tempo di lettura stimato\" \/>\n\t<meta name=\"twitter:data2\" content=\"5 minuti\" \/>\n<script type=\"application\/ld+json\" class=\"yoast-schema-graph\">{\"@context\":\"https:\/\/schema.org\",\"@graph\":[{\"@type\":\"WebPage\",\"@id\":\"https:\/\/www.ideabellezza.it\/magazine\/come-trattare-i-capelli-colorati\/\",\"url\":\"https:\/\/www.ideabellezza.it\/magazine\/come-trattare-i-capelli-colorati\/\",\"name\":\"Come trattare i capelli colorati: i migliori prodotti -\",\"isPartOf\":{\"@id\":\"https:\/\/www.ideabellezza.it\/magazine\/#website\"},\"primaryImageOfPage\":{\"@id\":\"https:\/\/www.ideabellezza.it\/magazine\/come-trattare-i-capelli-colorati\/#primaryimage\"},\"image\":{\"@id\":\"https:\/\/www.ideabellezza.it\/magazine\/come-trattare-i-capelli-colorati\/#primaryimage\"},\"thumbnailUrl\":\"https:\/\/magazine.ideabellezza.it\/wp-content\/uploads\/2022\/05\/capelli-colorati.jpg\",\"datePublished\":\"2022-05-02T14:24:37+00:00\",\"dateModified\":\"2023-12-07T09:24:37+00:00\",\"author\":{\"@id\":\"https:\/\/www.ideabellezza.it\/magazine\/#\/schema\/person\/17b0f47546a3fc5dc1033bb23feffc65\"},\"description\":\"Seguiamo i consigli di Idea Bellezza per trattare nel modo giusto i capelli colorati scegliendo i prodotti pi\u00c3\u00b9 adatti alla tua chioma!\",\"inLanguage\":\"it-IT\",\"potentialAction\":[{\"@type\":\"ReadAction\",\"target\":[\"https:\/\/www.ideabellezza.it\/magazine\/come-trattare-i-capelli-colorati\/\"]}]},{\"@type\":\"ImageObject\",\"inLanguage\":\"it-IT\",\"@id\":\"https:\/\/www.ideabellezza.it\/magazine\/come-trattare-i-capelli-colorati\/#primaryimage\",\"url\":\"https:\/\/magazine.ideabellezza.it\/wp-content\/uploads\/2022\/05\/capelli-colorati.jpg\",\"contentUrl\":\"https:\/\/magazine.ideabellezza.it\/wp-content\/uploads\/2022\/05\/capelli-colorati.jpg\",\"width\":900,\"height\":700,\"caption\":\"capelli colorati\"},{\"@type\":\"WebSite\",\"@id\":\"https:\/\/www.ideabellezza.it\/magazine\/#website\",\"url\":\"https:\/\/www.ideabellezza.it\/magazine\/\",\"name\":\"\",\"description\":\"\",\"potentialAction\":[{\"@type\":\"SearchAction\",\"target\":{\"@type\":\"EntryPoint\",\"urlTemplate\":\"https:\/\/www.ideabellezza.it\/magazine\/?s={search_term_string}\"},\"query-input\":{\"@type\":\"PropertyValueSpecification\",\"valueRequired\":true,\"valueName\":\"search_term_string\"}}],\"inLanguage\":\"it-IT\"},{\"@type\":\"Person\",\"@id\":\"https:\/\/www.ideabellezza.it\/magazine\/#\/schema\/person\/17b0f47546a3fc5dc1033bb23feffc65\",\"name\":\"ideabellezza\",\"image\":{\"@type\":\"ImageObject\",\"inLanguage\":\"it-IT\",\"@id\":\"https:\/\/www.ideabellezza.it\/magazine\/#\/schema\/person\/image\/\",\"url\":\"https:\/\/secure.gravatar.com\/avatar\/60e318cb6e6de1184d3834661ba9f6209a8d536ae9c769e3662804fd574471a2?s=96&d=mm&r=g\",\"contentUrl\":\"https:\/\/secure.gravatar.com\/avatar\/60e318cb6e6de1184d3834661ba9f6209a8d536ae9c769e3662804fd574471a2?s=96&d=mm&r=g\",\"caption\":\"ideabellezza\"},\"sameAs\":[\"http:\/\/ideabellezza.it\/magazine\/IdeaBellezza\"]}]}<\/script>\n<!-- \/ Yoast SEO plugin. -->","yoast_head_json":{"title":"Come trattare i capelli colorati: i migliori prodotti -","description":"Seguiamo i consigli di Idea Bellezza per trattare nel modo giusto i capelli colorati scegliendo i prodotti pi\u00c3\u00b9 adatti alla tua chioma!","robots":{"index":"index","follow":"follow","max-snippet":"max-snippet:-1","max-image-preview":"max-image-preview:large","max-video-preview":"max-video-preview:-1"},"canonical":"https:\/\/www.ideabellezza.it\/magazine\/come-trattare-i-capelli-colorati\/","og_locale":"it_IT","og_type":"article","og_title":"Come trattare i capelli colorati: i migliori prodotti -","og_description":"Seguiamo i consigli di Idea Bellezza per trattare nel modo giusto i capelli colorati scegliendo i prodotti pi\u00c3\u00b9 adatti alla tua chioma!","og_url":"https:\/\/www.ideabellezza.it\/magazine\/come-trattare-i-capelli-colorati\/","article_published_time":"2022-05-02T14:24:37+00:00","article_modified_time":"2023-12-07T09:24:37+00:00","og_image":[{"width":900,"height":700,"url":"https:\/\/magazine.ideabellezza.it\/wp-content\/uploads\/2022\/05\/capelli-colorati.jpg","type":"image\/jpeg"}],"author":"ideabellezza","twitter_card":"summary_large_image","twitter_misc":{"Scritto da":"ideabellezza","Tempo di lettura stimato":"5 minuti"},"schema":{"@context":"https:\/\/schema.org","@graph":[{"@type":"WebPage","@id":"https:\/\/www.ideabellezza.it\/magazine\/come-trattare-i-capelli-colorati\/","url":"https:\/\/www.ideabellezza.it\/magazine\/come-trattare-i-capelli-colorati\/","name":"Come trattare i capelli colorati: i migliori prodotti -","isPartOf":{"@id":"https:\/\/www.ideabellezza.it\/magazine\/#website"},"primaryImageOfPage":{"@id":"https:\/\/www.ideabellezza.it\/magazine\/come-trattare-i-capelli-colorati\/#primaryimage"},"image":{"@id":"https:\/\/www.ideabellezza.it\/magazine\/come-trattare-i-capelli-colorati\/#primaryimage"},"thumbnailUrl":"https:\/\/magazine.ideabellezza.it\/wp-content\/uploads\/2022\/05\/capelli-colorati.jpg","datePublished":"2022-05-02T14:24:37+00:00","dateModified":"2023-12-07T09:24:37+00:00","author":{"@id":"https:\/\/www.ideabellezza.it\/magazine\/#\/schema\/person\/17b0f47546a3fc5dc1033bb23feffc65"},"description":"Seguiamo i consigli di Idea Bellezza per trattare nel modo giusto i capelli colorati scegliendo i prodotti pi\u00c3\u00b9 adatti alla tua chioma!","inLanguage":"it-IT","potentialAction":[{"@type":"ReadAction","target":["https:\/\/www.ideabellezza.it\/magazine\/come-trattare-i-capelli-colorati\/"]}]},{"@type":"ImageObject","inLanguage":"it-IT","@id":"https:\/\/www.ideabellezza.it\/magazine\/come-trattare-i-capelli-colorati\/#primaryimage","url":"https:\/\/magazine.ideabellezza.it\/wp-content\/uploads\/2022\/05\/capelli-colorati.jpg","contentUrl":"https:\/\/magazine.ideabellezza.it\/wp-content\/uploads\/2022\/05\/capelli-colorati.jpg","width":900,"height":700,"caption":"capelli colorati"},{"@type":"WebSite","@id":"https:\/\/www.ideabellezza.it\/magazine\/#website","url":"https:\/\/www.ideabellezza.it\/magazine\/","name":"","description":"","potentialAction":[{"@type":"SearchAction","target":{"@type":"EntryPoint","urlTemplate":"https:\/\/www.ideabellezza.it\/magazine\/?s={search_term_string}"},"query-input":{"@type":"PropertyValueSpecification","valueRequired":true,"valueName":"search_term_string"}}],"inLanguage":"it-IT"},{"@type":"Person","@id":"https:\/\/www.ideabellezza.it\/magazine\/#\/schema\/person\/17b0f47546a3fc5dc1033bb23feffc65","name":"ideabellezza","image":{"@type":"ImageObject","inLanguage":"it-IT","@id":"https:\/\/www.ideabellezza.it\/magazine\/#\/schema\/person\/image\/","url":"https:\/\/secure.gravatar.com\/avatar\/60e318cb6e6de1184d3834661ba9f6209a8d536ae9c769e3662804fd574471a2?s=96&d=mm&r=g","contentUrl":"https:\/\/secure.gravatar.com\/avatar\/60e318cb6e6de1184d3834661ba9f6209a8d536ae9c769e3662804fd574471a2?s=96&d=mm&r=g","caption":"ideabellezza"},"sameAs":["http:\/\/ideabellezza.it\/magazine\/IdeaBellezza"]}]}},"_links":{"self":[{"href":"https:\/\/www.ideabellezza.it\/magazine\/wp-json\/wp\/v2\/posts\/2065","targetHints":{"allow":["GET"]}}],"collection":[{"href":"https:\/\/www.ideabellezza.it\/magazine\/wp-json\/wp\/v2\/posts"}],"about":[{"href":"https:\/\/www.ideabellezza.it\/magazine\/wp-json\/wp\/v2\/types\/post"}],"author":[{"embeddable":true,"href":"https:\/\/www.ideabellezza.it\/magazine\/wp-json\/wp\/v2\/users\/1"}],"replies":[{"embeddable":true,"href":"https:\/\/www.ideabellezza.it\/magazine\/wp-json\/wp\/v2\/comments?post=2065"}],"version-history":[{"count":4,"href":"https:\/\/www.ideabellezza.it\/magazine\/wp-json\/wp\/v2\/posts\/2065\/revisions"}],"predecessor-version":[{"id":2567,"href":"https:\/\/www.ideabellezza.it\/magazine\/wp-json\/wp\/v2\/posts\/2065\/revisions\/2567"}],"wp:featuredmedia":[{"embeddable":true,"href":"https:\/\/www.ideabellezza.it\/magazine\/wp-json\/wp\/v2\/media\/2067"}],"wp:attachment":[{"href":"https:\/\/www.ideabellezza.it\/magazine\/wp-json\/wp\/v2\/media?parent=2065"}],"wp:term":[{"taxonomy":"category","embeddable":true,"href":"https:\/\/www.ideabellezza.it\/magazine\/wp-json\/wp\/v2\/categories?post=2065"},{"taxonomy":"post_tag","embeddable":true,"href":"https:\/\/www.ideabellezza.it\/magazine\/wp-json\/wp\/v2\/tags?post=2065"}],"curies":[{"name":"wp","href":"https:\/\/api.w.org\/{rel}","templated":true}]}}