{"id":2345,"date":"2023-06-13T10:18:48","date_gmt":"2023-06-13T08:18:48","guid":{"rendered":"https:\/\/magazine.ideabellezza.it\/?p=2345"},"modified":"2023-12-07T14:49:34","modified_gmt":"2023-12-07T13:49:34","slug":"tendenze-make-up-estate-2023","status":"publish","type":"post","link":"https:\/\/www.ideabellezza.it\/magazine\/tendenze-make-up-estate-2023\/","title":{"rendered":"Tendenze Make-Up estate 2023: colori shimmer e glass face"},"content":{"rendered":"\n<p>La parola d\u2019ordine delle <strong>tendenze make-up estate 2023<\/strong> \u00e8 \u201cscintillante\u201d: la pelle, gli occhi e le labbra si tingono di colori intensi e shimmer. In linea anche con le uscite cinematografiche, come Barbie e La Sirenetta, la palette dei colori si tinge quest\u2019estate di toni ben decisi ma nella loro versione <strong>brillante ed intensa<\/strong>: dal rosa intenso al blu del mare, dai colori caldi al verde luminoso.<\/p>\n\n\n\n<p>Accanto a tanto colore, ogni tanto fa capolino il nero che cerchia lo sguardo con eyeliner grafici o contorna le labbra in rossetti effetto bicolore insieme al rosso. I blush diventano rosati e scintillanti e torna la pelle effetto \u201cglass\u201d, senza per\u00f2 dimenticare l\u2019idratazione e il benessere della pelle, con <strong>basi trucco viso con SPF<\/strong>. Vere protagoniste anche le ciglia, lunghe e texturizzate. Ma scopriamo insieme a <a href=\"https:\/\/www.ideabellezza.it\/\" target=\"_blank\" rel=\"noreferrer noopener\">Idea Bellezza<\/a> le tendenze make-up estate 2023 pi\u00f9 nel dettaglio per creare il nostro look unico esattamente come te!<\/p>\n\n\n\n<figure class=\"wp-block-image size-large\"><img decoding=\"async\" src=\"https:\/\/magazine.ideabellezza.it\/wp-content\/uploads\/2023\/06\/ombretto-shimmer.jpg\" alt=\"ombretto shimmer makeup estate 2023\" title=\"ombretto shimmer makeup estate 2023\"\/><\/figure>\n\n\n\n<h2 class=\"wp-block-heading\"><br>Ombretti shimmer e blush intenso: il make-up estivo \u00e8 coloratissimo<\/h2>\n\n\n\n<p>Come abbiamo gi\u00e0 detto, quest\u2019estate i colori sono un must soprattutto se <strong>intensi e luminosi<\/strong>, quasi a ricordarci che la bella stagione \u00e8 sinonimo di vitalit\u00e0 ed energia. Colore di spicco per quest\u2019anno, sugli occhi, sulle labbra o sulle guance, \u00e8 sicuramente il <strong>rosa<\/strong>, in linea anche con l\u2019uscita del film <em>Barbie<\/em> interpretata da Margot Robbie. Questo trend beauty include ogni possibile sfumatura di rosa: dal pastello al fucsia ed \u00e8 ideale sia per le bionde che per le mode. Molto in voga \u00e8 il <strong>\u201cBarbie Glow Blush\u201d<\/strong> che regala all\u2019incarnato un aspetto arrosato ma fresco, da realizzare con un blush dalle sfumature intense mescolato ad un illuminante in crema.<\/p>\n\n\n\n<p>Shimmer, senza sfumature e a tutta palpebra, il blu tinge le palpebre con riflessi preziosi oppure delinea lo sguardo con eyeliner e matita per un effetto intenso e profondo come le onde del mare. Alleato ideale per accendere iridi chiare e scure, \u00e8 invece l\u2019ombretto <strong>rosso-arancione<\/strong> che accende lo sguardo come il sole in estate.<\/p>\n\n\n\n<figure class=\"wp-block-image size-large\"><img decoding=\"async\" src=\"https:\/\/magazine.ideabellezza.it\/wp-content\/uploads\/2023\/06\/fondotinta-leggero.jpg\" alt=\"fondotinta leggero makeup estate 2023\" title=\"fondotinta leggero makeup estate 2023\"\/><\/figure>\n\n\n\n<h2 class=\"wp-block-heading\"><br>Glass face, Vanilla Girl e Cloud Skin: le tendenze trucco viso dell\u2019estate 2023<\/h2>\n\n\n\n<p>Per il viso, arriva la tendenza <strong>\u201cglass face\u201d<\/strong> che prende ispirazione dalle routine di bellezza coreane e permette di rendere la pelle luminosa come il cristallo. Ottenerla \u00e8 semplice: dopo aver esfoliato la pelle si procede all\u2019idratazione, scegliendo primer&nbsp;leggermente iridescenti e perlacei, arricchiti da microsfere riflettenti che&nbsp;esaltano ogni tipo di carnagione, da quella naturalmente abbronzate alla pi\u00f9 chiara e lunare. Un tocco ancor pi\u00f9 glamour \u00e8 l\u2019applicazione dell\u2019<strong>illuminante<\/strong>, che quest\u2019estate andr\u00e0 nelle texture pi\u00f9 luminose e cangianti.<\/p>\n\n\n\n<p>Altro trend per il viso, \u00e8 quello di applicare una base leggera, idratante e protettiva che conferisca al viso un <strong>effetto naturale<\/strong> truccando per\u00f2 esageratamente le <strong>ciglia<\/strong> le quali diventano protagoniste delle tendenze trucco dell\u2019estate 2023, infatti la tendenza \u00e8 quella di renderle lunghissime e voluminose.<\/p>\n\n\n\n<p>Molte tendenze make-up 2023 sono in arrivo dal social pi\u00f9 amato del momento, Tik Tok. La tendenza <strong>\u201cVanilla Girl\u201d<\/strong> propone una palette di colori neutri che richiamano la dolce e semplice vaniglia, restituendo l\u2019immagine di un look chic, glamour e semplice. Il fondotinta leggero conferisce al viso un aspetto fresco e naturale. La pelle viene resa luminosa da un tocco di blush e da un filo di gloss sulle labbra.<\/p>\n\n\n\n<p>Sempre su Tik Tok si \u00e8 diffusa un\u2019altra tendenza che ha a che fare con il trucco viso, dal nome <strong>\u201cCloud Skin\u201d<\/strong>: l\u2019incarnato si presenta attraverso una texture vellutata e un finish opaco dall\u2019effetto cashmere. Per ottenere questo effetto bisogna puntare a prodotti con formulazioni a base d\u2019acqua capaci di fondersi con la pelle senza lasciare il minimo residuo. &nbsp;<\/p>\n\n\n\n<figure class=\"wp-block-image size-large\"><img decoding=\"async\" src=\"https:\/\/magazine.ideabellezza.it\/wp-content\/uploads\/2023\/06\/matita-labbra.jpg\" alt=\"matita labbra makeup estate 2023\" title=\"matita labbra makeup estate 2023\"\/><\/figure>\n\n\n\n<h2 class=\"wp-block-heading\">Ombr\u00e9 e Wet Lips: contrasti di colore e gloss a specchio per labbra spettacolari<\/h2>\n\n\n\n<p>Per quanto riguarda il make-up labbra, poi, le tendenze arrivano dalle sfilate parigine e fanno capo ad un\u2019estetica principalmente gotica. Giochi di contrasto caratterizzano le <strong>\u201cOmbr\u00e9 Lips\u201d<\/strong>, un beauty trend con colori caldi, come rosso e rosa, applicati nella parte centrale e sfumati all\u2019esterno verso il nero. Per chi desidera labbra lucide, invece, le <strong>\u201cWet Lips\u201d<\/strong> sono l\u2019effetto ideale: in questo caso \u00e8 necessario applicare prima il rossetto della tonalit\u00e0 preferita e poi stendere un abbondante strato di gloss.<\/p>\n\n\n\n<p>Per i rossetti, il 2023 \u00e8 l\u2019anno dell\u2019accoppiata matita labbra e lip balm, per labbra sempre nutrite, morbide e ravvivate nel colore. Oppure, elemento chiave per brillare esattamente come un diamante, \u00e8 il nuovissimo beauty hack diventato virale sul web: stiamo parlando delle <strong>Diamond Lips<\/strong>. Questo nuovo trend consente di ottenere labbra otticamente pi\u00f9 voluminose grazie solamente ad un mix di gloss e ombretto liquido da applicare al centro del labbro inferiore e sopra l\u2019arco di Cupido.<\/p>\n\n\n\n<figure class=\"wp-block-image size-large\"><a href=\"https:\/\/www.ideabellezza.it\/4-make-up.html\" target=\"_blank\" rel=\"noreferrer noopener\"><img decoding=\"async\" src=\"https:\/\/magazine.ideabellezza.it\/wp-content\/uploads\/2023\/06\/banner-make-up-estate-2023.jpg\" alt=\"makeup estate 2023\" title=\"makeup estate 2023\"\/><\/a><\/figure>\n\n\n\n<p>Pronti ad un\u2019estate ricca di trucchi colorati e scintillanti? Su Idea Bellezza puoi trovare una selezione incredibile dei migliori <a href=\"https:\/\/www.ideabellezza.it\/4-make-up.html\" target=\"_blank\" rel=\"noreferrer noopener\">prodotti make-up<\/a> per realizzare trucchi quotidiani e serali nella bellissima stagione da vivere in libert\u00e0 e fantasia!<\/p>\n","protected":false},"excerpt":{"rendered":"<p>La parola d\u2019ordine delle tendenze make-up estate 2023 \u00e8 \u201cscintillante\u201d: la pelle, gli occhi e le labbra si tingono di&hellip;<\/p>\n","protected":false},"author":1,"featured_media":2350,"comment_status":"closed","ping_status":"open","sticky":true,"template":"","format":"standard","meta":{"footnotes":""},"categories":[16],"tags":[],"class_list":["post-2345","post","type-post","status-publish","format-standard","has-post-thumbnail","hentry","category-passione-make-up"],"yoast_head":"<!-- This site is optimized with the Yoast SEO plugin v25.2 - https:\/\/yoast.com\/wordpress\/plugins\/seo\/ -->\n<title>Tendenze Make-Up estate 2023: shimmer e glass face -<\/title>\n<meta name=\"description\" content=\"Scopriamo insieme a Idea Bellezza le tendenze make-up estate 2023 tra colori scintillanti e trucco viso molto leggero!\" \/>\n<meta name=\"robots\" content=\"index, follow, max-snippet:-1, max-image-preview:large, max-video-preview:-1\" \/>\n<link rel=\"canonical\" href=\"https:\/\/www.ideabellezza.it\/magazine\/tendenze-make-up-estate-2023\/\" \/>\n<meta property=\"og:locale\" content=\"it_IT\" \/>\n<meta property=\"og:type\" content=\"article\" \/>\n<meta property=\"og:title\" content=\"Tendenze Make-Up estate 2023: shimmer e glass face -\" \/>\n<meta property=\"og:description\" content=\"Scopriamo insieme a Idea Bellezza le tendenze make-up estate 2023 tra colori scintillanti e trucco viso molto leggero!\" \/>\n<meta property=\"og:url\" content=\"https:\/\/www.ideabellezza.it\/magazine\/tendenze-make-up-estate-2023\/\" \/>\n<meta property=\"article:published_time\" content=\"2023-06-13T08:18:48+00:00\" \/>\n<meta property=\"article:modified_time\" content=\"2023-12-07T13:49:34+00:00\" \/>\n<meta property=\"og:image\" content=\"https:\/\/magazine.ideabellezza.it\/wp-content\/uploads\/2023\/06\/tendenze-makeup-estate-2023.jpg\" \/>\n\t<meta property=\"og:image:width\" content=\"900\" \/>\n\t<meta property=\"og:image:height\" content=\"700\" \/>\n\t<meta property=\"og:image:type\" content=\"image\/jpeg\" \/>\n<meta name=\"author\" content=\"ideabellezza\" \/>\n<meta name=\"twitter:card\" content=\"summary_large_image\" \/>\n<meta name=\"twitter:label1\" content=\"Scritto da\" \/>\n\t<meta name=\"twitter:data1\" content=\"ideabellezza\" \/>\n\t<meta name=\"twitter:label2\" content=\"Tempo di lettura stimato\" \/>\n\t<meta name=\"twitter:data2\" content=\"5 minuti\" \/>\n<script type=\"application\/ld+json\" class=\"yoast-schema-graph\">{\"@context\":\"https:\/\/schema.org\",\"@graph\":[{\"@type\":\"WebPage\",\"@id\":\"https:\/\/www.ideabellezza.it\/magazine\/tendenze-make-up-estate-2023\/\",\"url\":\"https:\/\/www.ideabellezza.it\/magazine\/tendenze-make-up-estate-2023\/\",\"name\":\"Tendenze Make-Up estate 2023: shimmer e glass face -\",\"isPartOf\":{\"@id\":\"https:\/\/www.ideabellezza.it\/magazine\/#website\"},\"primaryImageOfPage\":{\"@id\":\"https:\/\/www.ideabellezza.it\/magazine\/tendenze-make-up-estate-2023\/#primaryimage\"},\"image\":{\"@id\":\"https:\/\/www.ideabellezza.it\/magazine\/tendenze-make-up-estate-2023\/#primaryimage\"},\"thumbnailUrl\":\"https:\/\/magazine.ideabellezza.it\/wp-content\/uploads\/2023\/06\/tendenze-makeup-estate-2023.jpg\",\"datePublished\":\"2023-06-13T08:18:48+00:00\",\"dateModified\":\"2023-12-07T13:49:34+00:00\",\"author\":{\"@id\":\"https:\/\/www.ideabellezza.it\/magazine\/#\/schema\/person\/17b0f47546a3fc5dc1033bb23feffc65\"},\"description\":\"Scopriamo insieme a Idea Bellezza le tendenze make-up estate 2023 tra colori scintillanti e trucco viso molto leggero!\",\"inLanguage\":\"it-IT\",\"potentialAction\":[{\"@type\":\"ReadAction\",\"target\":[\"https:\/\/www.ideabellezza.it\/magazine\/tendenze-make-up-estate-2023\/\"]}]},{\"@type\":\"ImageObject\",\"inLanguage\":\"it-IT\",\"@id\":\"https:\/\/www.ideabellezza.it\/magazine\/tendenze-make-up-estate-2023\/#primaryimage\",\"url\":\"https:\/\/magazine.ideabellezza.it\/wp-content\/uploads\/2023\/06\/tendenze-makeup-estate-2023.jpg\",\"contentUrl\":\"https:\/\/magazine.ideabellezza.it\/wp-content\/uploads\/2023\/06\/tendenze-makeup-estate-2023.jpg\",\"width\":900,\"height\":700,\"caption\":\"tendenze makeup estate 2023\"},{\"@type\":\"WebSite\",\"@id\":\"https:\/\/www.ideabellezza.it\/magazine\/#website\",\"url\":\"https:\/\/www.ideabellezza.it\/magazine\/\",\"name\":\"\",\"description\":\"\",\"potentialAction\":[{\"@type\":\"SearchAction\",\"target\":{\"@type\":\"EntryPoint\",\"urlTemplate\":\"https:\/\/www.ideabellezza.it\/magazine\/?s={search_term_string}\"},\"query-input\":{\"@type\":\"PropertyValueSpecification\",\"valueRequired\":true,\"valueName\":\"search_term_string\"}}],\"inLanguage\":\"it-IT\"},{\"@type\":\"Person\",\"@id\":\"https:\/\/www.ideabellezza.it\/magazine\/#\/schema\/person\/17b0f47546a3fc5dc1033bb23feffc65\",\"name\":\"ideabellezza\",\"image\":{\"@type\":\"ImageObject\",\"inLanguage\":\"it-IT\",\"@id\":\"https:\/\/www.ideabellezza.it\/magazine\/#\/schema\/person\/image\/\",\"url\":\"https:\/\/secure.gravatar.com\/avatar\/60e318cb6e6de1184d3834661ba9f6209a8d536ae9c769e3662804fd574471a2?s=96&d=mm&r=g\",\"contentUrl\":\"https:\/\/secure.gravatar.com\/avatar\/60e318cb6e6de1184d3834661ba9f6209a8d536ae9c769e3662804fd574471a2?s=96&d=mm&r=g\",\"caption\":\"ideabellezza\"},\"sameAs\":[\"http:\/\/ideabellezza.it\/magazine\/IdeaBellezza\"]}]}<\/script>\n<!-- \/ Yoast SEO plugin. -->","yoast_head_json":{"title":"Tendenze Make-Up estate 2023: shimmer e glass face -","description":"Scopriamo insieme a Idea Bellezza le tendenze make-up estate 2023 tra colori scintillanti e trucco viso molto leggero!","robots":{"index":"index","follow":"follow","max-snippet":"max-snippet:-1","max-image-preview":"max-image-preview:large","max-video-preview":"max-video-preview:-1"},"canonical":"https:\/\/www.ideabellezza.it\/magazine\/tendenze-make-up-estate-2023\/","og_locale":"it_IT","og_type":"article","og_title":"Tendenze Make-Up estate 2023: shimmer e glass face -","og_description":"Scopriamo insieme a Idea Bellezza le tendenze make-up estate 2023 tra colori scintillanti e trucco viso molto leggero!","og_url":"https:\/\/www.ideabellezza.it\/magazine\/tendenze-make-up-estate-2023\/","article_published_time":"2023-06-13T08:18:48+00:00","article_modified_time":"2023-12-07T13:49:34+00:00","og_image":[{"width":900,"height":700,"url":"https:\/\/magazine.ideabellezza.it\/wp-content\/uploads\/2023\/06\/tendenze-makeup-estate-2023.jpg","type":"image\/jpeg"}],"author":"ideabellezza","twitter_card":"summary_large_image","twitter_misc":{"Scritto da":"ideabellezza","Tempo di lettura stimato":"5 minuti"},"schema":{"@context":"https:\/\/schema.org","@graph":[{"@type":"WebPage","@id":"https:\/\/www.ideabellezza.it\/magazine\/tendenze-make-up-estate-2023\/","url":"https:\/\/www.ideabellezza.it\/magazine\/tendenze-make-up-estate-2023\/","name":"Tendenze Make-Up estate 2023: shimmer e glass face -","isPartOf":{"@id":"https:\/\/www.ideabellezza.it\/magazine\/#website"},"primaryImageOfPage":{"@id":"https:\/\/www.ideabellezza.it\/magazine\/tendenze-make-up-estate-2023\/#primaryimage"},"image":{"@id":"https:\/\/www.ideabellezza.it\/magazine\/tendenze-make-up-estate-2023\/#primaryimage"},"thumbnailUrl":"https:\/\/magazine.ideabellezza.it\/wp-content\/uploads\/2023\/06\/tendenze-makeup-estate-2023.jpg","datePublished":"2023-06-13T08:18:48+00:00","dateModified":"2023-12-07T13:49:34+00:00","author":{"@id":"https:\/\/www.ideabellezza.it\/magazine\/#\/schema\/person\/17b0f47546a3fc5dc1033bb23feffc65"},"description":"Scopriamo insieme a Idea Bellezza le tendenze make-up estate 2023 tra colori scintillanti e trucco viso molto leggero!","inLanguage":"it-IT","potentialAction":[{"@type":"ReadAction","target":["https:\/\/www.ideabellezza.it\/magazine\/tendenze-make-up-estate-2023\/"]}]},{"@type":"ImageObject","inLanguage":"it-IT","@id":"https:\/\/www.ideabellezza.it\/magazine\/tendenze-make-up-estate-2023\/#primaryimage","url":"https:\/\/magazine.ideabellezza.it\/wp-content\/uploads\/2023\/06\/tendenze-makeup-estate-2023.jpg","contentUrl":"https:\/\/magazine.ideabellezza.it\/wp-content\/uploads\/2023\/06\/tendenze-makeup-estate-2023.jpg","width":900,"height":700,"caption":"tendenze makeup estate 2023"},{"@type":"WebSite","@id":"https:\/\/www.ideabellezza.it\/magazine\/#website","url":"https:\/\/www.ideabellezza.it\/magazine\/","name":"","description":"","potentialAction":[{"@type":"SearchAction","target":{"@type":"EntryPoint","urlTemplate":"https:\/\/www.ideabellezza.it\/magazine\/?s={search_term_string}"},"query-input":{"@type":"PropertyValueSpecification","valueRequired":true,"valueName":"search_term_string"}}],"inLanguage":"it-IT"},{"@type":"Person","@id":"https:\/\/www.ideabellezza.it\/magazine\/#\/schema\/person\/17b0f47546a3fc5dc1033bb23feffc65","name":"ideabellezza","image":{"@type":"ImageObject","inLanguage":"it-IT","@id":"https:\/\/www.ideabellezza.it\/magazine\/#\/schema\/person\/image\/","url":"https:\/\/secure.gravatar.com\/avatar\/60e318cb6e6de1184d3834661ba9f6209a8d536ae9c769e3662804fd574471a2?s=96&d=mm&r=g","contentUrl":"https:\/\/secure.gravatar.com\/avatar\/60e318cb6e6de1184d3834661ba9f6209a8d536ae9c769e3662804fd574471a2?s=96&d=mm&r=g","caption":"ideabellezza"},"sameAs":["http:\/\/ideabellezza.it\/magazine\/IdeaBellezza"]}]}},"_links":{"self":[{"href":"https:\/\/www.ideabellezza.it\/magazine\/wp-json\/wp\/v2\/posts\/2345","targetHints":{"allow":["GET"]}}],"collection":[{"href":"https:\/\/www.ideabellezza.it\/magazine\/wp-json\/wp\/v2\/posts"}],"about":[{"href":"https:\/\/www.ideabellezza.it\/magazine\/wp-json\/wp\/v2\/types\/post"}],"author":[{"embeddable":true,"href":"https:\/\/www.ideabellezza.it\/magazine\/wp-json\/wp\/v2\/users\/1"}],"replies":[{"embeddable":true,"href":"https:\/\/www.ideabellezza.it\/magazine\/wp-json\/wp\/v2\/comments?post=2345"}],"version-history":[{"count":2,"href":"https:\/\/www.ideabellezza.it\/magazine\/wp-json\/wp\/v2\/posts\/2345\/revisions"}],"predecessor-version":[{"id":2612,"href":"https:\/\/www.ideabellezza.it\/magazine\/wp-json\/wp\/v2\/posts\/2345\/revisions\/2612"}],"wp:featuredmedia":[{"embeddable":true,"href":"https:\/\/www.ideabellezza.it\/magazine\/wp-json\/wp\/v2\/media\/2350"}],"wp:attachment":[{"href":"https:\/\/www.ideabellezza.it\/magazine\/wp-json\/wp\/v2\/media?parent=2345"}],"wp:term":[{"taxonomy":"category","embeddable":true,"href":"https:\/\/www.ideabellezza.it\/magazine\/wp-json\/wp\/v2\/categories?post=2345"},{"taxonomy":"post_tag","embeddable":true,"href":"https:\/\/www.ideabellezza.it\/magazine\/wp-json\/wp\/v2\/tags?post=2345"}],"curies":[{"name":"wp","href":"https:\/\/api.w.org\/{rel}","templated":true}]}}