{"id":2800,"date":"2024-02-06T17:36:06","date_gmt":"2024-02-06T16:36:06","guid":{"rendered":"https:\/\/www.ideabellezza.it\/magazine\/?p=2800"},"modified":"2024-02-06T17:43:54","modified_gmt":"2024-02-06T16:43:54","slug":"scopri-come-eliminare-le-macchie-dal-viso-con-i-giusti-trattamenti","status":"publish","type":"post","link":"https:\/\/www.ideabellezza.it\/magazine\/scopri-come-eliminare-le-macchie-dal-viso-con-i-giusti-trattamenti\/","title":{"rendered":"Scopri come eliminare le macchie dal viso con i giusti trattamenti"},"content":{"rendered":"\n<p>Le macchie sul viso possono essere una fonte di frustrazione per molti, influenzando l&#8217;autostima e la percezione personale della bellezza. Fortunatamente, con i progressi nel campo della dermatologia e della cosmetica, esistono trattamenti efficaci che possono aiutare a <strong>come eliminare le macchie dal viso<\/strong>, restituendo alla pelle un aspetto uniforme e luminoso. Scopriamo, insieme a <a href=\"https:\/\/www.ideabellezza.it\/\" target=\"_blank\" rel=\"noreferrer noopener\">Idea Bellezza<\/a>, quali sono i migliori trattamenti e le giuste abitudini di prevenzione per eliminare e ridurre le macchie dal viso.<\/p>\n\n\n\n\n\n<figure class=\"wp-block-image size-full\"><a href=\"https:\/\/www.ideabellezza.it\/234-trattamento-viso.html\" target=\"_blank\" rel=\"noreferrer noopener\"><img loading=\"lazy\" decoding=\"async\" width=\"800\" height=\"315\" src=\"https:\/\/www.ideabellezza.it\/magazine\/wp-content\/uploads\/2024\/02\/banner-macchie-viso.jpg\" alt=\"banner macchie viso\" class=\"wp-image-2801\" title=\"banner macchie viso\" srcset=\"https:\/\/magazine.ideabellezza.it\/wp-content\/uploads\/2024\/02\/banner-macchie-viso.jpg 800w, https:\/\/magazine.ideabellezza.it\/wp-content\/uploads\/2024\/02\/banner-macchie-viso-300x118.jpg 300w, https:\/\/magazine.ideabellezza.it\/wp-content\/uploads\/2024\/02\/banner-macchie-viso-768x302.jpg 768w, https:\/\/magazine.ideabellezza.it\/wp-content\/uploads\/2024\/02\/banner-macchie-viso-370x146.jpg 370w, https:\/\/magazine.ideabellezza.it\/wp-content\/uploads\/2024\/02\/banner-macchie-viso-760x299.jpg 760w\" sizes=\"auto, (max-width: 800px) 100vw, 800px\" \/><\/a><\/figure>\n\n\n\n<h2 class=\"wp-block-heading\">Come togliere le macchie dal viso: cause e prevenzione<\/h2>\n\n\n\n<p>Le macchie sul viso possono essere causate da una variet\u00e0 di fattori, che spaziano da cause ambientali a condizioni mediche. Ecco alcune delle cause pi\u00f9 comuni:<\/p>\n\n\n\n<ul class=\"wp-block-list\" start=\"1\" style=\"text-transform:none\">\n<li style=\"text-transform:none\"><strong>Esposizione al sole<\/strong>: L&#8217;esposizione prolungata ai raggi UV senza adeguata protezione solare pu\u00f2 causare macchie scure, note anche come macchie solari o lentiggini. Queste sono particolarmente comuni nelle zone esposte al sole, come il viso, le mani e le braccia.<\/li>\n\n\n\n<li style=\"text-transform:none\"><strong>Invecchiamento<\/strong>: Con l&#8217;avanzare dell&#8217;et\u00e0, possono comparire sul viso macchie scure, spesso chiamate macchie dell&#8217;et\u00e0. Queste sono il risultato dell&#8217;accumulo di melanina, il pigmento che d\u00e0 colore alla pelle.<\/li>\n\n\n\n<li style=\"text-transform:none\"><strong>Melasma<\/strong>: Questa condizione, nota anche come &#8220;maschera della gravidanza&#8221;, causa macchie scure sul viso e \u00e8 particolarmente comune nelle donne. \u00c8 spesso legata a cambiamenti ormonali, come quelli che si verificano durante la gravidanza o l&#8217;uso di contraccettivi orali.<\/li>\n\n\n\n<li style=\"text-transform:none\"><strong>Post-infiammazione<\/strong>: Le macchie post-infiammatorie possono apparire dopo un&#8217;infiammazione della pelle, come quella causata dall&#8217;acne, da ferite o da altre lesioni cutanee. Queste macchie possono variare dal rosso al marrone scuro, a seconda del tono della pelle e della gravit\u00e0 dell&#8217;infiammazione.<\/li>\n\n\n\n<li style=\"text-transform:none\"><strong>Condizioni mediche<\/strong>: Alcune condizioni mediche, come la dermatite, l&#8217;eczema, o le reazioni allergiche, possono causare discromie o macchie sulla pelle.<\/li>\n\n\n\n<li style=\"text-transform:none\"><strong>Fattori genetici<\/strong>: In alcuni casi, le macchie sul viso possono avere una componente genetica, con alcune persone pi\u00f9 predisposte di altre a sviluppare iperpigmentazione.<\/li>\n\n\n\n<li style=\"text-transform:none\"><strong>Cambiamenti ormonali<\/strong>: Oltre al melasma, altri cambiamenti ormonali, come quelli associati alla menopausa o a disordini endocrini, possono influenzare l&#8217;aspetto della pelle e causare macchie.<\/li>\n\n\n\n<li style=\"text-transform:none\"><strong>Uso di certi farmaci<\/strong>: Alcuni farmaci, inclusi quelli per la chemioterapia, possono causare iperpigmentazione come effetto collaterale.<\/li>\n\n\n\n<li style=\"text-transform:none\"><strong>Lesioni cutanee<\/strong>: Qualsiasi tipo di danno alla pelle, inclusi quelli causati da trattamenti estetici aggressivi, pu\u00f2 portare alla formazione di macchie scure a seguito del processo di guarigione.<\/li>\n<\/ul>\n\n\n\n<p>Indipendentemente dalla causa, il primo passo per un trattamento efficace \u00e8 la prevenzione, che include l&#8217;uso quotidiano di una crema solare ad ampio spettro per minimizzare l&#8217;impatto dei raggi UV.<\/p>\n\n\n\n<figure class=\"wp-block-image size-full\"><img loading=\"lazy\" decoding=\"async\" width=\"900\" height=\"598\" src=\"https:\/\/www.ideabellezza.it\/magazine\/wp-content\/uploads\/2024\/02\/macchie-viso.jpg\" alt=\"macchie viso\" class=\"wp-image-2804\" title=\"macchie viso\" srcset=\"https:\/\/magazine.ideabellezza.it\/wp-content\/uploads\/2024\/02\/macchie-viso.jpg 900w, https:\/\/magazine.ideabellezza.it\/wp-content\/uploads\/2024\/02\/macchie-viso-300x199.jpg 300w, https:\/\/magazine.ideabellezza.it\/wp-content\/uploads\/2024\/02\/macchie-viso-768x510.jpg 768w, https:\/\/magazine.ideabellezza.it\/wp-content\/uploads\/2024\/02\/macchie-viso-370x246.jpg 370w, https:\/\/magazine.ideabellezza.it\/wp-content\/uploads\/2024\/02\/macchie-viso-760x505.jpg 760w\" sizes=\"auto, (max-width: 900px) 100vw, 900px\" \/><\/figure>\n\n\n\n<h2 class=\"wp-block-heading\">Macchie solari sul viso: come eliminarle<\/h2>\n\n\n\n<p>Le <strong>macchie solari<\/strong> sono tra le pi\u00f9 comuni e possono essere trattate con prodotti specifici che mirano a schiarire e uniformare il tono della pelle. Brand come La Roche-Posay e Vichy offrono sieri e creme con ingredienti attivi come la vitamina C, l&#8217;acido kojico e il retinolo, noti per la loro efficacia nel ridurre l&#8217;iperpigmentazione.<\/p>\n\n\n\n<p>Esistono diversi metodi efficaci per ridurre o eliminare queste discromie sulla pelle:<\/p>\n\n\n\n<ul class=\"wp-block-list\">\n<li style=\"text-transform:none\"><strong>Protezione Solare<\/strong>: Il primo passo per prevenire l&#8217;aggravarsi delle macchie solari \u00e8 proteggere la pelle dall&#8217;esposizione ulteriore ai raggi UV. Utilizza quotidianamente una <a href=\"https:\/\/www.ideabellezza.it\/258-prodotti-per-protezione-solare.html\" target=\"_blank\" rel=\"noreferrer noopener\">crema solare<\/a> con un alto fattore di protezione (SPF 30 o superiore), anche nei giorni nuvolosi.<\/li>\n\n\n\n<li style=\"text-transform:none\"><strong>Retinoidi<\/strong>: I retinoidi, derivati dalla vitamina A, promuovono il ricambio cellulare e possono ridurre l&#8217;aspetto delle macchie solari. Prodotti con retinolo o prescrizioni di tretinoina sono particolarmente efficaci, ma possono rendere la pelle pi\u00f9 sensibile al sole, quindi \u00e8 essenziale abbinarli a una buona protezione solare.<\/li>\n\n\n\n<li style=\"text-transform:none\"><strong>Microdermoabrasione<\/strong>: La microdermoabrasione \u00e8 un trattamento esfoliante che rimuove delicatamente lo strato superiore della pelle, riducendo l&#8217;aspetto delle macchie solari. Anche questo trattamento pu\u00f2 necessitare di pi\u00f9 sedute per risultati visibili.<\/li>\n\n\n\n<li style=\"text-transform:none\"><strong>Cura della Pelle Quotidiana<\/strong>: Integrare nella tua routine di <a href=\"https:\/\/www.ideabellezza.it\/5-trattamento.html\" target=\"_blank\" rel=\"noreferrer noopener\">cura della pelle<\/a> prodotti contenenti antiossidanti, come la vitamina C e E, pu\u00f2 aiutare a prevenire il danno dei radicali liberi e migliorare l&#8217;aspetto delle macchie solari.<\/li>\n\n\n\n<li style=\"text-transform:none\"><strong>Consultare un Dermatologo<\/strong>: Per un approccio personalizzato, \u00e8 consigliabile consultare un dermatologo. Un esperto pu\u00f2 raccomandare il trattamento pi\u00f9 adatto al tuo tipo di pelle e alla gravit\u00e0 delle macchie solari, che potrebbe includere terapie avanzate non disponibili al pubblico.<\/li>\n<\/ul>\n\n\n\n<figure class=\"wp-block-image size-full\"><img loading=\"lazy\" decoding=\"async\" width=\"900\" height=\"600\" src=\"https:\/\/www.ideabellezza.it\/magazine\/wp-content\/uploads\/2024\/02\/crema-viso-macchie.jpg\" alt=\"crema viso macchie\" class=\"wp-image-2803\" title=\"crema viso macchie\" srcset=\"https:\/\/magazine.ideabellezza.it\/wp-content\/uploads\/2024\/02\/crema-viso-macchie.jpg 900w, https:\/\/magazine.ideabellezza.it\/wp-content\/uploads\/2024\/02\/crema-viso-macchie-300x200.jpg 300w, https:\/\/magazine.ideabellezza.it\/wp-content\/uploads\/2024\/02\/crema-viso-macchie-768x512.jpg 768w, https:\/\/magazine.ideabellezza.it\/wp-content\/uploads\/2024\/02\/crema-viso-macchie-370x247.jpg 370w, https:\/\/magazine.ideabellezza.it\/wp-content\/uploads\/2024\/02\/crema-viso-macchie-760x507.jpg 760w\" sizes=\"auto, (max-width: 900px) 100vw, 900px\" \/><\/figure>\n\n\n\n<h2 class=\"wp-block-heading\">Trattamenti macchie viso: quali scegliere<\/h2>\n\n\n\n<p>Per trattamenti mirati, esistono diverse opzioni che permettono di ridurre consistentemente la presenza delle macchie sul viso.<\/p>\n\n\n\n<ul class=\"wp-block-list\">\n<li style=\"text-transform:none\"><strong>Peeling Chimici<\/strong>: I peeling chimici utilizzano soluzioni acide per rimuovere gli strati superiori della pelle, aiutando a eliminare le macchie solari e a promuovere la crescita di nuova pelle. Questi trattamenti possono variare in intensit\u00e0 e devono essere eseguiti da professionisti.<\/li>\n\n\n\n<li style=\"text-transform:none\"><strong>Creme Schiarenti<\/strong>: Prodotti topici contenenti ingredienti come l&#8217;idrochinone, l&#8217;acido azelaico, l&#8217;acido kojico o la vitamina C possono aiutare a schiarire le macchie solari. Questi ingredienti riducono la melanina nella pelle, portando a un aspetto pi\u00f9 uniforme e sono presenti in <a href=\"https:\/\/www.ideabellezza.it\/magazine\/come-applicare-la-crema-viso-correttamente-guida-pratica\/\" target=\"_blank\" rel=\"noreferrer noopener\">creme viso specifiche, da applicare nel modo corretto<\/a>.<\/li>\n\n\n\n<li style=\"text-transform:none\"><strong>Terapie Laser e a Luce Pulsata<\/strong>: Le terapie laser e le terapie a luce pulsata intensa (IPL) sono trattamenti non invasivi che targetizzano la melanina, rompendola in particelle pi\u00f9 piccole che il corpo pu\u00f2 poi eliminare. Questi trattamenti possono richiedere diverse sedute per ottenere risultati ottimali.<\/li>\n<\/ul>\n\n\n\n<p><strong>Come eliminare le macchie dal viso<\/strong> non \u00e8 solo una questione di trattamenti topici. Integrare nella dieta alimenti ricchi di antiossidanti e mantenere un&#8217;adeguata idratazione sono passi importanti per supportare la salute della pelle dall&#8217;interno.<\/p>\n\n\n\n<p><em>Eliminare le macchie dal viso \u00e8 possibile con un approccio combinato che include la prevenzione, l&#8217;uso di prodotti e <a href=\"https:\/\/www.ideabellezza.it\/234-trattamento-viso.html\" target=\"_blank\" rel=\"noreferrer noopener\">trattamenti viso<\/a> specifici, e la cura generale della pelle. Visitando lo shop online di Idea Bellezza, potrai scoprire una vasta gamma di prodotti dei migliori brand dedicati alla cura e al trattamento delle macchie sul viso.<\/em><\/p>\n","protected":false},"excerpt":{"rendered":"<p>Le macchie sul viso possono essere una fonte di frustrazione per molti, influenzando l&#8217;autostima e la percezione personale della bellezza.&hellip;<\/p>\n","protected":false},"author":1,"featured_media":2802,"comment_status":"closed","ping_status":"open","sticky":true,"template":"","format":"standard","meta":{"footnotes":""},"categories":[15],"tags":[],"class_list":["post-2800","post","type-post","status-publish","format-standard","has-post-thumbnail","hentry","category-skincare-haircare"],"yoast_head":"<!-- This site is optimized with the Yoast SEO plugin v25.2 - https:\/\/yoast.com\/wordpress\/plugins\/seo\/ -->\n<title>Scopri come eliminare le macchie dal viso con i giusti trattamenti -<\/title>\n<meta name=\"description\" content=\"Scopriamo, insieme a Idea Bellezza, quali sono i trattamenti e le giuste abitudini di prevenzione per eliminare e ridurre le macchie dal viso.\" \/>\n<meta name=\"robots\" content=\"index, follow, max-snippet:-1, max-image-preview:large, max-video-preview:-1\" \/>\n<link rel=\"canonical\" href=\"https:\/\/www.ideabellezza.it\/magazine\/scopri-come-eliminare-le-macchie-dal-viso-con-i-giusti-trattamenti\/\" \/>\n<meta property=\"og:locale\" content=\"it_IT\" \/>\n<meta property=\"og:type\" content=\"article\" \/>\n<meta property=\"og:title\" content=\"Scopri come eliminare le macchie dal viso con i giusti trattamenti -\" \/>\n<meta property=\"og:description\" content=\"Scopriamo, insieme a Idea Bellezza, quali sono i trattamenti e le giuste abitudini di prevenzione per eliminare e ridurre le macchie dal viso.\" \/>\n<meta property=\"og:url\" content=\"https:\/\/www.ideabellezza.it\/magazine\/scopri-come-eliminare-le-macchie-dal-viso-con-i-giusti-trattamenti\/\" \/>\n<meta property=\"article:published_time\" content=\"2024-02-06T16:36:06+00:00\" \/>\n<meta property=\"article:modified_time\" content=\"2024-02-06T16:43:54+00:00\" \/>\n<meta property=\"og:image\" content=\"https:\/\/magazine.ideabellezza.it\/wp-content\/uploads\/2024\/02\/crema-macchie-viso.jpg\" \/>\n\t<meta property=\"og:image:width\" content=\"900\" \/>\n\t<meta property=\"og:image:height\" content=\"700\" \/>\n\t<meta property=\"og:image:type\" content=\"image\/jpeg\" \/>\n<meta name=\"author\" content=\"ideabellezza\" \/>\n<meta name=\"twitter:card\" content=\"summary_large_image\" \/>\n<meta name=\"twitter:label1\" content=\"Scritto da\" \/>\n\t<meta name=\"twitter:data1\" content=\"ideabellezza\" \/>\n\t<meta name=\"twitter:label2\" content=\"Tempo di lettura stimato\" \/>\n\t<meta name=\"twitter:data2\" content=\"5 minuti\" \/>\n<script type=\"application\/ld+json\" class=\"yoast-schema-graph\">{\"@context\":\"https:\/\/schema.org\",\"@graph\":[{\"@type\":\"WebPage\",\"@id\":\"https:\/\/www.ideabellezza.it\/magazine\/scopri-come-eliminare-le-macchie-dal-viso-con-i-giusti-trattamenti\/\",\"url\":\"https:\/\/www.ideabellezza.it\/magazine\/scopri-come-eliminare-le-macchie-dal-viso-con-i-giusti-trattamenti\/\",\"name\":\"Scopri come eliminare le macchie dal viso con i giusti trattamenti -\",\"isPartOf\":{\"@id\":\"https:\/\/www.ideabellezza.it\/magazine\/#website\"},\"primaryImageOfPage\":{\"@id\":\"https:\/\/www.ideabellezza.it\/magazine\/scopri-come-eliminare-le-macchie-dal-viso-con-i-giusti-trattamenti\/#primaryimage\"},\"image\":{\"@id\":\"https:\/\/www.ideabellezza.it\/magazine\/scopri-come-eliminare-le-macchie-dal-viso-con-i-giusti-trattamenti\/#primaryimage\"},\"thumbnailUrl\":\"https:\/\/magazine.ideabellezza.it\/wp-content\/uploads\/2024\/02\/crema-macchie-viso.jpg\",\"datePublished\":\"2024-02-06T16:36:06+00:00\",\"dateModified\":\"2024-02-06T16:43:54+00:00\",\"author\":{\"@id\":\"https:\/\/www.ideabellezza.it\/magazine\/#\/schema\/person\/17b0f47546a3fc5dc1033bb23feffc65\"},\"description\":\"Scopriamo, insieme a Idea Bellezza, quali sono i trattamenti e le giuste abitudini di prevenzione per eliminare e ridurre le macchie dal viso.\",\"inLanguage\":\"it-IT\",\"potentialAction\":[{\"@type\":\"ReadAction\",\"target\":[\"https:\/\/www.ideabellezza.it\/magazine\/scopri-come-eliminare-le-macchie-dal-viso-con-i-giusti-trattamenti\/\"]}]},{\"@type\":\"ImageObject\",\"inLanguage\":\"it-IT\",\"@id\":\"https:\/\/www.ideabellezza.it\/magazine\/scopri-come-eliminare-le-macchie-dal-viso-con-i-giusti-trattamenti\/#primaryimage\",\"url\":\"https:\/\/magazine.ideabellezza.it\/wp-content\/uploads\/2024\/02\/crema-macchie-viso.jpg\",\"contentUrl\":\"https:\/\/magazine.ideabellezza.it\/wp-content\/uploads\/2024\/02\/crema-macchie-viso.jpg\",\"width\":900,\"height\":700,\"caption\":\"crema macchie viso\"},{\"@type\":\"WebSite\",\"@id\":\"https:\/\/www.ideabellezza.it\/magazine\/#website\",\"url\":\"https:\/\/www.ideabellezza.it\/magazine\/\",\"name\":\"\",\"description\":\"\",\"potentialAction\":[{\"@type\":\"SearchAction\",\"target\":{\"@type\":\"EntryPoint\",\"urlTemplate\":\"https:\/\/www.ideabellezza.it\/magazine\/?s={search_term_string}\"},\"query-input\":{\"@type\":\"PropertyValueSpecification\",\"valueRequired\":true,\"valueName\":\"search_term_string\"}}],\"inLanguage\":\"it-IT\"},{\"@type\":\"Person\",\"@id\":\"https:\/\/www.ideabellezza.it\/magazine\/#\/schema\/person\/17b0f47546a3fc5dc1033bb23feffc65\",\"name\":\"ideabellezza\",\"image\":{\"@type\":\"ImageObject\",\"inLanguage\":\"it-IT\",\"@id\":\"https:\/\/www.ideabellezza.it\/magazine\/#\/schema\/person\/image\/\",\"url\":\"https:\/\/secure.gravatar.com\/avatar\/60e318cb6e6de1184d3834661ba9f6209a8d536ae9c769e3662804fd574471a2?s=96&d=mm&r=g\",\"contentUrl\":\"https:\/\/secure.gravatar.com\/avatar\/60e318cb6e6de1184d3834661ba9f6209a8d536ae9c769e3662804fd574471a2?s=96&d=mm&r=g\",\"caption\":\"ideabellezza\"},\"sameAs\":[\"http:\/\/ideabellezza.it\/magazine\/IdeaBellezza\"]}]}<\/script>\n<!-- \/ Yoast SEO plugin. -->","yoast_head_json":{"title":"Scopri come eliminare le macchie dal viso con i giusti trattamenti -","description":"Scopriamo, insieme a Idea Bellezza, quali sono i trattamenti e le giuste abitudini di prevenzione per eliminare e ridurre le macchie dal viso.","robots":{"index":"index","follow":"follow","max-snippet":"max-snippet:-1","max-image-preview":"max-image-preview:large","max-video-preview":"max-video-preview:-1"},"canonical":"https:\/\/www.ideabellezza.it\/magazine\/scopri-come-eliminare-le-macchie-dal-viso-con-i-giusti-trattamenti\/","og_locale":"it_IT","og_type":"article","og_title":"Scopri come eliminare le macchie dal viso con i giusti trattamenti -","og_description":"Scopriamo, insieme a Idea Bellezza, quali sono i trattamenti e le giuste abitudini di prevenzione per eliminare e ridurre le macchie dal viso.","og_url":"https:\/\/www.ideabellezza.it\/magazine\/scopri-come-eliminare-le-macchie-dal-viso-con-i-giusti-trattamenti\/","article_published_time":"2024-02-06T16:36:06+00:00","article_modified_time":"2024-02-06T16:43:54+00:00","og_image":[{"width":900,"height":700,"url":"https:\/\/magazine.ideabellezza.it\/wp-content\/uploads\/2024\/02\/crema-macchie-viso.jpg","type":"image\/jpeg"}],"author":"ideabellezza","twitter_card":"summary_large_image","twitter_misc":{"Scritto da":"ideabellezza","Tempo di lettura stimato":"5 minuti"},"schema":{"@context":"https:\/\/schema.org","@graph":[{"@type":"WebPage","@id":"https:\/\/www.ideabellezza.it\/magazine\/scopri-come-eliminare-le-macchie-dal-viso-con-i-giusti-trattamenti\/","url":"https:\/\/www.ideabellezza.it\/magazine\/scopri-come-eliminare-le-macchie-dal-viso-con-i-giusti-trattamenti\/","name":"Scopri come eliminare le macchie dal viso con i giusti trattamenti -","isPartOf":{"@id":"https:\/\/www.ideabellezza.it\/magazine\/#website"},"primaryImageOfPage":{"@id":"https:\/\/www.ideabellezza.it\/magazine\/scopri-come-eliminare-le-macchie-dal-viso-con-i-giusti-trattamenti\/#primaryimage"},"image":{"@id":"https:\/\/www.ideabellezza.it\/magazine\/scopri-come-eliminare-le-macchie-dal-viso-con-i-giusti-trattamenti\/#primaryimage"},"thumbnailUrl":"https:\/\/magazine.ideabellezza.it\/wp-content\/uploads\/2024\/02\/crema-macchie-viso.jpg","datePublished":"2024-02-06T16:36:06+00:00","dateModified":"2024-02-06T16:43:54+00:00","author":{"@id":"https:\/\/www.ideabellezza.it\/magazine\/#\/schema\/person\/17b0f47546a3fc5dc1033bb23feffc65"},"description":"Scopriamo, insieme a Idea Bellezza, quali sono i trattamenti e le giuste abitudini di prevenzione per eliminare e ridurre le macchie dal viso.","inLanguage":"it-IT","potentialAction":[{"@type":"ReadAction","target":["https:\/\/www.ideabellezza.it\/magazine\/scopri-come-eliminare-le-macchie-dal-viso-con-i-giusti-trattamenti\/"]}]},{"@type":"ImageObject","inLanguage":"it-IT","@id":"https:\/\/www.ideabellezza.it\/magazine\/scopri-come-eliminare-le-macchie-dal-viso-con-i-giusti-trattamenti\/#primaryimage","url":"https:\/\/magazine.ideabellezza.it\/wp-content\/uploads\/2024\/02\/crema-macchie-viso.jpg","contentUrl":"https:\/\/magazine.ideabellezza.it\/wp-content\/uploads\/2024\/02\/crema-macchie-viso.jpg","width":900,"height":700,"caption":"crema macchie viso"},{"@type":"WebSite","@id":"https:\/\/www.ideabellezza.it\/magazine\/#website","url":"https:\/\/www.ideabellezza.it\/magazine\/","name":"","description":"","potentialAction":[{"@type":"SearchAction","target":{"@type":"EntryPoint","urlTemplate":"https:\/\/www.ideabellezza.it\/magazine\/?s={search_term_string}"},"query-input":{"@type":"PropertyValueSpecification","valueRequired":true,"valueName":"search_term_string"}}],"inLanguage":"it-IT"},{"@type":"Person","@id":"https:\/\/www.ideabellezza.it\/magazine\/#\/schema\/person\/17b0f47546a3fc5dc1033bb23feffc65","name":"ideabellezza","image":{"@type":"ImageObject","inLanguage":"it-IT","@id":"https:\/\/www.ideabellezza.it\/magazine\/#\/schema\/person\/image\/","url":"https:\/\/secure.gravatar.com\/avatar\/60e318cb6e6de1184d3834661ba9f6209a8d536ae9c769e3662804fd574471a2?s=96&d=mm&r=g","contentUrl":"https:\/\/secure.gravatar.com\/avatar\/60e318cb6e6de1184d3834661ba9f6209a8d536ae9c769e3662804fd574471a2?s=96&d=mm&r=g","caption":"ideabellezza"},"sameAs":["http:\/\/ideabellezza.it\/magazine\/IdeaBellezza"]}]}},"_links":{"self":[{"href":"https:\/\/www.ideabellezza.it\/magazine\/wp-json\/wp\/v2\/posts\/2800","targetHints":{"allow":["GET"]}}],"collection":[{"href":"https:\/\/www.ideabellezza.it\/magazine\/wp-json\/wp\/v2\/posts"}],"about":[{"href":"https:\/\/www.ideabellezza.it\/magazine\/wp-json\/wp\/v2\/types\/post"}],"author":[{"embeddable":true,"href":"https:\/\/www.ideabellezza.it\/magazine\/wp-json\/wp\/v2\/users\/1"}],"replies":[{"embeddable":true,"href":"https:\/\/www.ideabellezza.it\/magazine\/wp-json\/wp\/v2\/comments?post=2800"}],"version-history":[{"count":5,"href":"https:\/\/www.ideabellezza.it\/magazine\/wp-json\/wp\/v2\/posts\/2800\/revisions"}],"predecessor-version":[{"id":2810,"href":"https:\/\/www.ideabellezza.it\/magazine\/wp-json\/wp\/v2\/posts\/2800\/revisions\/2810"}],"wp:featuredmedia":[{"embeddable":true,"href":"https:\/\/www.ideabellezza.it\/magazine\/wp-json\/wp\/v2\/media\/2802"}],"wp:attachment":[{"href":"https:\/\/www.ideabellezza.it\/magazine\/wp-json\/wp\/v2\/media?parent=2800"}],"wp:term":[{"taxonomy":"category","embeddable":true,"href":"https:\/\/www.ideabellezza.it\/magazine\/wp-json\/wp\/v2\/categories?post=2800"},{"taxonomy":"post_tag","embeddable":true,"href":"https:\/\/www.ideabellezza.it\/magazine\/wp-json\/wp\/v2\/tags?post=2800"}],"curies":[{"name":"wp","href":"https:\/\/api.w.org\/{rel}","templated":true}]}}