{"id":3576,"date":"2025-02-25T16:30:20","date_gmt":"2025-02-25T15:30:20","guid":{"rendered":"https:\/\/magazine.ideabellezza.it\/?p=3576"},"modified":"2025-02-26T15:52:36","modified_gmt":"2025-02-26T14:52:36","slug":"regalare-trucchi-per-la-festa-della-donna","status":"publish","type":"post","link":"https:\/\/www.ideabellezza.it\/magazine\/regalare-trucchi-per-la-festa-della-donna\/","title":{"rendered":"Regalare trucchi per la Festa della Donna: le migliori idee per sorprendere con stile"},"content":{"rendered":"\n<p>La Festa della Donna \u00e8 un\u2019occasione speciale per celebrare le donne che fanno parte della nostra vita, e quale modo migliore di farlo se non con un regalo che valorizzi la loro bellezza? Il make-up \u00e8 un\u2019idea perfetta per chi desidera sorprendere con stile, regalando non solo un prodotto, ma un\u2019esperienza di cura e benessere. Da <a href=\"https:\/\/www.ideabellezza.it\/\" target=\"_blank\" rel=\"noreferrer noopener\">Idea Bellezza<\/a> puoi trovare i migliori prodotti make-up da <strong>regalare per la festa della donna<\/strong>: ecco cosa consigliano gli esperti.<\/p>\n\n\n\n\n\n<h2 class=\"wp-block-heading\">Perch\u00e9 scegliere il make-up come idea regalo per la festa della Donna?<\/h2>\n\n\n\n<p>Il trucco non \u00e8 solo una questione estetica, ma un vero e proprio strumento di espressione personale. Ogni donna ha il proprio stile e le proprie preferenze in fatto di make-up: <strong>c\u2019\u00e8 chi ama i look naturali e chi predilige colori vivaci e audaci<\/strong>. Regalare prodotti di bellezza significa offrire la possibilit\u00e0 di sperimentare, di giocare con nuove sfumature e di sentirsi ancora pi\u00f9 sicure di s\u00e9.<\/p>\n\n\n\n<p>Inoltre, il make-up \u00e8 un regalo versatile. Si adatta a ogni et\u00e0 e personalit\u00e0, \u00e8 <strong>disponibile in una vasta gamma di fasce di prezzo<\/strong> e si pu\u00f2 personalizzare in base alle esigenze di chi lo riceve. Un <a href=\"https:\/\/www.ideabellezza.it\/make-up\/labbra\/rossetti\/\" target=\"_blank\" rel=\"noreferrer noopener\">rossetto<\/a> elegante, una palette di <a href=\"https:\/\/www.ideabellezza.it\/make-up\/occhi\/ombretti\/\" target=\"_blank\" rel=\"noreferrer noopener\">ombretti<\/a> dai toni caldi o un <a href=\"https:\/\/www.ideabellezza.it\/trattamenti-viso\/\" target=\"_blank\" rel=\"noreferrer noopener\">set per la skincare<\/a> sono tutte scelte azzeccate che possono rendere felice qualsiasi appassionata di beauty.<\/p>\n\n\n<div class=\"wp-block-image\">\n<figure class=\"aligncenter size-full\"><a href=\"https:\/\/www.ideabellezza.it\/make-up\/\" target=\"_blank\" rel=\" noreferrer noopener\"><img loading=\"lazy\" decoding=\"async\" width=\"800\" height=\"315\" src=\"https:\/\/magazine.ideabellezza.it\/wp-content\/uploads\/2025\/02\/acquisto-trucchi-da-regalare.jpg\" alt=\"acquisto trucchi da regalare\" class=\"wp-image-3600\" title=\"acquisto trucchi da regalare\" srcset=\"https:\/\/magazine.ideabellezza.it\/wp-content\/uploads\/2025\/02\/acquisto-trucchi-da-regalare.jpg 800w, https:\/\/magazine.ideabellezza.it\/wp-content\/uploads\/2025\/02\/acquisto-trucchi-da-regalare-300x118.jpg 300w, https:\/\/magazine.ideabellezza.it\/wp-content\/uploads\/2025\/02\/acquisto-trucchi-da-regalare-768x302.jpg 768w, https:\/\/magazine.ideabellezza.it\/wp-content\/uploads\/2025\/02\/acquisto-trucchi-da-regalare-370x146.jpg 370w, https:\/\/magazine.ideabellezza.it\/wp-content\/uploads\/2025\/02\/acquisto-trucchi-da-regalare-760x299.jpg 760w\" sizes=\"auto, (max-width: 800px) 100vw, 800px\" \/><\/a><\/figure>\n<\/div>\n\n\n<h2 class=\"wp-block-heading\">I cofanetti make-up pi\u00f9 desiderati del momento<\/h2>\n\n\n\n<p>Se non sai da dove iniziare, i <a href=\"https:\/\/www.ideabellezza.it\/make-up\/cofanetti-make-up\/\" target=\"_blank\" rel=\"noreferrer noopener\">cofanetti make-up<\/a> sono sempre una soluzione vincente. Questi kit gi\u00e0 pronti racchiudono <strong>prodotti selezionati con cura dai brand pi\u00f9 amati<\/strong>, offrendo un\u2019esperienza beauty completa.<\/p>\n\n\n\n<p>Tra i pi\u00f9 desiderati del momento troviamo le <a href=\"https:\/\/www.ideabellezza.it\/make-up\/palette\/\" target=\"_blank\" rel=\"noreferrer noopener\">palette<\/a> di ombretti dalle tonalit\u00e0 neutre e luminose, perfette per un trucco da giorno raffinato e versatile. Anche i set di rossetti, con diverse nuance per ogni occasione, sono una scelta molto apprezzata. Per chi ama prendersi cura della pelle, i cofanetti skincare con <a href=\"https:\/\/www.ideabellezza.it\/trattamenti-viso\/trattamenti-viso-donna\/sieri-viso\/\" target=\"_blank\" rel=\"noreferrer noopener\">sieri illuminanti<\/a> e <a href=\"https:\/\/www.ideabellezza.it\/trattamenti-viso\/maschere-viso\/\" target=\"_blank\" rel=\"noreferrer noopener\">maschere idratanti<\/a> sono una coccola irresistibile.<\/p>\n\n\n\n<p>Molti brand propongono <strong>confezioni in edizione limitata proprio per la Festa della Donna<\/strong>, con packaging eleganti e prodotti esclusivi che rendono il regalo ancora pi\u00f9 speciale.<\/p>\n\n\n\n<div class=\"wp-block-columns are-vertically-aligned-center is-layout-flex wp-container-core-columns-is-layout-9d6595d7 wp-block-columns-is-layout-flex\">\n<div class=\"wp-block-column is-vertically-aligned-center is-layout-flow wp-block-column-is-layout-flow\">\n<figure class=\"wp-block-image size-full\"><img loading=\"lazy\" decoding=\"async\" width=\"600\" height=\"600\" src=\"https:\/\/magazine.ideabellezza.it\/wp-content\/uploads\/2025\/02\/Lancome-Mascara-Lash-Idole-Cofanetto.jpg\" alt=\"Mascara Lash Idole\" class=\"wp-image-3577\" title=\"Mascara Lash Idole\" srcset=\"https:\/\/magazine.ideabellezza.it\/wp-content\/uploads\/2025\/02\/Lancome-Mascara-Lash-Idole-Cofanetto.jpg 600w, https:\/\/magazine.ideabellezza.it\/wp-content\/uploads\/2025\/02\/Lancome-Mascara-Lash-Idole-Cofanetto-300x300.jpg 300w, https:\/\/magazine.ideabellezza.it\/wp-content\/uploads\/2025\/02\/Lancome-Mascara-Lash-Idole-Cofanetto-150x150.jpg 150w, https:\/\/magazine.ideabellezza.it\/wp-content\/uploads\/2025\/02\/Lancome-Mascara-Lash-Idole-Cofanetto-370x370.jpg 370w, https:\/\/magazine.ideabellezza.it\/wp-content\/uploads\/2025\/02\/Lancome-Mascara-Lash-Idole-Cofanetto-146x146.jpg 146w\" sizes=\"auto, (max-width: 600px) 100vw, 600px\" \/><\/figure>\n\n\n\n<div class=\"wp-block-buttons is-content-justification-center is-layout-flex wp-container-core-buttons-is-layout-16018d1d wp-block-buttons-is-layout-flex\">\n<div class=\"wp-block-button has-custom-width wp-block-button__width-100\"><a class=\"wp-block-button__link has-background wp-element-button\" href=\"https:\/\/www.ideabellezza.it\/mascara-lash-idole-cofanetto\/\" style=\"background-color:#e2007a\" target=\"_blank\" rel=\"noreferrer noopener\">Mascara Lash Id\u00f4le<\/a><\/div>\n<\/div>\n<\/div>\n\n\n\n<div class=\"wp-block-column is-vertically-aligned-center is-layout-flow wp-block-column-is-layout-flow\">\n<figure class=\"wp-block-image size-full\"><img loading=\"lazy\" decoding=\"async\" width=\"600\" height=\"600\" src=\"https:\/\/magazine.ideabellezza.it\/wp-content\/uploads\/2025\/02\/Mesauda-Kit-Power-Pout-Lip.jpg\" alt=\"Kit Power Pout Lip\" class=\"wp-image-3578\" title=\"Kit Power Pout Lip\" srcset=\"https:\/\/magazine.ideabellezza.it\/wp-content\/uploads\/2025\/02\/Mesauda-Kit-Power-Pout-Lip.jpg 600w, https:\/\/magazine.ideabellezza.it\/wp-content\/uploads\/2025\/02\/Mesauda-Kit-Power-Pout-Lip-300x300.jpg 300w, https:\/\/magazine.ideabellezza.it\/wp-content\/uploads\/2025\/02\/Mesauda-Kit-Power-Pout-Lip-150x150.jpg 150w, https:\/\/magazine.ideabellezza.it\/wp-content\/uploads\/2025\/02\/Mesauda-Kit-Power-Pout-Lip-370x370.jpg 370w, https:\/\/magazine.ideabellezza.it\/wp-content\/uploads\/2025\/02\/Mesauda-Kit-Power-Pout-Lip-146x146.jpg 146w\" sizes=\"auto, (max-width: 600px) 100vw, 600px\" \/><\/figure>\n\n\n\n<div class=\"wp-block-buttons is-content-justification-center is-layout-flex wp-container-core-buttons-is-layout-16018d1d wp-block-buttons-is-layout-flex\">\n<div class=\"wp-block-button has-custom-width wp-block-button__width-100\"><a class=\"wp-block-button__link has-background wp-element-button\" href=\"https:\/\/www.ideabellezza.it\/kit-power-pout-lip\/\" style=\"background-color:#e2007a\" target=\"_blank\" rel=\"noreferrer noopener\">Kit Power Pout Lip!<\/a><\/div>\n<\/div>\n<\/div>\n\n\n\n<div class=\"wp-block-column is-vertically-aligned-center is-layout-flow wp-block-column-is-layout-flow\">\n<figure class=\"wp-block-image size-full\"><img loading=\"lazy\" decoding=\"async\" width=\"600\" height=\"600\" src=\"https:\/\/magazine.ideabellezza.it\/wp-content\/uploads\/2025\/02\/Pupa-Pochette-Kit-Vamp-Mascara-Lash-Extender-Miss-Pupa-Gloss.jpg\" alt=\"Pochette Kit Vamp\" class=\"wp-image-3579\" title=\"Pochette Kit Vamp\" srcset=\"https:\/\/magazine.ideabellezza.it\/wp-content\/uploads\/2025\/02\/Pupa-Pochette-Kit-Vamp-Mascara-Lash-Extender-Miss-Pupa-Gloss.jpg 600w, https:\/\/magazine.ideabellezza.it\/wp-content\/uploads\/2025\/02\/Pupa-Pochette-Kit-Vamp-Mascara-Lash-Extender-Miss-Pupa-Gloss-300x300.jpg 300w, https:\/\/magazine.ideabellezza.it\/wp-content\/uploads\/2025\/02\/Pupa-Pochette-Kit-Vamp-Mascara-Lash-Extender-Miss-Pupa-Gloss-150x150.jpg 150w, https:\/\/magazine.ideabellezza.it\/wp-content\/uploads\/2025\/02\/Pupa-Pochette-Kit-Vamp-Mascara-Lash-Extender-Miss-Pupa-Gloss-370x370.jpg 370w, https:\/\/magazine.ideabellezza.it\/wp-content\/uploads\/2025\/02\/Pupa-Pochette-Kit-Vamp-Mascara-Lash-Extender-Miss-Pupa-Gloss-146x146.jpg 146w\" sizes=\"auto, (max-width: 600px) 100vw, 600px\" \/><\/figure>\n\n\n\n<div class=\"wp-block-buttons is-content-justification-center is-layout-flex wp-container-core-buttons-is-layout-16018d1d wp-block-buttons-is-layout-flex\">\n<div class=\"wp-block-button has-custom-width wp-block-button__width-100\"><a class=\"wp-block-button__link has-background wp-element-button\" href=\"https:\/\/www.ideabellezza.it\/pochette-kit-vamp-mascara-lash-extender-miss-pupa-gloss\/\" style=\"background-color:#e2007a\" target=\"_blank\" rel=\"noreferrer noopener\">Pochette Kit Vamp!<\/a><\/div>\n<\/div>\n<\/div>\n<\/div>\n\n\n\n<h2 class=\"wp-block-heading\">Come regalare il set trucco perfetto per la Festa della Donna<\/h2>\n\n\n\n<p><strong>Scegliere il make-up giusto<\/strong> per un regalo pu\u00f2 sembrare complicato, ma con qualche accorgimento \u00e8 possibile trovare il set perfetto. La prima cosa da considerare \u00e8 lo stile di chi lo ricever\u00e0. Ama i look naturali o preferisce trucchi pi\u00f9 intensi? Ha una passione per i rossetti o colleziona palette di ombretti?<\/p>\n\n\n\n<p>Un altro aspetto importante \u00e8 la qualit\u00e0 dei prodotti. Optare per brand affidabili e ingredienti di buona qualit\u00e0 \u00e8 essenziale per garantire un regalo utile e sicuro. Se hai dubbi sulle tonalit\u00e0 o su <a href=\"https:\/\/www.ideabellezza.it\/magazine\/come-scegliere-il-colore-giusto-del-rossetto\/\" target=\"_blank\" rel=\"noreferrer noopener\">come scegliere il colore giusto del rossetto<\/a>, puoi sempre <strong>puntare su colori universali<\/strong>, come un nude elegante per le labbra o una <a href=\"https:\/\/www.ideabellezza.it\/make-up\/viso\/terre-abbronzanti\/\" target=\"_blank\" rel=\"noreferrer noopener\">terra abbronzante<\/a> modulabile.<\/p>\n\n\n\n<p>Per chi ama sperimentare, invece, le <strong>novit\u00e0 del settore beauty<\/strong> sono un\u2019ottima opzione. I prodotti multifunzionali, come <a href=\"https:\/\/www.ideabellezza.it\/make-up\/viso\/blush\/\">blush<\/a> in crema che possono essere usati anche sulle labbra, o i <a href=\"https:\/\/www.ideabellezza.it\/make-up\/palette\/palette-viso\/\" target=\"_blank\" rel=\"noreferrer noopener\">kit per il contouring<\/a>, permettono di creare look sempre diversi con un solo prodotto.<\/p>\n\n\n\n<div class=\"wp-block-columns are-vertically-aligned-center is-layout-flex wp-container-core-columns-is-layout-9d6595d7 wp-block-columns-is-layout-flex\">\n<div class=\"wp-block-column is-vertically-aligned-center is-layout-flow wp-block-column-is-layout-flow\">\n<figure class=\"wp-block-image size-full\"><img loading=\"lazy\" decoding=\"async\" width=\"600\" height=\"600\" src=\"https:\/\/magazine.ideabellezza.it\/wp-content\/uploads\/2025\/02\/Terra-Abbronzante-Effetto-Seta.jpg\" alt=\"Terra Abbronzante Effetto Seta\" class=\"wp-image-3589\" title=\"Terra Abbronzante Effetto Seta\" srcset=\"https:\/\/magazine.ideabellezza.it\/wp-content\/uploads\/2025\/02\/Terra-Abbronzante-Effetto-Seta.jpg 600w, https:\/\/magazine.ideabellezza.it\/wp-content\/uploads\/2025\/02\/Terra-Abbronzante-Effetto-Seta-300x300.jpg 300w, https:\/\/magazine.ideabellezza.it\/wp-content\/uploads\/2025\/02\/Terra-Abbronzante-Effetto-Seta-150x150.jpg 150w, https:\/\/magazine.ideabellezza.it\/wp-content\/uploads\/2025\/02\/Terra-Abbronzante-Effetto-Seta-370x370.jpg 370w, https:\/\/magazine.ideabellezza.it\/wp-content\/uploads\/2025\/02\/Terra-Abbronzante-Effetto-Seta-146x146.jpg 146w\" sizes=\"auto, (max-width: 600px) 100vw, 600px\" \/><\/figure>\n\n\n\n<div class=\"wp-block-buttons is-content-justification-center is-layout-flex wp-container-core-buttons-is-layout-16018d1d wp-block-buttons-is-layout-flex\">\n<div class=\"wp-block-button has-custom-width wp-block-button__width-100\"><a class=\"wp-block-button__link has-background wp-element-button\" href=\"https:\/\/www.ideabellezza.it\/terra-abbronzante-effetto-seta\/\" style=\"background-color:#e2007a\" target=\"_blank\" rel=\"noreferrer noopener\">Terra Abbronzante Effetto Seta<\/a><\/div>\n<\/div>\n<\/div>\n\n\n\n<div class=\"wp-block-column is-vertically-aligned-center is-layout-flow wp-block-column-is-layout-flow\">\n<figure class=\"wp-block-image size-full\"><img loading=\"lazy\" decoding=\"async\" width=\"600\" height=\"600\" src=\"https:\/\/magazine.ideabellezza.it\/wp-content\/uploads\/2025\/02\/All-In-One-Blush.jpg\" alt=\"All In One Blush\" class=\"wp-image-3591\" title=\"All In One Blush\" srcset=\"https:\/\/magazine.ideabellezza.it\/wp-content\/uploads\/2025\/02\/All-In-One-Blush.jpg 600w, https:\/\/magazine.ideabellezza.it\/wp-content\/uploads\/2025\/02\/All-In-One-Blush-300x300.jpg 300w, https:\/\/magazine.ideabellezza.it\/wp-content\/uploads\/2025\/02\/All-In-One-Blush-150x150.jpg 150w, https:\/\/magazine.ideabellezza.it\/wp-content\/uploads\/2025\/02\/All-In-One-Blush-370x370.jpg 370w, https:\/\/magazine.ideabellezza.it\/wp-content\/uploads\/2025\/02\/All-In-One-Blush-146x146.jpg 146w\" sizes=\"auto, (max-width: 600px) 100vw, 600px\" \/><\/figure>\n\n\n\n<div class=\"wp-block-buttons is-content-justification-center is-layout-flex wp-container-core-buttons-is-layout-16018d1d wp-block-buttons-is-layout-flex\">\n<div class=\"wp-block-button has-custom-width wp-block-button__width-100\"><a class=\"wp-block-button__link has-background wp-element-button\" href=\"https:\/\/www.ideabellezza.it\/all-in-one-blush-stick-multiuso-in-crema\/\" style=\"background-color:#e2007a\" target=\"_blank\" rel=\"noreferrer noopener\">All In One Blush<\/a><\/div>\n<\/div>\n<\/div>\n\n\n\n<div class=\"wp-block-column is-vertically-aligned-center is-layout-flow wp-block-column-is-layout-flow\">\n<figure class=\"wp-block-image size-full\"><img loading=\"lazy\" decoding=\"async\" width=\"600\" height=\"600\" src=\"https:\/\/magazine.ideabellezza.it\/wp-content\/uploads\/2025\/02\/Contouring-Duo-Palette.jpg\" alt=\"Contouring Duo Palette\" class=\"wp-image-3590\" title=\"Contouring Duo Palette\" srcset=\"https:\/\/magazine.ideabellezza.it\/wp-content\/uploads\/2025\/02\/Contouring-Duo-Palette.jpg 600w, https:\/\/magazine.ideabellezza.it\/wp-content\/uploads\/2025\/02\/Contouring-Duo-Palette-300x300.jpg 300w, https:\/\/magazine.ideabellezza.it\/wp-content\/uploads\/2025\/02\/Contouring-Duo-Palette-150x150.jpg 150w, https:\/\/magazine.ideabellezza.it\/wp-content\/uploads\/2025\/02\/Contouring-Duo-Palette-370x370.jpg 370w, https:\/\/magazine.ideabellezza.it\/wp-content\/uploads\/2025\/02\/Contouring-Duo-Palette-146x146.jpg 146w\" sizes=\"auto, (max-width: 600px) 100vw, 600px\" \/><\/figure>\n\n\n\n<div class=\"wp-block-buttons is-content-justification-center is-layout-flex wp-container-core-buttons-is-layout-16018d1d wp-block-buttons-is-layout-flex\">\n<div class=\"wp-block-button has-custom-width wp-block-button__width-100\"><a class=\"wp-block-button__link has-background wp-element-button\" href=\"https:\/\/www.ideabellezza.it\/contouring-duo-palette\/\" style=\"background-color:#e2007a\" target=\"_blank\" rel=\"noreferrer noopener\">Contouring Duo Palette<\/a><\/div>\n<\/div>\n<\/div>\n<\/div>\n\n\n\n<h2 class=\"wp-block-heading\">Trucchi da regalare ad un\u2019amica: idee semplici e originali<\/h2>\n\n\n\n<p>Se vuoi sorprendere un\u2019amica con un regalo beauty, ci sono tantissime idee semplici ma d\u2019effetto. Un <a href=\"https:\/\/www.ideabellezza.it\/make-up\/labbra\/gloss\/\" target=\"_blank\" rel=\"noreferrer noopener\">gloss<\/a> idratante, ad esempio, \u00e8 sempre utile e dona un tocco di freschezza immediato. Un <a href=\"https:\/\/www.ideabellezza.it\/make-up\/occhi\/mascara\/\" target=\"_blank\" rel=\"noreferrer noopener\">mascara<\/a> volumizzante, invece, \u00e8 perfetto per chi ama valorizzare lo sguardo con un prodotto essenziale nella routine quotidiana.<\/p>\n\n\n\n<p>Un\u2019altra idea carina \u00e8 un <a href=\"https:\/\/www.ideabellezza.it\/make-up\/pennelli-e-spugnette\/\" target=\"_blank\" rel=\"noreferrer noopener\">set di pennelli da trucco<\/a>: non solo sono <strong>indispensabili per applicare i prodotti in modo impeccabile<\/strong>, ma spesso vengono proposti in confezioni eleganti che rendono il regalo ancora pi\u00f9 raffinato.<\/p>\n\n\n\n<p>Se vuoi aggiungere un tocco personalizzato, puoi optare per una <strong>mini palette con colori che si abbinano ai suoi outfit preferiti<\/strong>, oppure un <a href=\"https:\/\/www.ideabellezza.it\/make-up\/viso\/illuminanti\/\" target=\"_blank\" rel=\"noreferrer noopener\">illuminante<\/a> per dare luce al viso con una semplice passata di pennello.<\/p>\n\n\n\n<div class=\"wp-block-columns are-vertically-aligned-center is-layout-flex wp-container-core-columns-is-layout-9d6595d7 wp-block-columns-is-layout-flex\">\n<div class=\"wp-block-column is-vertically-aligned-center is-layout-flow wp-block-column-is-layout-flow\">\n<figure class=\"wp-block-image size-full\"><img loading=\"lazy\" decoding=\"async\" width=\"600\" height=\"600\" src=\"https:\/\/magazine.ideabellezza.it\/wp-content\/uploads\/2025\/02\/Dior-Addict-Lip-Maximizer.jpg\" alt=\"Dior Addict Lip Maximizer - Gloss Rimpolpante Labbra\" class=\"wp-image-3593\" title=\"Dior Addict Lip Maximizer - Gloss Rimpolpante Labbra\" srcset=\"https:\/\/magazine.ideabellezza.it\/wp-content\/uploads\/2025\/02\/Dior-Addict-Lip-Maximizer.jpg 600w, https:\/\/magazine.ideabellezza.it\/wp-content\/uploads\/2025\/02\/Dior-Addict-Lip-Maximizer-300x300.jpg 300w, https:\/\/magazine.ideabellezza.it\/wp-content\/uploads\/2025\/02\/Dior-Addict-Lip-Maximizer-150x150.jpg 150w, https:\/\/magazine.ideabellezza.it\/wp-content\/uploads\/2025\/02\/Dior-Addict-Lip-Maximizer-370x370.jpg 370w, https:\/\/magazine.ideabellezza.it\/wp-content\/uploads\/2025\/02\/Dior-Addict-Lip-Maximizer-146x146.jpg 146w\" sizes=\"auto, (max-width: 600px) 100vw, 600px\" \/><\/figure>\n\n\n\n<div class=\"wp-block-buttons is-content-justification-center is-layout-flex wp-container-core-buttons-is-layout-16018d1d wp-block-buttons-is-layout-flex\">\n<div class=\"wp-block-button has-custom-width wp-block-button__width-100\"><a class=\"wp-block-button__link has-background wp-element-button\" href=\"https:\/\/www.ideabellezza.it\/dior-addict-lip-maximizer-gloss-rimpolpante-labbra\/\" style=\"background-color:#e2007a\" target=\"_blank\" rel=\"noreferrer noopener\">Dior Addict Lip Maximizer<\/a><\/div>\n<\/div>\n<\/div>\n\n\n\n<div class=\"wp-block-column is-vertically-aligned-center is-layout-flow wp-block-column-is-layout-flow\">\n<figure class=\"wp-block-image size-full\"><img loading=\"lazy\" decoding=\"async\" width=\"600\" height=\"600\" src=\"https:\/\/magazine.ideabellezza.it\/wp-content\/uploads\/2025\/02\/Mascara-Lash-Clash.jpg\" alt=\"Mascara Lash Clash\" class=\"wp-image-3595\" title=\"Mascara Lash Clash\" srcset=\"https:\/\/magazine.ideabellezza.it\/wp-content\/uploads\/2025\/02\/Mascara-Lash-Clash.jpg 600w, https:\/\/magazine.ideabellezza.it\/wp-content\/uploads\/2025\/02\/Mascara-Lash-Clash-300x300.jpg 300w, https:\/\/magazine.ideabellezza.it\/wp-content\/uploads\/2025\/02\/Mascara-Lash-Clash-150x150.jpg 150w, https:\/\/magazine.ideabellezza.it\/wp-content\/uploads\/2025\/02\/Mascara-Lash-Clash-370x370.jpg 370w, https:\/\/magazine.ideabellezza.it\/wp-content\/uploads\/2025\/02\/Mascara-Lash-Clash-146x146.jpg 146w\" sizes=\"auto, (max-width: 600px) 100vw, 600px\" \/><\/figure>\n\n\n\n<div class=\"wp-block-buttons is-content-justification-center is-layout-flex wp-container-core-buttons-is-layout-16018d1d wp-block-buttons-is-layout-flex\">\n<div class=\"wp-block-button has-custom-width wp-block-button__width-100\"><a class=\"wp-block-button__link has-background wp-element-button\" href=\"https:\/\/www.ideabellezza.it\/mascara-lash-clash\/\" style=\"background-color:#e2007a\" target=\"_blank\" rel=\"noreferrer noopener\">Mascara Lash Clash<\/a><\/div>\n<\/div>\n<\/div>\n\n\n\n<div class=\"wp-block-column is-vertically-aligned-center is-layout-flow wp-block-column-is-layout-flow\">\n<figure class=\"wp-block-image size-full\"><img loading=\"lazy\" decoding=\"async\" width=\"600\" height=\"600\" src=\"https:\/\/magazine.ideabellezza.it\/wp-content\/uploads\/2025\/02\/Lumi-Glotion-\u2013-Illuminante.jpg\" alt=\"Lumi Glotion \u2013 Illuminante\" class=\"wp-image-3594\" title=\"Lumi Glotion \u2013 Illuminante\" srcset=\"https:\/\/magazine.ideabellezza.it\/wp-content\/uploads\/2025\/02\/Lumi-Glotion-\u2013-Illuminante.jpg 600w, https:\/\/magazine.ideabellezza.it\/wp-content\/uploads\/2025\/02\/Lumi-Glotion-\u2013-Illuminante-300x300.jpg 300w, https:\/\/magazine.ideabellezza.it\/wp-content\/uploads\/2025\/02\/Lumi-Glotion-\u2013-Illuminante-150x150.jpg 150w, https:\/\/magazine.ideabellezza.it\/wp-content\/uploads\/2025\/02\/Lumi-Glotion-\u2013-Illuminante-370x370.jpg 370w, https:\/\/magazine.ideabellezza.it\/wp-content\/uploads\/2025\/02\/Lumi-Glotion-\u2013-Illuminante-146x146.jpg 146w\" sizes=\"auto, (max-width: 600px) 100vw, 600px\" \/><\/figure>\n\n\n\n<div class=\"wp-block-buttons is-content-justification-center is-layout-flex wp-container-core-buttons-is-layout-16018d1d wp-block-buttons-is-layout-flex\">\n<div class=\"wp-block-button has-custom-width wp-block-button__width-100\"><a class=\"wp-block-button__link has-background wp-element-button\" href=\"https:\/\/www.ideabellezza.it\/lumi-glotion-illuminante\/\" style=\"background-color:#e2007a\" target=\"_blank\" rel=\"noreferrer noopener\">Lumi Glotion \u2013 Illuminante<\/a><\/div>\n<\/div>\n<\/div>\n<\/div>\n\n\n\n<h2 class=\"wp-block-heading\">Trucchi da regalare ad una ragazza: sorprendila con il regalo giusto<\/h2>\n\n\n\n<p>Quando si sceglie un regalo per una ragazza giovane, \u00e8 importante <strong>puntare su prodotti trendy e facili da usare<\/strong>. I gloss colorati, ad esempio, sono perfetti per un look fresco e naturale, mentre i blush liquidi stanno spopolando grazie alla loro praticit\u00e0 e alla texture leggera.<\/p>\n\n\n\n<p>Le palette di <strong>ombretti con tonalit\u00e0 pastello o glitterate<\/strong> sono un\u2019ottima scelta per chi ama sperimentare con il trucco, mentre un <a href=\"https:\/\/www.ideabellezza.it\/make-up\/sopracciglia\/\" target=\"_blank\" rel=\"noreferrer noopener\">set per sopracciglia<\/a> aiuter\u00e0 a definire lo sguardo con precisione.<\/p>\n\n\n\n<p>Un\u2019altra idea originale \u00e8 un kit di <a href=\"https:\/\/www.ideabellezza.it\/make-up\/labbra\/balsamo-labbra\/\" target=\"_blank\" rel=\"noreferrer noopener\">lip balm<\/a> profumati, magari arricchiti con ingredienti nutrienti come <strong>burro di karit\u00e9 e olio di cocco<\/strong>. Questo tipo di prodotto \u00e8 sempre utile, soprattutto nei mesi pi\u00f9 freddi, e si adatta a ogni stile.<\/p>\n\n\n\n<p>Se vuoi davvero sorprenderla, puoi scegliere un <strong>prodotto virale sui social<\/strong>: ogni anno, alcune novit\u00e0 beauty diventano un must-have e sono il regalo perfetto per chi segue le ultime tendenze.<\/p>\n\n\n\n<div class=\"wp-block-columns are-vertically-aligned-center is-layout-flex wp-container-core-columns-is-layout-9d6595d7 wp-block-columns-is-layout-flex\">\n<div class=\"wp-block-column is-vertically-aligned-center is-layout-flow wp-block-column-is-layout-flow\">\n<figure class=\"wp-block-image size-full\"><img loading=\"lazy\" decoding=\"async\" width=\"600\" height=\"600\" src=\"https:\/\/magazine.ideabellezza.it\/wp-content\/uploads\/2025\/02\/Hydramorphosis-Tinted-Lip-Balm.jpg\" alt=\"Hydramorphosis Tinted Lip Balm\" class=\"wp-image-3596\" title=\"Hydramorphosis Tinted Lip Balm\" srcset=\"https:\/\/magazine.ideabellezza.it\/wp-content\/uploads\/2025\/02\/Hydramorphosis-Tinted-Lip-Balm.jpg 600w, https:\/\/magazine.ideabellezza.it\/wp-content\/uploads\/2025\/02\/Hydramorphosis-Tinted-Lip-Balm-300x300.jpg 300w, https:\/\/magazine.ideabellezza.it\/wp-content\/uploads\/2025\/02\/Hydramorphosis-Tinted-Lip-Balm-150x150.jpg 150w, https:\/\/magazine.ideabellezza.it\/wp-content\/uploads\/2025\/02\/Hydramorphosis-Tinted-Lip-Balm-370x370.jpg 370w, https:\/\/magazine.ideabellezza.it\/wp-content\/uploads\/2025\/02\/Hydramorphosis-Tinted-Lip-Balm-146x146.jpg 146w\" sizes=\"auto, (max-width: 600px) 100vw, 600px\" \/><\/figure>\n\n\n\n<div class=\"wp-block-buttons is-content-justification-center is-layout-flex wp-container-core-buttons-is-layout-16018d1d wp-block-buttons-is-layout-flex\">\n<div class=\"wp-block-button has-custom-width wp-block-button__width-100\"><a class=\"wp-block-button__link has-background wp-element-button\" href=\"https:\/\/www.ideabellezza.it\/hydramorphosis-tinted-lip-balm\/\" style=\"background-color:#e2007a\" target=\"_blank\" rel=\"noreferrer noopener\">Hydramorphosis Tinted Lip Balm<\/a><\/div>\n<\/div>\n<\/div>\n\n\n\n<div class=\"wp-block-column is-vertically-aligned-center is-layout-flow wp-block-column-is-layout-flow\">\n<figure class=\"wp-block-image size-full\"><img loading=\"lazy\" decoding=\"async\" width=\"600\" height=\"600\" src=\"https:\/\/magazine.ideabellezza.it\/wp-content\/uploads\/2025\/02\/Essence-Brow-Powder-Set-Per-Sopracciglia.jpg\" alt=\"Essence Brow Powder Set Per Sopracciglia\" class=\"wp-image-3597\" title=\"Essence Brow Powder Set Per Sopracciglia\" srcset=\"https:\/\/magazine.ideabellezza.it\/wp-content\/uploads\/2025\/02\/Essence-Brow-Powder-Set-Per-Sopracciglia.jpg 600w, https:\/\/magazine.ideabellezza.it\/wp-content\/uploads\/2025\/02\/Essence-Brow-Powder-Set-Per-Sopracciglia-300x300.jpg 300w, https:\/\/magazine.ideabellezza.it\/wp-content\/uploads\/2025\/02\/Essence-Brow-Powder-Set-Per-Sopracciglia-150x150.jpg 150w, https:\/\/magazine.ideabellezza.it\/wp-content\/uploads\/2025\/02\/Essence-Brow-Powder-Set-Per-Sopracciglia-370x370.jpg 370w, https:\/\/magazine.ideabellezza.it\/wp-content\/uploads\/2025\/02\/Essence-Brow-Powder-Set-Per-Sopracciglia-146x146.jpg 146w\" sizes=\"auto, (max-width: 600px) 100vw, 600px\" \/><\/figure>\n\n\n\n<div class=\"wp-block-buttons is-content-justification-center is-layout-flex wp-container-core-buttons-is-layout-16018d1d wp-block-buttons-is-layout-flex\">\n<div class=\"wp-block-button has-custom-width wp-block-button__width-100\"><a class=\"wp-block-button__link has-background wp-element-button\" href=\"https:\/\/www.ideabellezza.it\/essence-brow-powder-set-per-sopracciglia\/\" style=\"background-color:#e2007a\" target=\"_blank\" rel=\"noreferrer noopener\">Essence Brow Powder<\/a><\/div>\n<\/div>\n<\/div>\n\n\n\n<div class=\"wp-block-column is-vertically-aligned-center is-layout-flow wp-block-column-is-layout-flow\">\n<figure class=\"wp-block-image size-full\"><img loading=\"lazy\" decoding=\"async\" width=\"600\" height=\"600\" src=\"https:\/\/magazine.ideabellezza.it\/wp-content\/uploads\/2025\/02\/Marvel-Avengers-Party-Pack-Balsamo-Per-Labbra-8-Pz.jpg\" alt=\"Marvel Avengers Party Pack - Balsamo Per Labbra 8 Pz\" class=\"wp-image-3598\" title=\"Marvel Avengers Party Pack - Balsamo Per Labbra 8 Pz\" srcset=\"https:\/\/magazine.ideabellezza.it\/wp-content\/uploads\/2025\/02\/Marvel-Avengers-Party-Pack-Balsamo-Per-Labbra-8-Pz.jpg 600w, https:\/\/magazine.ideabellezza.it\/wp-content\/uploads\/2025\/02\/Marvel-Avengers-Party-Pack-Balsamo-Per-Labbra-8-Pz-300x300.jpg 300w, https:\/\/magazine.ideabellezza.it\/wp-content\/uploads\/2025\/02\/Marvel-Avengers-Party-Pack-Balsamo-Per-Labbra-8-Pz-150x150.jpg 150w, https:\/\/magazine.ideabellezza.it\/wp-content\/uploads\/2025\/02\/Marvel-Avengers-Party-Pack-Balsamo-Per-Labbra-8-Pz-370x370.jpg 370w, https:\/\/magazine.ideabellezza.it\/wp-content\/uploads\/2025\/02\/Marvel-Avengers-Party-Pack-Balsamo-Per-Labbra-8-Pz-146x146.jpg 146w\" sizes=\"auto, (max-width: 600px) 100vw, 600px\" \/><\/figure>\n\n\n\n<div class=\"wp-block-buttons is-content-justification-center is-layout-flex wp-container-core-buttons-is-layout-16018d1d wp-block-buttons-is-layout-flex\">\n<div class=\"wp-block-button has-custom-width wp-block-button__width-100\"><a class=\"wp-block-button__link has-background wp-element-button\" href=\"https:\/\/www.ideabellezza.it\/marvel-avengers-party-pack-balsamo-per-labbra-8-pz\/\" style=\"background-color:#e2007a\" target=\"_blank\" rel=\"noreferrer noopener\">Marvel Avengers Party Pack<\/a><\/div>\n<\/div>\n<\/div>\n<\/div>\n\n\n\n<h2 class=\"wp-block-heading\">Come confezionare il tuo regalo in tema con la Festa della Donna<\/h2>\n\n\n\n<p>Il packaging gioca un ruolo fondamentale in un regalo e per la Festa della Donna \u00e8 bello creare un\u2019atmosfera speciale gi\u00e0 dall\u2019incarto. Un\u2019idea semplice ma d\u2019effetto \u00e8 utilizzare carta dorata o gialla, il colore simbolo della giornata, magari <strong>aggiungendo un fiore di mimosa come decorazione<\/strong>.<\/p>\n\n\n\n<p>Se vuoi un tocco pi\u00f9 originale, puoi optare per una <strong>scatola riutilizzabile, magari in velluto o in un colore pastello<\/strong>, che potr\u00e0 essere utilizzata anche come organizer per il trucco. Un\u2019altra idea \u00e8 un sacchetto in tessuto, elegante e sostenibile, che render\u00e0 il regalo ancora pi\u00f9 raffinato.<\/p>\n\n\n\n<figure class=\"wp-block-image size-full\"><img loading=\"lazy\" decoding=\"async\" width=\"900\" height=\"600\" src=\"https:\/\/magazine.ideabellezza.it\/wp-content\/uploads\/2025\/02\/festa-della-donna.jpg\" alt=\"festa della donna\" class=\"wp-image-3601\" title=\"festa della donna\" srcset=\"https:\/\/magazine.ideabellezza.it\/wp-content\/uploads\/2025\/02\/festa-della-donna.jpg 900w, https:\/\/magazine.ideabellezza.it\/wp-content\/uploads\/2025\/02\/festa-della-donna-300x200.jpg 300w, https:\/\/magazine.ideabellezza.it\/wp-content\/uploads\/2025\/02\/festa-della-donna-768x512.jpg 768w, https:\/\/magazine.ideabellezza.it\/wp-content\/uploads\/2025\/02\/festa-della-donna-370x247.jpg 370w, https:\/\/magazine.ideabellezza.it\/wp-content\/uploads\/2025\/02\/festa-della-donna-760x507.jpg 760w\" sizes=\"auto, (max-width: 900px) 100vw, 900px\" \/><\/figure>\n\n\n\n<div style=\"height:10px\" aria-hidden=\"true\" class=\"wp-block-spacer\"><\/div>\n\n\n\n<p>Per un pensiero ancora pi\u00f9 personalizzato, aggiungi <strong>un bigliettino con una frase speciale o un messaggio di incoraggiamento<\/strong>. La Festa della Donna \u00e8 un\u2019occasione perfetta per ricordare alle persone che ami quanto sono speciali, e un piccolo gesto come questo pu\u00f2 fare davvero la differenza.<\/p>\n\n\n\n<p>Regalare trucchi per la Festa della Donna \u00e8 un\u2019idea perfetta per sorprendere con stile e celebrare la bellezza in tutte le sue forme. Dai cofanetti make-up ai prodotti pi\u00f9 amati del momento, le opzioni sono infinite. Con un pizzico di attenzione nella scelta tra le <a href=\"https:\/\/www.ideabellezza.it\/make-up\/\" target=\"_blank\" rel=\"noreferrer noopener\">offerte make-up online su Idea Bellezza<\/a> e una confezione curata, il tuo regalo sar\u00e0 sicuramente un successo.<\/p>\n","protected":false},"excerpt":{"rendered":"<p>Da Idea Bellezza puoi trovare i migliori prodotti make-up da regalare per la festa della donna: ecco cosa consigliano gli esperti.<\/p>\n","protected":false},"author":1,"featured_media":3604,"comment_status":"closed","ping_status":"closed","sticky":true,"template":"","format":"standard","meta":{"footnotes":""},"categories":[16],"tags":[],"class_list":["post-3576","post","type-post","status-publish","format-standard","has-post-thumbnail","hentry","category-passione-make-up"],"yoast_head":"<!-- This site is optimized with the Yoast SEO plugin v25.2 - https:\/\/yoast.com\/wordpress\/plugins\/seo\/ -->\n<title>Regalare trucchi per la Festa della Donna: le migliori idee-<\/title>\n<meta name=\"description\" content=\"Da Idea Bellezza puoi trovare i migliori trucchi da regalare per la festa della donna: ecco cosa consigliano gli esperti.\" \/>\n<meta name=\"robots\" content=\"index, follow, max-snippet:-1, max-image-preview:large, max-video-preview:-1\" \/>\n<link rel=\"canonical\" href=\"https:\/\/www.ideabellezza.it\/magazine\/regalare-trucchi-per-la-festa-della-donna\/\" \/>\n<meta property=\"og:locale\" content=\"it_IT\" \/>\n<meta property=\"og:type\" content=\"article\" \/>\n<meta property=\"og:title\" content=\"Regalare trucchi per la Festa della Donna: le migliori idee-\" \/>\n<meta property=\"og:description\" content=\"Da Idea Bellezza puoi trovare i migliori trucchi da regalare per la festa della donna: ecco cosa consigliano gli esperti.\" \/>\n<meta property=\"og:url\" content=\"https:\/\/www.ideabellezza.it\/magazine\/regalare-trucchi-per-la-festa-della-donna\/\" \/>\n<meta property=\"article:published_time\" content=\"2025-02-25T15:30:20+00:00\" \/>\n<meta property=\"article:modified_time\" content=\"2025-02-26T14:52:36+00:00\" \/>\n<meta property=\"og:image\" content=\"https:\/\/magazine.ideabellezza.it\/wp-content\/uploads\/2025\/02\/regalare-trucchi-festa-della-donna.jpg\" \/>\n\t<meta property=\"og:image:width\" content=\"900\" \/>\n\t<meta property=\"og:image:height\" content=\"700\" \/>\n\t<meta property=\"og:image:type\" content=\"image\/jpeg\" \/>\n<meta name=\"author\" content=\"ideabellezza\" \/>\n<meta name=\"twitter:card\" content=\"summary_large_image\" \/>\n<meta name=\"twitter:label1\" content=\"Scritto da\" \/>\n\t<meta name=\"twitter:data1\" content=\"ideabellezza\" \/>\n\t<meta name=\"twitter:label2\" content=\"Tempo di lettura stimato\" \/>\n\t<meta name=\"twitter:data2\" content=\"9 minuti\" \/>\n<script type=\"application\/ld+json\" class=\"yoast-schema-graph\">{\"@context\":\"https:\/\/schema.org\",\"@graph\":[{\"@type\":\"WebPage\",\"@id\":\"https:\/\/www.ideabellezza.it\/magazine\/regalare-trucchi-per-la-festa-della-donna\/\",\"url\":\"https:\/\/www.ideabellezza.it\/magazine\/regalare-trucchi-per-la-festa-della-donna\/\",\"name\":\"Regalare trucchi per la Festa della Donna: le migliori idee-\",\"isPartOf\":{\"@id\":\"https:\/\/www.ideabellezza.it\/magazine\/#website\"},\"primaryImageOfPage\":{\"@id\":\"https:\/\/www.ideabellezza.it\/magazine\/regalare-trucchi-per-la-festa-della-donna\/#primaryimage\"},\"image\":{\"@id\":\"https:\/\/www.ideabellezza.it\/magazine\/regalare-trucchi-per-la-festa-della-donna\/#primaryimage\"},\"thumbnailUrl\":\"https:\/\/magazine.ideabellezza.it\/wp-content\/uploads\/2025\/02\/regalare-trucchi-festa-della-donna.jpg\",\"datePublished\":\"2025-02-25T15:30:20+00:00\",\"dateModified\":\"2025-02-26T14:52:36+00:00\",\"author\":{\"@id\":\"https:\/\/www.ideabellezza.it\/magazine\/#\/schema\/person\/17b0f47546a3fc5dc1033bb23feffc65\"},\"description\":\"Da Idea Bellezza puoi trovare i migliori trucchi da regalare per la festa della donna: ecco cosa consigliano gli esperti.\",\"inLanguage\":\"it-IT\",\"potentialAction\":[{\"@type\":\"ReadAction\",\"target\":[\"https:\/\/www.ideabellezza.it\/magazine\/regalare-trucchi-per-la-festa-della-donna\/\"]}]},{\"@type\":\"ImageObject\",\"inLanguage\":\"it-IT\",\"@id\":\"https:\/\/www.ideabellezza.it\/magazine\/regalare-trucchi-per-la-festa-della-donna\/#primaryimage\",\"url\":\"https:\/\/magazine.ideabellezza.it\/wp-content\/uploads\/2025\/02\/regalare-trucchi-festa-della-donna.jpg\",\"contentUrl\":\"https:\/\/magazine.ideabellezza.it\/wp-content\/uploads\/2025\/02\/regalare-trucchi-festa-della-donna.jpg\",\"width\":900,\"height\":700,\"caption\":\"regalare trucchi Festa della Donna\"},{\"@type\":\"WebSite\",\"@id\":\"https:\/\/www.ideabellezza.it\/magazine\/#website\",\"url\":\"https:\/\/www.ideabellezza.it\/magazine\/\",\"name\":\"\",\"description\":\"\",\"potentialAction\":[{\"@type\":\"SearchAction\",\"target\":{\"@type\":\"EntryPoint\",\"urlTemplate\":\"https:\/\/www.ideabellezza.it\/magazine\/?s={search_term_string}\"},\"query-input\":{\"@type\":\"PropertyValueSpecification\",\"valueRequired\":true,\"valueName\":\"search_term_string\"}}],\"inLanguage\":\"it-IT\"},{\"@type\":\"Person\",\"@id\":\"https:\/\/www.ideabellezza.it\/magazine\/#\/schema\/person\/17b0f47546a3fc5dc1033bb23feffc65\",\"name\":\"ideabellezza\",\"image\":{\"@type\":\"ImageObject\",\"inLanguage\":\"it-IT\",\"@id\":\"https:\/\/www.ideabellezza.it\/magazine\/#\/schema\/person\/image\/\",\"url\":\"https:\/\/secure.gravatar.com\/avatar\/60e318cb6e6de1184d3834661ba9f6209a8d536ae9c769e3662804fd574471a2?s=96&d=mm&r=g\",\"contentUrl\":\"https:\/\/secure.gravatar.com\/avatar\/60e318cb6e6de1184d3834661ba9f6209a8d536ae9c769e3662804fd574471a2?s=96&d=mm&r=g\",\"caption\":\"ideabellezza\"},\"sameAs\":[\"http:\/\/ideabellezza.it\/magazine\/IdeaBellezza\"]}]}<\/script>\n<!-- \/ Yoast SEO plugin. -->","yoast_head_json":{"title":"Regalare trucchi per la Festa della Donna: le migliori idee-","description":"Da Idea Bellezza puoi trovare i migliori trucchi da regalare per la festa della donna: ecco cosa consigliano gli esperti.","robots":{"index":"index","follow":"follow","max-snippet":"max-snippet:-1","max-image-preview":"max-image-preview:large","max-video-preview":"max-video-preview:-1"},"canonical":"https:\/\/www.ideabellezza.it\/magazine\/regalare-trucchi-per-la-festa-della-donna\/","og_locale":"it_IT","og_type":"article","og_title":"Regalare trucchi per la Festa della Donna: le migliori idee-","og_description":"Da Idea Bellezza puoi trovare i migliori trucchi da regalare per la festa della donna: ecco cosa consigliano gli esperti.","og_url":"https:\/\/www.ideabellezza.it\/magazine\/regalare-trucchi-per-la-festa-della-donna\/","article_published_time":"2025-02-25T15:30:20+00:00","article_modified_time":"2025-02-26T14:52:36+00:00","og_image":[{"width":900,"height":700,"url":"https:\/\/magazine.ideabellezza.it\/wp-content\/uploads\/2025\/02\/regalare-trucchi-festa-della-donna.jpg","type":"image\/jpeg"}],"author":"ideabellezza","twitter_card":"summary_large_image","twitter_misc":{"Scritto da":"ideabellezza","Tempo di lettura stimato":"9 minuti"},"schema":{"@context":"https:\/\/schema.org","@graph":[{"@type":"WebPage","@id":"https:\/\/www.ideabellezza.it\/magazine\/regalare-trucchi-per-la-festa-della-donna\/","url":"https:\/\/www.ideabellezza.it\/magazine\/regalare-trucchi-per-la-festa-della-donna\/","name":"Regalare trucchi per la Festa della Donna: le migliori idee-","isPartOf":{"@id":"https:\/\/www.ideabellezza.it\/magazine\/#website"},"primaryImageOfPage":{"@id":"https:\/\/www.ideabellezza.it\/magazine\/regalare-trucchi-per-la-festa-della-donna\/#primaryimage"},"image":{"@id":"https:\/\/www.ideabellezza.it\/magazine\/regalare-trucchi-per-la-festa-della-donna\/#primaryimage"},"thumbnailUrl":"https:\/\/magazine.ideabellezza.it\/wp-content\/uploads\/2025\/02\/regalare-trucchi-festa-della-donna.jpg","datePublished":"2025-02-25T15:30:20+00:00","dateModified":"2025-02-26T14:52:36+00:00","author":{"@id":"https:\/\/www.ideabellezza.it\/magazine\/#\/schema\/person\/17b0f47546a3fc5dc1033bb23feffc65"},"description":"Da Idea Bellezza puoi trovare i migliori trucchi da regalare per la festa della donna: ecco cosa consigliano gli esperti.","inLanguage":"it-IT","potentialAction":[{"@type":"ReadAction","target":["https:\/\/www.ideabellezza.it\/magazine\/regalare-trucchi-per-la-festa-della-donna\/"]}]},{"@type":"ImageObject","inLanguage":"it-IT","@id":"https:\/\/www.ideabellezza.it\/magazine\/regalare-trucchi-per-la-festa-della-donna\/#primaryimage","url":"https:\/\/magazine.ideabellezza.it\/wp-content\/uploads\/2025\/02\/regalare-trucchi-festa-della-donna.jpg","contentUrl":"https:\/\/magazine.ideabellezza.it\/wp-content\/uploads\/2025\/02\/regalare-trucchi-festa-della-donna.jpg","width":900,"height":700,"caption":"regalare trucchi Festa della Donna"},{"@type":"WebSite","@id":"https:\/\/www.ideabellezza.it\/magazine\/#website","url":"https:\/\/www.ideabellezza.it\/magazine\/","name":"","description":"","potentialAction":[{"@type":"SearchAction","target":{"@type":"EntryPoint","urlTemplate":"https:\/\/www.ideabellezza.it\/magazine\/?s={search_term_string}"},"query-input":{"@type":"PropertyValueSpecification","valueRequired":true,"valueName":"search_term_string"}}],"inLanguage":"it-IT"},{"@type":"Person","@id":"https:\/\/www.ideabellezza.it\/magazine\/#\/schema\/person\/17b0f47546a3fc5dc1033bb23feffc65","name":"ideabellezza","image":{"@type":"ImageObject","inLanguage":"it-IT","@id":"https:\/\/www.ideabellezza.it\/magazine\/#\/schema\/person\/image\/","url":"https:\/\/secure.gravatar.com\/avatar\/60e318cb6e6de1184d3834661ba9f6209a8d536ae9c769e3662804fd574471a2?s=96&d=mm&r=g","contentUrl":"https:\/\/secure.gravatar.com\/avatar\/60e318cb6e6de1184d3834661ba9f6209a8d536ae9c769e3662804fd574471a2?s=96&d=mm&r=g","caption":"ideabellezza"},"sameAs":["http:\/\/ideabellezza.it\/magazine\/IdeaBellezza"]}]}},"_links":{"self":[{"href":"https:\/\/www.ideabellezza.it\/magazine\/wp-json\/wp\/v2\/posts\/3576","targetHints":{"allow":["GET"]}}],"collection":[{"href":"https:\/\/www.ideabellezza.it\/magazine\/wp-json\/wp\/v2\/posts"}],"about":[{"href":"https:\/\/www.ideabellezza.it\/magazine\/wp-json\/wp\/v2\/types\/post"}],"author":[{"embeddable":true,"href":"https:\/\/www.ideabellezza.it\/magazine\/wp-json\/wp\/v2\/users\/1"}],"replies":[{"embeddable":true,"href":"https:\/\/www.ideabellezza.it\/magazine\/wp-json\/wp\/v2\/comments?post=3576"}],"version-history":[{"count":16,"href":"https:\/\/www.ideabellezza.it\/magazine\/wp-json\/wp\/v2\/posts\/3576\/revisions"}],"predecessor-version":[{"id":3608,"href":"https:\/\/www.ideabellezza.it\/magazine\/wp-json\/wp\/v2\/posts\/3576\/revisions\/3608"}],"wp:featuredmedia":[{"embeddable":true,"href":"https:\/\/www.ideabellezza.it\/magazine\/wp-json\/wp\/v2\/media\/3604"}],"wp:attachment":[{"href":"https:\/\/www.ideabellezza.it\/magazine\/wp-json\/wp\/v2\/media?parent=3576"}],"wp:term":[{"taxonomy":"category","embeddable":true,"href":"https:\/\/www.ideabellezza.it\/magazine\/wp-json\/wp\/v2\/categories?post=3576"},{"taxonomy":"post_tag","embeddable":true,"href":"https:\/\/www.ideabellezza.it\/magazine\/wp-json\/wp\/v2\/tags?post=3576"}],"curies":[{"name":"wp","href":"https:\/\/api.w.org\/{rel}","templated":true}]}}