{"id":3686,"date":"2025-02-25T16:30:20","date_gmt":"2025-02-25T15:30:20","guid":{"rendered":"https:\/\/magazine.ideabellezza.it\/?p=3686"},"modified":"2025-04-03T11:20:22","modified_gmt":"2025-04-03T09:20:22","slug":"make-up-per-pasqua-idee-e-consigli","status":"publish","type":"post","link":"https:\/\/www.ideabellezza.it\/magazine\/make-up-per-pasqua-idee-e-consigli\/","title":{"rendered":"Make-up per Pasqua: idee e consigli per un trucco fresco e luminoso"},"content":{"rendered":"\n<p>La primavera \u00e8 nell\u2019aria e con lei arriva anche una delle festivit\u00e0 pi\u00f9 dolci dell\u2019anno: Pasqua. \u00c8 il momento perfetto per sfoggiare un <strong>make-up fresco, luminoso e in sintonia con i colori della stagione<\/strong>. Che tu stia organizzando un pranzo in famiglia, una gita all\u2019aperto o semplicemente voglia sentirti al meglio, ecco i consigli e i prodotti che puoi trovare sullo <a href=\"https:\/\/www.ideabellezza.it\/\" target=\"_blank\" rel=\"noreferrer noopener\">shop di Idea Bellezza<\/a> per creare un make-up per Pasqua impeccabile.<\/p>\n\n\n\n\n\n<h2 class=\"wp-block-heading\">Come creare un make-up perfetto per Pasqua<\/h2>\n\n\n\n<p>La chiave per un trucco pasquale ben riuscito? Leggerezza, freschezza e attenzione ai dettagli. La primavera \u00e8 sinonimo di rinascita, quindi il make-up ideale deve <strong>valorizzare il viso senza appesantirlo<\/strong>. Il trucco deve risultare luminoso, con colori delicati che richiamano la natura in fiore. Niente eccessi, solo armonia.<\/p>\n\n\n<div class=\"wp-block-image\">\n<figure class=\"aligncenter size-full\"><a href=\"https:\/\/www.ideabellezza.it\/make-up\/\" target=\"_blank\" rel=\" noreferrer noopener\"><img loading=\"lazy\" decoding=\"async\" width=\"800\" height=\"315\" src=\"https:\/\/magazine.ideabellezza.it\/wp-content\/uploads\/2025\/02\/prodotti-make-up-in-vendita-online.jpg\" alt=\"prodotti make-up in vendita online\" class=\"wp-image-3731\" title=\"prodotti make-up in vendita online\" srcset=\"https:\/\/magazine.ideabellezza.it\/wp-content\/uploads\/2025\/02\/prodotti-make-up-in-vendita-online.jpg 800w, https:\/\/magazine.ideabellezza.it\/wp-content\/uploads\/2025\/02\/prodotti-make-up-in-vendita-online-300x118.jpg 300w, https:\/\/magazine.ideabellezza.it\/wp-content\/uploads\/2025\/02\/prodotti-make-up-in-vendita-online-768x302.jpg 768w, https:\/\/magazine.ideabellezza.it\/wp-content\/uploads\/2025\/02\/prodotti-make-up-in-vendita-online-370x146.jpg 370w, https:\/\/magazine.ideabellezza.it\/wp-content\/uploads\/2025\/02\/prodotti-make-up-in-vendita-online-760x299.jpg 760w\" sizes=\"auto, (max-width: 800px) 100vw, 800px\" \/><\/a><\/figure>\n<\/div>\n\n\n<h2 class=\"wp-block-heading\">Colori primaverili per un trucco pasquale fresco e naturale<\/h2>\n\n\n\n<p>Via libera ai toni pastello, ai nude e ai colori soft: <strong>rosa pesca, verde salvia, lilla, champagne e corallo<\/strong> sono perfetti per creare un look primaverile. Sulle palpebre, scegli <a href=\"https:\/\/www.ideabellezza.it\/make-up\/occhi\/ombretti\/\" target=\"_blank\" rel=\"noreferrer noopener\">ombretti<\/a> dai finish satinati o leggermente shimmer, che riflettano la luce e aprano lo sguardo. Per la base, meglio puntare su <a href=\"https:\/\/www.ideabellezza.it\/make-up\/viso\/fondotinta\/\" target=\"_blank\" rel=\"noreferrer noopener\">fondotinta<\/a> leggeri, a effetto seconda pelle, che uniformano senza coprire troppo.<\/p>\n\n\n\n<figure class=\"wp-block-image size-full\"><img loading=\"lazy\" decoding=\"async\" width=\"900\" height=\"504\" src=\"https:\/\/magazine.ideabellezza.it\/wp-content\/uploads\/2025\/02\/come-truccarsi-a-Pasqua.jpg\" alt=\"come truccarsi a Pasqua\" class=\"wp-image-3733\" title=\"come truccarsi a Pasqua\" srcset=\"https:\/\/magazine.ideabellezza.it\/wp-content\/uploads\/2025\/02\/come-truccarsi-a-Pasqua.jpg 900w, https:\/\/magazine.ideabellezza.it\/wp-content\/uploads\/2025\/02\/come-truccarsi-a-Pasqua-300x168.jpg 300w, https:\/\/magazine.ideabellezza.it\/wp-content\/uploads\/2025\/02\/come-truccarsi-a-Pasqua-768x430.jpg 768w, https:\/\/magazine.ideabellezza.it\/wp-content\/uploads\/2025\/02\/come-truccarsi-a-Pasqua-370x207.jpg 370w, https:\/\/magazine.ideabellezza.it\/wp-content\/uploads\/2025\/02\/come-truccarsi-a-Pasqua-760x426.jpg 760w, https:\/\/magazine.ideabellezza.it\/wp-content\/uploads\/2025\/02\/come-truccarsi-a-Pasqua-270x152.jpg 270w\" sizes=\"auto, (max-width: 900px) 100vw, 900px\" \/><\/figure>\n\n\n\n<h2 class=\"wp-block-heading\">Make-up glow: come ottenere un incarnato radioso per Pasqua<\/h2>\n\n\n\n<p>Un <a href=\"https:\/\/www.ideabellezza.it\/make-up\/viso\/\" target=\"_blank\" rel=\"noreferrer noopener\">trucco viso<\/a> luminoso fa subito primavera. Il segreto \u00e8 una buona <a href=\"https:\/\/www.ideabellezza.it\/trattamenti-viso\/\" target=\"_blank\" rel=\"noreferrer noopener\">skincare<\/a> con idratazione sempre al primo posto e una base leggera e luminosa. Applica un <a href=\"https:\/\/www.ideabellezza.it\/make-up\/viso\/primer-fissanti\/\" target=\"_blank\" rel=\"noreferrer noopener\">primer<\/a> illuminante e un fondotinta glow, poi concentra l\u2019<a href=\"https:\/\/www.ideabellezza.it\/make-up\/viso\/illuminanti\/\" target=\"_blank\" rel=\"noreferrer noopener\">highlighter<\/a> su zigomi, ponte del naso e arco di Cupido. Un tocco di <a href=\"https:\/\/www.ideabellezza.it\/make-up\/viso\/blush\/\" target=\"_blank\" rel=\"noreferrer noopener\">blush<\/a> color pesca o rosa tenue sulle gote dar\u00e0 un effetto bonne mine naturale e delicato.<\/p>\n\n\n\n<div class=\"wp-block-columns are-vertically-aligned-center is-layout-flex wp-container-core-columns-is-layout-9d6595d7 wp-block-columns-is-layout-flex\">\n<div class=\"wp-block-column is-vertically-aligned-center is-layout-flow wp-block-column-is-layout-flow\">\n<figure class=\"wp-block-image size-full\"><img loading=\"lazy\" decoding=\"async\" width=\"600\" height=\"600\" src=\"https:\/\/magazine.ideabellezza.it\/wp-content\/uploads\/2025\/02\/Best-Face-Forever-Skin-Base-Primer.jpg\" alt=\"Best Face Forever Skin Base Primer\" class=\"wp-image-3712\" title=\"Best Face Forever Skin Base Primer\" srcset=\"https:\/\/magazine.ideabellezza.it\/wp-content\/uploads\/2025\/02\/Best-Face-Forever-Skin-Base-Primer.jpg 600w, https:\/\/magazine.ideabellezza.it\/wp-content\/uploads\/2025\/02\/Best-Face-Forever-Skin-Base-Primer-300x300.jpg 300w, https:\/\/magazine.ideabellezza.it\/wp-content\/uploads\/2025\/02\/Best-Face-Forever-Skin-Base-Primer-150x150.jpg 150w, https:\/\/magazine.ideabellezza.it\/wp-content\/uploads\/2025\/02\/Best-Face-Forever-Skin-Base-Primer-370x370.jpg 370w, https:\/\/magazine.ideabellezza.it\/wp-content\/uploads\/2025\/02\/Best-Face-Forever-Skin-Base-Primer-146x146.jpg 146w\" sizes=\"auto, (max-width: 600px) 100vw, 600px\" \/><\/figure>\n\n\n\n<div class=\"wp-block-buttons is-content-justification-center is-layout-flex wp-container-core-buttons-is-layout-16018d1d wp-block-buttons-is-layout-flex\">\n<div class=\"wp-block-button has-custom-width wp-block-button__width-100\"><a class=\"wp-block-button__link has-background wp-element-button\" href=\"https:\/\/www.ideabellezza.it\/best-face-forever-skin-base-primer\/\" style=\"background-color:#e2007a\" target=\"_blank\" rel=\"noreferrer noopener\">Best Face Forever Skin Base Primer<\/a><\/div>\n<\/div>\n<\/div>\n\n\n\n<div class=\"wp-block-column is-vertically-aligned-center is-layout-flow wp-block-column-is-layout-flow\">\n<figure class=\"wp-block-image size-full\"><img loading=\"lazy\" decoding=\"async\" width=\"600\" height=\"600\" src=\"https:\/\/magazine.ideabellezza.it\/wp-content\/uploads\/2025\/02\/Dior-Forever-Skin-Glow.jpg\" alt=\"Dior Forever Skin Glow\" class=\"wp-image-3713\" title=\"Dior Forever Skin Glow\" srcset=\"https:\/\/magazine.ideabellezza.it\/wp-content\/uploads\/2025\/02\/Dior-Forever-Skin-Glow.jpg 600w, https:\/\/magazine.ideabellezza.it\/wp-content\/uploads\/2025\/02\/Dior-Forever-Skin-Glow-300x300.jpg 300w, https:\/\/magazine.ideabellezza.it\/wp-content\/uploads\/2025\/02\/Dior-Forever-Skin-Glow-150x150.jpg 150w, https:\/\/magazine.ideabellezza.it\/wp-content\/uploads\/2025\/02\/Dior-Forever-Skin-Glow-370x370.jpg 370w, https:\/\/magazine.ideabellezza.it\/wp-content\/uploads\/2025\/02\/Dior-Forever-Skin-Glow-146x146.jpg 146w\" sizes=\"auto, (max-width: 600px) 100vw, 600px\" \/><\/figure>\n\n\n\n<div class=\"wp-block-buttons is-content-justification-center is-layout-flex wp-container-core-buttons-is-layout-16018d1d wp-block-buttons-is-layout-flex\">\n<div class=\"wp-block-button has-custom-width wp-block-button__width-100\"><a class=\"wp-block-button__link has-background wp-element-button\" href=\"https:\/\/www.ideabellezza.it\/hydration-passion-crema-gel-idratante-fresca\/https:\/\/www.ideabellezza.it\/dior-forever-skin-glow-fondotinta-radioso-clean-24-ore-di-tenuta\/\" style=\"background-color:#e2007a\" target=\"_blank\" rel=\"noreferrer noopener\">Dior Forever Skin Glow<\/a><\/div>\n<\/div>\n<\/div>\n\n\n\n<div class=\"wp-block-column is-vertically-aligned-center is-layout-flow wp-block-column-is-layout-flow\">\n<figure class=\"wp-block-image size-full\"><img loading=\"lazy\" decoding=\"async\" width=\"600\" height=\"600\" src=\"https:\/\/magazine.ideabellezza.it\/wp-content\/uploads\/2025\/02\/Powder-Blush-\u2013-Fard-Compatto.jpg\" alt=\"Powder Blush \u2013 Fard Compatto\" class=\"wp-image-3714\" title=\"Powder Blush \u2013 Fard Compatto\" srcset=\"https:\/\/magazine.ideabellezza.it\/wp-content\/uploads\/2025\/02\/Powder-Blush-\u2013-Fard-Compatto.jpg 600w, https:\/\/magazine.ideabellezza.it\/wp-content\/uploads\/2025\/02\/Powder-Blush-\u2013-Fard-Compatto-300x300.jpg 300w, https:\/\/magazine.ideabellezza.it\/wp-content\/uploads\/2025\/02\/Powder-Blush-\u2013-Fard-Compatto-150x150.jpg 150w, https:\/\/magazine.ideabellezza.it\/wp-content\/uploads\/2025\/02\/Powder-Blush-\u2013-Fard-Compatto-370x370.jpg 370w, https:\/\/magazine.ideabellezza.it\/wp-content\/uploads\/2025\/02\/Powder-Blush-\u2013-Fard-Compatto-146x146.jpg 146w\" sizes=\"auto, (max-width: 600px) 100vw, 600px\" \/><\/figure>\n\n\n\n<div class=\"wp-block-buttons is-content-justification-center is-layout-flex wp-container-core-buttons-is-layout-16018d1d wp-block-buttons-is-layout-flex\">\n<div class=\"wp-block-button has-custom-width wp-block-button__width-100\"><a class=\"wp-block-button__link has-background wp-element-button\" href=\"https:\/\/www.ideabellezza.it\/powder-blush-fard-compatto\/\" style=\"background-color:#e2007a\" target=\"_blank\" rel=\"noreferrer noopener\">Powder Blush<\/a><\/div>\n<\/div>\n<\/div>\n<\/div>\n\n\n\n<h2 class=\"wp-block-heading\">Occhi protagonisti: idee trucco con ombretti pastello e luminosi<\/h2>\n\n\n\n<p>Gli occhi sono il punto forte del look pasquale. Prova una <a href=\"https:\/\/www.ideabellezza.it\/make-up\/palette\/palette-occhi\/\" target=\"_blank\" rel=\"noreferrer noopener\">palette occhi<\/a> con tonalit\u00e0 pastello come lavanda, menta, giallo chiaro o rosa baby. Questi colori, se sfumati bene, regalano un <a href=\"https:\/\/www.ideabellezza.it\/make-up\/occhi\/\" target=\"_blank\" rel=\"noreferrer noopener\">trucco occhi<\/a> fresco e sofisticato. Puoi anche mixarli con un ombretto champagne o dorato al centro della palpebra per dare luce. Per definire lo sguardo senza appesantirlo, sostituisci l\u2019<a href=\"https:\/\/www.ideabellezza.it\/make-up\/occhi\/eyeliner\/\" target=\"_blank\" rel=\"noreferrer noopener\">eyeliner<\/a> nero con uno marrone o colorato. Completa con un <a href=\"https:\/\/www.ideabellezza.it\/make-up\/occhi\/mascara\/\" target=\"_blank\" rel=\"noreferrer noopener\">mascara<\/a> volumizzante che separa bene le ciglia.<\/p>\n\n\n\n<div class=\"wp-block-columns are-vertically-aligned-center is-layout-flex wp-container-core-columns-is-layout-9d6595d7 wp-block-columns-is-layout-flex\">\n<div class=\"wp-block-column is-vertically-aligned-center is-layout-flow wp-block-column-is-layout-flow\">\n<figure class=\"wp-block-image size-full\"><img loading=\"lazy\" decoding=\"async\" width=\"600\" height=\"600\" src=\"https:\/\/magazine.ideabellezza.it\/wp-content\/uploads\/2025\/02\/Different-X.jpg\" alt=\"Different X\" class=\"wp-image-3716\" title=\"Different X\" srcset=\"https:\/\/magazine.ideabellezza.it\/wp-content\/uploads\/2025\/02\/Different-X.jpg 600w, https:\/\/magazine.ideabellezza.it\/wp-content\/uploads\/2025\/02\/Different-X-300x300.jpg 300w, https:\/\/magazine.ideabellezza.it\/wp-content\/uploads\/2025\/02\/Different-X-150x150.jpg 150w, https:\/\/magazine.ideabellezza.it\/wp-content\/uploads\/2025\/02\/Different-X-370x370.jpg 370w, https:\/\/magazine.ideabellezza.it\/wp-content\/uploads\/2025\/02\/Different-X-146x146.jpg 146w\" sizes=\"auto, (max-width: 600px) 100vw, 600px\" \/><\/figure>\n\n\n\n<div class=\"wp-block-buttons is-content-justification-center is-layout-flex wp-container-core-buttons-is-layout-16018d1d wp-block-buttons-is-layout-flex\">\n<div class=\"wp-block-button has-custom-width wp-block-button__width-100\"><a class=\"wp-block-button__link has-background wp-element-button\" href=\"https:\/\/www.ideabellezza.it\/different-x\/\" style=\"background-color:#e2007a\" target=\"_blank\" rel=\"noreferrer noopener\">Different X<\/a><\/div>\n<\/div>\n<\/div>\n\n\n\n<div class=\"wp-block-column is-vertically-aligned-center is-layout-flow wp-block-column-is-layout-flow\">\n<figure class=\"wp-block-image size-full\"><img loading=\"lazy\" decoding=\"async\" width=\"600\" height=\"600\" src=\"https:\/\/magazine.ideabellezza.it\/wp-content\/uploads\/2025\/02\/Colour-Excess-Gel-Pencil-Eye-Liner.jpg\" alt=\"Colour Excess Gel Pencil Eye Liner\" class=\"wp-image-3718\" title=\"Colour Excess Gel Pencil Eye Liner\" srcset=\"https:\/\/magazine.ideabellezza.it\/wp-content\/uploads\/2025\/02\/Colour-Excess-Gel-Pencil-Eye-Liner.jpg 600w, https:\/\/magazine.ideabellezza.it\/wp-content\/uploads\/2025\/02\/Colour-Excess-Gel-Pencil-Eye-Liner-300x300.jpg 300w, https:\/\/magazine.ideabellezza.it\/wp-content\/uploads\/2025\/02\/Colour-Excess-Gel-Pencil-Eye-Liner-150x150.jpg 150w, https:\/\/magazine.ideabellezza.it\/wp-content\/uploads\/2025\/02\/Colour-Excess-Gel-Pencil-Eye-Liner-370x370.jpg 370w, https:\/\/magazine.ideabellezza.it\/wp-content\/uploads\/2025\/02\/Colour-Excess-Gel-Pencil-Eye-Liner-146x146.jpg 146w\" sizes=\"auto, (max-width: 600px) 100vw, 600px\" \/><\/figure>\n\n\n\n<div class=\"wp-block-buttons is-content-justification-center is-layout-flex wp-container-core-buttons-is-layout-16018d1d wp-block-buttons-is-layout-flex\">\n<div class=\"wp-block-button has-custom-width wp-block-button__width-100\"><a class=\"wp-block-button__link has-background wp-element-button\" href=\"https:\/\/www.ideabellezza.it\/colour-excess-gel-pencil-eye-liner\/\" style=\"background-color:#e2007a\" target=\"_blank\" rel=\"noreferrer noopener\">Colour Excess Gel Pencil<\/a><\/div>\n<\/div>\n<\/div>\n\n\n\n<div class=\"wp-block-column is-vertically-aligned-center is-layout-flow wp-block-column-is-layout-flow\">\n<figure class=\"wp-block-image size-full\"><img loading=\"lazy\" decoding=\"async\" width=\"600\" height=\"600\" src=\"https:\/\/magazine.ideabellezza.it\/wp-content\/uploads\/2025\/02\/Mascara-Panorama-Volume.jpg\" alt=\"Mascara Panorama Volume\" class=\"wp-image-3717\" title=\"Mascara Panorama Volume\" srcset=\"https:\/\/magazine.ideabellezza.it\/wp-content\/uploads\/2025\/02\/Mascara-Panorama-Volume.jpg 600w, https:\/\/magazine.ideabellezza.it\/wp-content\/uploads\/2025\/02\/Mascara-Panorama-Volume-300x300.jpg 300w, https:\/\/magazine.ideabellezza.it\/wp-content\/uploads\/2025\/02\/Mascara-Panorama-Volume-150x150.jpg 150w, https:\/\/magazine.ideabellezza.it\/wp-content\/uploads\/2025\/02\/Mascara-Panorama-Volume-370x370.jpg 370w, https:\/\/magazine.ideabellezza.it\/wp-content\/uploads\/2025\/02\/Mascara-Panorama-Volume-146x146.jpg 146w\" sizes=\"auto, (max-width: 600px) 100vw, 600px\" \/><\/figure>\n\n\n\n<div class=\"wp-block-buttons is-content-justification-center is-layout-flex wp-container-core-buttons-is-layout-16018d1d wp-block-buttons-is-layout-flex\">\n<div class=\"wp-block-button has-custom-width wp-block-button__width-100\"><a class=\"wp-block-button__link has-background wp-element-button\" href=\"https:\/\/www.ideabellezza.it\/mascara-panorama-volume\/\" style=\"background-color:#e2007a\" target=\"_blank\" rel=\"noreferrer noopener\">Mascara Panorama Volume<\/a><\/div>\n<\/div>\n<\/div>\n<\/div>\n\n\n\n<h2 class=\"wp-block-heading\">Labbra perfette per Pasqua: dalle tonalit\u00e0 nude ai rosa delicati<\/h2>\n\n\n\n<p>Per il <a href=\"https:\/\/www.ideabellezza.it\/make-up\/labbra\/\" target=\"_blank\" rel=\"noreferrer noopener\">trucco labbra<\/a>, meglio restare soft: <a href=\"https:\/\/www.ideabellezza.it\/make-up\/labbra\/rossetti\/\" target=\"_blank\" rel=\"noreferrer noopener\">rossetti<\/a> nude, rosa chiaro, malva o <a href=\"https:\/\/www.ideabellezza.it\/make-up\/labbra\/gloss\/\" target=\"_blank\" rel=\"noreferrer noopener\">gloss<\/a> trasparenti con un tocco di colore sono l\u2019ideale. Se il resto del trucco \u00e8 minimal, puoi osare con un rossetto corallo o un rosa pi\u00f9 acceso, purch\u00e9 la texture sia leggera. I rossetti cremosi o i <a href=\"https:\/\/www.ideabellezza.it\/make-up\/labbra\/rossetti-liquidi\/\" target=\"_blank\" rel=\"noreferrer noopener\">lip tint<\/a> idratanti sono perfetti per questa stagione, perch\u00e9 uniscono colore e comfort.<\/p>\n\n\n\n<div class=\"wp-block-columns are-vertically-aligned-center is-layout-flex wp-container-core-columns-is-layout-9d6595d7 wp-block-columns-is-layout-flex\">\n<div class=\"wp-block-column is-vertically-aligned-center is-layout-flow wp-block-column-is-layout-flow\">\n<figure class=\"wp-block-image size-full\"><img loading=\"lazy\" decoding=\"async\" width=\"600\" height=\"600\" src=\"https:\/\/magazine.ideabellezza.it\/wp-content\/uploads\/2025\/02\/Vamp-Rossetto.jpg\" alt=\"Vamp! Rossetto\" class=\"wp-image-3721\" title=\"Vamp! Rossetto\" srcset=\"https:\/\/magazine.ideabellezza.it\/wp-content\/uploads\/2025\/02\/Vamp-Rossetto.jpg 600w, https:\/\/magazine.ideabellezza.it\/wp-content\/uploads\/2025\/02\/Vamp-Rossetto-300x300.jpg 300w, https:\/\/magazine.ideabellezza.it\/wp-content\/uploads\/2025\/02\/Vamp-Rossetto-150x150.jpg 150w, https:\/\/magazine.ideabellezza.it\/wp-content\/uploads\/2025\/02\/Vamp-Rossetto-370x370.jpg 370w, https:\/\/magazine.ideabellezza.it\/wp-content\/uploads\/2025\/02\/Vamp-Rossetto-146x146.jpg 146w\" sizes=\"auto, (max-width: 600px) 100vw, 600px\" \/><\/figure>\n\n\n\n<div class=\"wp-block-buttons is-content-justification-center is-layout-flex wp-container-core-buttons-is-layout-16018d1d wp-block-buttons-is-layout-flex\">\n<div class=\"wp-block-button has-custom-width wp-block-button__width-100\"><a class=\"wp-block-button__link has-background wp-element-button\" href=\"https:\/\/www.ideabellezza.it\/vamp-rossetto\/\" style=\"background-color:#e2007a\" target=\"_blank\" rel=\"noreferrer noopener\">Vamp! Rossetto<\/a><\/div>\n<\/div>\n<\/div>\n\n\n\n<div class=\"wp-block-column is-vertically-aligned-center is-layout-flow wp-block-column-is-layout-flow\">\n<figure class=\"wp-block-image size-full\"><img loading=\"lazy\" decoding=\"async\" width=\"600\" height=\"600\" src=\"https:\/\/magazine.ideabellezza.it\/wp-content\/uploads\/2025\/02\/Plumping-Kiss-Lipgloss.jpg\" alt=\"Plumping Kiss Lipgloss\" class=\"wp-image-3719\" title=\"Plumping Kiss Lipgloss\" srcset=\"https:\/\/magazine.ideabellezza.it\/wp-content\/uploads\/2025\/02\/Plumping-Kiss-Lipgloss.jpg 600w, https:\/\/magazine.ideabellezza.it\/wp-content\/uploads\/2025\/02\/Plumping-Kiss-Lipgloss-300x300.jpg 300w, https:\/\/magazine.ideabellezza.it\/wp-content\/uploads\/2025\/02\/Plumping-Kiss-Lipgloss-150x150.jpg 150w, https:\/\/magazine.ideabellezza.it\/wp-content\/uploads\/2025\/02\/Plumping-Kiss-Lipgloss-370x370.jpg 370w, https:\/\/magazine.ideabellezza.it\/wp-content\/uploads\/2025\/02\/Plumping-Kiss-Lipgloss-146x146.jpg 146w\" sizes=\"auto, (max-width: 600px) 100vw, 600px\" \/><\/figure>\n\n\n\n<div class=\"wp-block-buttons is-content-justification-center is-layout-flex wp-container-core-buttons-is-layout-16018d1d wp-block-buttons-is-layout-flex\">\n<div class=\"wp-block-button has-custom-width wp-block-button__width-100\"><a class=\"wp-block-button__link has-background wp-element-button\" href=\"https:\/\/www.ideabellezza.it\/plumping-kiss-lipgloss\/\" style=\"background-color:#e2007a\" target=\"_blank\" rel=\"noreferrer noopener\">Plumping Kiss Lipgloss<\/a><\/div>\n<\/div>\n<\/div>\n\n\n\n<div class=\"wp-block-column is-vertically-aligned-center is-layout-flow wp-block-column-is-layout-flow\">\n<figure class=\"wp-block-image size-full\"><img loading=\"lazy\" decoding=\"async\" width=\"600\" height=\"600\" src=\"https:\/\/magazine.ideabellezza.it\/wp-content\/uploads\/2025\/02\/Pure-Beauty-Aqua-Lip-Stain.jpg\" alt=\"Pure Beauty Aqua Lip Stain\" class=\"wp-image-3720\" title=\"Pure Beauty Aqua Lip Stain\" srcset=\"https:\/\/magazine.ideabellezza.it\/wp-content\/uploads\/2025\/02\/Pure-Beauty-Aqua-Lip-Stain.jpg 600w, https:\/\/magazine.ideabellezza.it\/wp-content\/uploads\/2025\/02\/Pure-Beauty-Aqua-Lip-Stain-300x300.jpg 300w, https:\/\/magazine.ideabellezza.it\/wp-content\/uploads\/2025\/02\/Pure-Beauty-Aqua-Lip-Stain-150x150.jpg 150w, https:\/\/magazine.ideabellezza.it\/wp-content\/uploads\/2025\/02\/Pure-Beauty-Aqua-Lip-Stain-370x370.jpg 370w, https:\/\/magazine.ideabellezza.it\/wp-content\/uploads\/2025\/02\/Pure-Beauty-Aqua-Lip-Stain-146x146.jpg 146w\" sizes=\"auto, (max-width: 600px) 100vw, 600px\" \/><\/figure>\n\n\n\n<div class=\"wp-block-buttons is-content-justification-center is-layout-flex wp-container-core-buttons-is-layout-16018d1d wp-block-buttons-is-layout-flex\">\n<div class=\"wp-block-button has-custom-width wp-block-button__width-100\"><a class=\"wp-block-button__link has-background wp-element-button\" href=\"https:\/\/www.ideabellezza.it\/pure-beauty-aqua-lip-stain-tinta-labbra-colorante-naturale-effetto-tattoo\/\" style=\"background-color:#e2007a\" target=\"_blank\" rel=\"noreferrer noopener\">Pure Beauty Aqua Lip Stain<\/a><\/div>\n<\/div>\n<\/div>\n<\/div>\n\n\n\n<h2 class=\"wp-block-heading\">Trucco soft o glam? Look pasquali per ogni occasione<\/h2>\n\n\n\n<p>Non esiste un solo modo di truccarsi per Pasqua: dipende tutto dall\u2019occasione.<\/p>\n\n\n\n<ul class=\"wp-block-list\">\n<li><strong>Per un pranzo in famiglia<\/strong>: opta per un make-up naturale, con toni nude e un blush rosato.<\/li>\n\n\n\n<li><strong>Per una gita fuori porta<\/strong>: scegli un trucco pratico ma fresco, con una <a href=\"https:\/\/www.ideabellezza.it\/make-up\/viso\/bb-cc-cream\/\" target=\"_blank\" rel=\"noreferrer noopener\">BB cream<\/a>, mascara e un <a href=\"https:\/\/www.ideabellezza.it\/make-up\/labbra\/balsamo-labbra\/\" target=\"_blank\" rel=\"noreferrer noopener\">lip balm<\/a> colorato.<\/li>\n\n\n\n<li><strong>Per un\u2019occasione speciale o una cena elegante<\/strong>: puoi osare con un trucco pi\u00f9 glam, magari aggiungendo un ombretto shimmer e un rossetto pi\u00f9 deciso, oltre ad un tocco di <a href=\"https:\/\/www.ideabellezza.it\/magazine\/illuminante-a-cosa-serve-come-applicarlo\/\" target=\"_blank\" rel=\"noreferrer noopener\">illuminante da applicare nei punti giusti<\/a>.<\/li>\n<\/ul>\n\n\n\n<p>L\u2019importante \u00e8 sentirsi a proprio agio e scegliere prodotti che valorizzino i tuoi punti di forza.<\/p>\n\n\n\n<figure class=\"wp-block-image size-full\"><img loading=\"lazy\" decoding=\"async\" width=\"900\" height=\"678\" src=\"https:\/\/magazine.ideabellezza.it\/wp-content\/uploads\/2025\/02\/trucco-per-Pasqua-1.jpg\" alt=\"trucco per Pasqua\" class=\"wp-image-3735\" title=\"trucco per Pasqua\" srcset=\"https:\/\/magazine.ideabellezza.it\/wp-content\/uploads\/2025\/02\/trucco-per-Pasqua-1.jpg 900w, https:\/\/magazine.ideabellezza.it\/wp-content\/uploads\/2025\/02\/trucco-per-Pasqua-1-300x226.jpg 300w, https:\/\/magazine.ideabellezza.it\/wp-content\/uploads\/2025\/02\/trucco-per-Pasqua-1-768x579.jpg 768w, https:\/\/magazine.ideabellezza.it\/wp-content\/uploads\/2025\/02\/trucco-per-Pasqua-1-370x279.jpg 370w, https:\/\/magazine.ideabellezza.it\/wp-content\/uploads\/2025\/02\/trucco-per-Pasqua-1-760x573.jpg 760w\" sizes=\"auto, (max-width: 900px) 100vw, 900px\" \/><\/figure>\n\n\n\n<h2 class=\"wp-block-heading\">Come far durare il make-up tutto il giorno durante le festivit\u00e0<\/h2>\n\n\n\n<p>Tra aperitivi, pranzi e dolci, il rischio che il trucco svanisca \u00e8 alto. Per evitare ritocchi continui, bastano pochi accorgimenti:<\/p>\n\n\n\n<ol start=\"1\" class=\"wp-block-list\">\n<li><strong>Prepara bene la pelle<\/strong>: detergi, idrata e usa un primer specifico.<\/li>\n\n\n\n<li><strong>Scegli prodotti long-lasting<\/strong>: fondotinta a lunga tenuta, ombretti in crema che non vanno nelle pieghe, rossetti no transfer.<\/li>\n\n\n\n<li><strong>Fissa tutto con una cipria leggera<\/strong> e un buon <a href=\"https:\/\/www.ideabellezza.it\/make-up\/viso\/primer-fissanti\/\" target=\"_blank\" rel=\"noreferrer noopener\">setting spray<\/a>, che sigilla il make-up senza effetto \u201cmaschera\u201d.<\/li>\n<\/ol>\n\n\n\n<div class=\"wp-block-columns are-vertically-aligned-center is-layout-flex wp-container-core-columns-is-layout-9d6595d7 wp-block-columns-is-layout-flex\">\n<div class=\"wp-block-column is-vertically-aligned-center is-layout-flow wp-block-column-is-layout-flow\">\n<figure class=\"wp-block-image size-full\"><img loading=\"lazy\" decoding=\"async\" width=\"600\" height=\"600\" src=\"https:\/\/magazine.ideabellezza.it\/wp-content\/uploads\/2025\/02\/Fix-Me-Up-Fissatore-Viso.jpg\" alt=\"Fix Me Up!\" class=\"wp-image-3724\" title=\"Fix Me Up!\" srcset=\"https:\/\/magazine.ideabellezza.it\/wp-content\/uploads\/2025\/02\/Fix-Me-Up-Fissatore-Viso.jpg 600w, https:\/\/magazine.ideabellezza.it\/wp-content\/uploads\/2025\/02\/Fix-Me-Up-Fissatore-Viso-300x300.jpg 300w, https:\/\/magazine.ideabellezza.it\/wp-content\/uploads\/2025\/02\/Fix-Me-Up-Fissatore-Viso-150x150.jpg 150w, https:\/\/magazine.ideabellezza.it\/wp-content\/uploads\/2025\/02\/Fix-Me-Up-Fissatore-Viso-370x370.jpg 370w, https:\/\/magazine.ideabellezza.it\/wp-content\/uploads\/2025\/02\/Fix-Me-Up-Fissatore-Viso-146x146.jpg 146w\" sizes=\"auto, (max-width: 600px) 100vw, 600px\" \/><\/figure>\n\n\n\n<div class=\"wp-block-buttons is-content-justification-center is-layout-flex wp-container-core-buttons-is-layout-16018d1d wp-block-buttons-is-layout-flex\">\n<div class=\"wp-block-button has-custom-width wp-block-button__width-100\"><a class=\"wp-block-button__link has-background wp-element-button\" href=\"https:\/\/www.ideabellezza.it\/fix-me-up-fissatore-viso\/\" style=\"background-color:#e2007a\" target=\"_blank\" rel=\"noreferrer noopener\">Fix Me Up!<\/a><\/div>\n<\/div>\n<\/div>\n\n\n\n<div class=\"wp-block-column is-vertically-aligned-center is-layout-flow wp-block-column-is-layout-flow\">\n<figure class=\"wp-block-image size-full\"><img loading=\"lazy\" decoding=\"async\" width=\"600\" height=\"600\" src=\"https:\/\/magazine.ideabellezza.it\/wp-content\/uploads\/2025\/02\/Matte-Plume-Loose-Powder.jpg\" alt=\"Matte Plume Loose Powder\" class=\"wp-image-3723\" title=\"Matte Plume Loose Powder\" srcset=\"https:\/\/magazine.ideabellezza.it\/wp-content\/uploads\/2025\/02\/Matte-Plume-Loose-Powder.jpg 600w, https:\/\/magazine.ideabellezza.it\/wp-content\/uploads\/2025\/02\/Matte-Plume-Loose-Powder-300x300.jpg 300w, https:\/\/magazine.ideabellezza.it\/wp-content\/uploads\/2025\/02\/Matte-Plume-Loose-Powder-150x150.jpg 150w, https:\/\/magazine.ideabellezza.it\/wp-content\/uploads\/2025\/02\/Matte-Plume-Loose-Powder-370x370.jpg 370w, https:\/\/magazine.ideabellezza.it\/wp-content\/uploads\/2025\/02\/Matte-Plume-Loose-Powder-146x146.jpg 146w\" sizes=\"auto, (max-width: 600px) 100vw, 600px\" \/><\/figure>\n\n\n\n<div class=\"wp-block-buttons is-content-justification-center is-layout-flex wp-container-core-buttons-is-layout-16018d1d wp-block-buttons-is-layout-flex\">\n<div class=\"wp-block-button has-custom-width wp-block-button__width-100\"><a class=\"wp-block-button__link has-background wp-element-button\" href=\"https:\/\/www.ideabellezza.it\/matte-plume-loose-powder\/\" style=\"background-color:#e2007a\" target=\"_blank\" rel=\"noreferrer noopener\">Matte Plume Loose Powder<\/a><\/div>\n<\/div>\n<\/div>\n\n\n\n<div class=\"wp-block-column is-vertically-aligned-center is-layout-flow wp-block-column-is-layout-flow\">\n<figure class=\"wp-block-image size-full\"><img loading=\"lazy\" decoding=\"async\" width=\"600\" height=\"600\" src=\"https:\/\/magazine.ideabellezza.it\/wp-content\/uploads\/2025\/02\/Fix-Stay-Over.jpg\" alt=\"Fix+ Stay Over\" class=\"wp-image-3722\" title=\"Fix+ Stay Over\" srcset=\"https:\/\/magazine.ideabellezza.it\/wp-content\/uploads\/2025\/02\/Fix-Stay-Over.jpg 600w, https:\/\/magazine.ideabellezza.it\/wp-content\/uploads\/2025\/02\/Fix-Stay-Over-300x300.jpg 300w, https:\/\/magazine.ideabellezza.it\/wp-content\/uploads\/2025\/02\/Fix-Stay-Over-150x150.jpg 150w, https:\/\/magazine.ideabellezza.it\/wp-content\/uploads\/2025\/02\/Fix-Stay-Over-370x370.jpg 370w, https:\/\/magazine.ideabellezza.it\/wp-content\/uploads\/2025\/02\/Fix-Stay-Over-146x146.jpg 146w\" sizes=\"auto, (max-width: 600px) 100vw, 600px\" \/><\/figure>\n\n\n\n<div class=\"wp-block-buttons is-content-justification-center is-layout-flex wp-container-core-buttons-is-layout-16018d1d wp-block-buttons-is-layout-flex\">\n<div class=\"wp-block-button has-custom-width wp-block-button__width-100\"><a class=\"wp-block-button__link has-background wp-element-button\" href=\"https:\/\/www.ideabellezza.it\/fix-stay-over\/\" style=\"background-color:#e2007a\" target=\"_blank\" rel=\"noreferrer noopener\">Fix+ Stay Over<\/a><\/div>\n<\/div>\n<\/div>\n<\/div>\n\n\n\n<h2 class=\"wp-block-heading\">Make-up veloce per Pasqua: look semplici ma d\u2019effetto<\/h2>\n\n\n\n<p>Se sei di fretta ma vuoi comunque un bel trucco per Pasqua, ecco una routine veloce e d\u2019effetto:<\/p>\n\n\n\n<ul class=\"wp-block-list\">\n<li><strong>Base<\/strong>: BB cream o fondotinta leggero + <a href=\"https:\/\/www.ideabellezza.it\/make-up\/viso\/antiocchiaie-e-correttori\/\" target=\"_blank\" rel=\"noreferrer noopener\">correttore<\/a><\/li>\n\n\n\n<li><strong>Occhi<\/strong>: ombretto mono shimmer + mascara<\/li>\n\n\n\n<li><strong>Guance<\/strong>: blush cremoso (che puoi usare anche sulle labbra)<\/li>\n\n\n\n<li><strong>Labbra<\/strong>: gloss rimpolpante o tinta labbra leggera<\/li>\n<\/ul>\n\n\n\n<div class=\"wp-block-columns are-vertically-aligned-center is-layout-flex wp-container-core-columns-is-layout-9d6595d7 wp-block-columns-is-layout-flex\">\n<div class=\"wp-block-column is-vertically-aligned-center is-layout-flow wp-block-column-is-layout-flow\">\n<figure class=\"wp-block-image size-full\"><img loading=\"lazy\" decoding=\"async\" width=\"600\" height=\"600\" src=\"https:\/\/magazine.ideabellezza.it\/wp-content\/uploads\/2025\/02\/Bb-Skin-Detox-Fluid-Spf-25.jpg\" alt=\"Bb Skin Detox Fluid Spf 25\" class=\"wp-image-3727\" title=\"Bb Skin Detox Fluid Spf 25\" srcset=\"https:\/\/magazine.ideabellezza.it\/wp-content\/uploads\/2025\/02\/Bb-Skin-Detox-Fluid-Spf-25.jpg 600w, https:\/\/magazine.ideabellezza.it\/wp-content\/uploads\/2025\/02\/Bb-Skin-Detox-Fluid-Spf-25-300x300.jpg 300w, https:\/\/magazine.ideabellezza.it\/wp-content\/uploads\/2025\/02\/Bb-Skin-Detox-Fluid-Spf-25-150x150.jpg 150w, https:\/\/magazine.ideabellezza.it\/wp-content\/uploads\/2025\/02\/Bb-Skin-Detox-Fluid-Spf-25-370x370.jpg 370w, https:\/\/magazine.ideabellezza.it\/wp-content\/uploads\/2025\/02\/Bb-Skin-Detox-Fluid-Spf-25-146x146.jpg 146w\" sizes=\"auto, (max-width: 600px) 100vw, 600px\" \/><\/figure>\n\n\n\n<div class=\"wp-block-buttons is-content-justification-center is-layout-flex wp-container-core-buttons-is-layout-16018d1d wp-block-buttons-is-layout-flex\">\n<div class=\"wp-block-button has-custom-width wp-block-button__width-100\"><a class=\"wp-block-button__link has-background wp-element-button\" href=\"https:\/\/www.ideabellezza.it\/bb-skin-detox-fluid-spf-25\/\" style=\"background-color:#e2007a\" target=\"_blank\" rel=\"noreferrer noopener\">Bb Skin Detox Fluid<\/a><\/div>\n<\/div>\n<\/div>\n\n\n\n<div class=\"wp-block-column is-vertically-aligned-center is-layout-flow wp-block-column-is-layout-flow\">\n<figure class=\"wp-block-image size-full\"><img loading=\"lazy\" decoding=\"async\" width=\"600\" height=\"600\" src=\"https:\/\/magazine.ideabellezza.it\/wp-content\/uploads\/2025\/02\/Pro-Light-Concealer.jpg\" alt=\"Pro Light Concealer\" class=\"wp-image-3726\" title=\"Pro Light Concealer\" srcset=\"https:\/\/magazine.ideabellezza.it\/wp-content\/uploads\/2025\/02\/Pro-Light-Concealer.jpg 600w, https:\/\/magazine.ideabellezza.it\/wp-content\/uploads\/2025\/02\/Pro-Light-Concealer-300x300.jpg 300w, https:\/\/magazine.ideabellezza.it\/wp-content\/uploads\/2025\/02\/Pro-Light-Concealer-150x150.jpg 150w, https:\/\/magazine.ideabellezza.it\/wp-content\/uploads\/2025\/02\/Pro-Light-Concealer-370x370.jpg 370w, https:\/\/magazine.ideabellezza.it\/wp-content\/uploads\/2025\/02\/Pro-Light-Concealer-146x146.jpg 146w\" sizes=\"auto, (max-width: 600px) 100vw, 600px\" \/><\/figure>\n\n\n\n<div class=\"wp-block-buttons is-content-justification-center is-layout-flex wp-container-core-buttons-is-layout-16018d1d wp-block-buttons-is-layout-flex\">\n<div class=\"wp-block-button has-custom-width wp-block-button__width-100\"><a class=\"wp-block-button__link has-background wp-element-button\" href=\"https:\/\/www.ideabellezza.it\/pro-light-concealer-correttore\/\" style=\"background-color:#e2007a\" target=\"_blank\" rel=\"noreferrer noopener\">Pro Light Concealer<\/a><\/div>\n<\/div>\n<\/div>\n\n\n\n<div class=\"wp-block-column is-vertically-aligned-center is-layout-flow wp-block-column-is-layout-flow\">\n<figure class=\"wp-block-image size-full\"><img loading=\"lazy\" decoding=\"async\" width=\"600\" height=\"600\" src=\"https:\/\/magazine.ideabellezza.it\/wp-content\/uploads\/2025\/02\/Infaillible-24h-More-Than-Concealer.jpg\" alt=\"Infaillible 24h More Than Concealer\" class=\"wp-image-3725\" title=\"Infaillible 24h More Than Concealer\" srcset=\"https:\/\/magazine.ideabellezza.it\/wp-content\/uploads\/2025\/02\/Infaillible-24h-More-Than-Concealer.jpg 600w, https:\/\/magazine.ideabellezza.it\/wp-content\/uploads\/2025\/02\/Infaillible-24h-More-Than-Concealer-300x300.jpg 300w, https:\/\/magazine.ideabellezza.it\/wp-content\/uploads\/2025\/02\/Infaillible-24h-More-Than-Concealer-150x150.jpg 150w, https:\/\/magazine.ideabellezza.it\/wp-content\/uploads\/2025\/02\/Infaillible-24h-More-Than-Concealer-370x370.jpg 370w, https:\/\/magazine.ideabellezza.it\/wp-content\/uploads\/2025\/02\/Infaillible-24h-More-Than-Concealer-146x146.jpg 146w\" sizes=\"auto, (max-width: 600px) 100vw, 600px\" \/><\/figure>\n\n\n\n<div class=\"wp-block-buttons is-content-justification-center is-layout-flex wp-container-core-buttons-is-layout-16018d1d wp-block-buttons-is-layout-flex\">\n<div class=\"wp-block-button has-custom-width wp-block-button__width-100\"><a class=\"wp-block-button__link has-background wp-element-button\" href=\"https:\/\/www.ideabellezza.it\/aquagel-acido-ialuronico-ceramidi\/https:\/\/www.ideabellezza.it\/infaillible-24h-more-than-concealer-correttore-liquido-328-5-creme-brulee\/\" style=\"background-color:#e2007a\" target=\"_blank\" rel=\"noreferrer noopener\">Infaillible 24h Concealer<\/a><\/div>\n<\/div>\n<\/div>\n<\/div>\n\n\n\n<p>In meno di 10 minuti avrai un look fresco e curato, perfetto anche last-minute.<\/p>\n\n\n\n<h2 class=\"wp-block-heading\">I migliori prodotti per un trucco primaverile impeccabile<\/h2>\n\n\n\n<p>Nella tua pochette per il trucco pasquale non possono mancare:<\/p>\n\n\n\n<ul class=\"wp-block-list\">\n<li><strong>Primer illuminante<\/strong>: per una base che dura e riflette la luce<\/li>\n\n\n\n<li><strong>Fondotinta leggero<\/strong>: effetto pelle nuda, ma uniforme<\/li>\n\n\n\n<li><strong>Palette pastello<\/strong>: con colori soft e versatili<\/li>\n\n\n\n<li><strong>Mascara allungante<\/strong>: per uno sguardo definito ma naturale<\/li>\n\n\n\n<li><strong>Blush crema<\/strong>: per un effetto \u201csalute\u201d primaverile<\/li>\n\n\n\n<li><strong>Lip tint o rossetto nude<\/strong>: comodi, eleganti, sempre adatti<\/li>\n<\/ul>\n\n\n\n<div class=\"wp-block-columns are-vertically-aligned-center is-layout-flex wp-container-core-columns-is-layout-9d6595d7 wp-block-columns-is-layout-flex\">\n<div class=\"wp-block-column is-vertically-aligned-center is-layout-flow wp-block-column-is-layout-flow\">\n<figure class=\"wp-block-image size-full\"><img loading=\"lazy\" decoding=\"async\" width=\"600\" height=\"600\" src=\"https:\/\/magazine.ideabellezza.it\/wp-content\/uploads\/2025\/02\/Skin-Illusion-Fondotinta.jpg\" alt=\"Skin Illusion Fondotinta\" class=\"wp-image-3730\" title=\"Skin Illusion Fondotinta\" srcset=\"https:\/\/magazine.ideabellezza.it\/wp-content\/uploads\/2025\/02\/Skin-Illusion-Fondotinta.jpg 600w, https:\/\/magazine.ideabellezza.it\/wp-content\/uploads\/2025\/02\/Skin-Illusion-Fondotinta-300x300.jpg 300w, https:\/\/magazine.ideabellezza.it\/wp-content\/uploads\/2025\/02\/Skin-Illusion-Fondotinta-150x150.jpg 150w, https:\/\/magazine.ideabellezza.it\/wp-content\/uploads\/2025\/02\/Skin-Illusion-Fondotinta-370x370.jpg 370w, https:\/\/magazine.ideabellezza.it\/wp-content\/uploads\/2025\/02\/Skin-Illusion-Fondotinta-146x146.jpg 146w\" sizes=\"auto, (max-width: 600px) 100vw, 600px\" \/><\/figure>\n\n\n\n<div class=\"wp-block-buttons is-content-justification-center is-layout-flex wp-container-core-buttons-is-layout-16018d1d wp-block-buttons-is-layout-flex\">\n<div class=\"wp-block-button has-custom-width wp-block-button__width-100\"><a class=\"wp-block-button__link has-background wp-element-button\" href=\"https:\/\/www.ideabellezza.it\/skin-illusion-fondotinta\/\" style=\"background-color:#e2007a\" target=\"_blank\" rel=\"noreferrer noopener\">Skin Illusion Fondotinta<\/a><\/div>\n<\/div>\n<\/div>\n\n\n\n<div class=\"wp-block-column is-vertically-aligned-center is-layout-flow wp-block-column-is-layout-flow\">\n<figure class=\"wp-block-image size-full\"><img loading=\"lazy\" decoding=\"async\" width=\"600\" height=\"600\" src=\"https:\/\/magazine.ideabellezza.it\/wp-content\/uploads\/2025\/02\/Mac-Stack-Mascara.jpg\" alt=\"Mac Stack Mascara\" class=\"wp-image-3729\" title=\"Mac Stack Mascara\" srcset=\"https:\/\/magazine.ideabellezza.it\/wp-content\/uploads\/2025\/02\/Mac-Stack-Mascara.jpg 600w, https:\/\/magazine.ideabellezza.it\/wp-content\/uploads\/2025\/02\/Mac-Stack-Mascara-300x300.jpg 300w, https:\/\/magazine.ideabellezza.it\/wp-content\/uploads\/2025\/02\/Mac-Stack-Mascara-150x150.jpg 150w, https:\/\/magazine.ideabellezza.it\/wp-content\/uploads\/2025\/02\/Mac-Stack-Mascara-370x370.jpg 370w, https:\/\/magazine.ideabellezza.it\/wp-content\/uploads\/2025\/02\/Mac-Stack-Mascara-146x146.jpg 146w\" sizes=\"auto, (max-width: 600px) 100vw, 600px\" \/><\/figure>\n\n\n\n<div class=\"wp-block-buttons is-content-justification-center is-layout-flex wp-container-core-buttons-is-layout-16018d1d wp-block-buttons-is-layout-flex\">\n<div class=\"wp-block-button has-custom-width wp-block-button__width-100\"><a class=\"wp-block-button__link has-background wp-element-button\" href=\"https:\/\/www.ideabellezza.it\/mac-stack-mascara-black-12ml\/\" style=\"background-color:#e2007a\" target=\"_blank\" rel=\"noreferrer noopener\">Mac Stack Mascara<\/a><\/div>\n<\/div>\n<\/div>\n\n\n\n<div class=\"wp-block-column is-vertically-aligned-center is-layout-flow wp-block-column-is-layout-flow\">\n<figure class=\"wp-block-image size-full\"><img loading=\"lazy\" decoding=\"async\" width=\"600\" height=\"600\" src=\"https:\/\/magazine.ideabellezza.it\/wp-content\/uploads\/2025\/02\/Hypnotize-Liquid-Lipstick.jpg\" alt=\"Hypnotize Liquid Lipstick\" class=\"wp-image-3728\" title=\"Hypnotize Liquid Lipstick\" srcset=\"https:\/\/magazine.ideabellezza.it\/wp-content\/uploads\/2025\/02\/Hypnotize-Liquid-Lipstick.jpg 600w, https:\/\/magazine.ideabellezza.it\/wp-content\/uploads\/2025\/02\/Hypnotize-Liquid-Lipstick-300x300.jpg 300w, https:\/\/magazine.ideabellezza.it\/wp-content\/uploads\/2025\/02\/Hypnotize-Liquid-Lipstick-150x150.jpg 150w, https:\/\/magazine.ideabellezza.it\/wp-content\/uploads\/2025\/02\/Hypnotize-Liquid-Lipstick-370x370.jpg 370w, https:\/\/magazine.ideabellezza.it\/wp-content\/uploads\/2025\/02\/Hypnotize-Liquid-Lipstick-146x146.jpg 146w\" sizes=\"auto, (max-width: 600px) 100vw, 600px\" \/><\/figure>\n\n\n\n<div class=\"wp-block-buttons is-content-justification-center is-layout-flex wp-container-core-buttons-is-layout-16018d1d wp-block-buttons-is-layout-flex\">\n<div class=\"wp-block-button has-custom-width wp-block-button__width-100\"><a class=\"wp-block-button__link has-background wp-element-button\" href=\"https:\/\/www.ideabellezza.it\/hypnotize-liquid-lipstick-rossetto\/\" style=\"background-color:#e2007a\" target=\"_blank\" rel=\"noreferrer noopener\">Hypnotize Liquid Lipstick<\/a><\/div>\n<\/div>\n<\/div>\n<\/div>\n\n\n\n<p>Pasqua \u00e8 il momento perfetto per riscoprire la leggerezza del make-up, giocare con i colori e sentirsi luminose. Che tu preferisca un look semplice o pi\u00f9 sofisticato, l\u2019importante \u00e8 <a href=\"https:\/\/www.ideabellezza.it\/make-up\/\" target=\"_blank\" rel=\"noreferrer noopener\">acquistare prodotti make-up<\/a> giusti e divertirti a creare il tuo stile. Sul nostro e-commerce trovi tutto quello che ti serve per realizzare un trucco primaverile impeccabile. Scopri le nostre novit\u00e0, <strong>lasciati ispirare dai nostri best seller<\/strong> e crea il make-up perfetto per questa Pasqua.<\/p>\n","protected":false},"excerpt":{"rendered":"<p>Ecco i consigli e i prodotti che puoi trovare sullo shop di Idea Bellezza per creare un make-up per Pasqua impeccabile.<\/p>\n","protected":false},"author":1,"featured_media":3732,"comment_status":"closed","ping_status":"closed","sticky":true,"template":"","format":"standard","meta":{"footnotes":""},"categories":[16],"tags":[],"class_list":["post-3686","post","type-post","status-publish","format-standard","has-post-thumbnail","hentry","category-passione-make-up"],"yoast_head":"<!-- This site is optimized with the Yoast SEO plugin v25.2 - https:\/\/yoast.com\/wordpress\/plugins\/seo\/ -->\n<title>Make-up per Pasqua: idee e consigli per un trucco luminoso -<\/title>\n<meta name=\"description\" content=\"Ecco i consigli e i prodotti che puoi trovare sullo shop di Idea Bellezza per creare un make-up per Pasqua impeccabile e super glow!\" \/>\n<meta name=\"robots\" content=\"index, follow, max-snippet:-1, max-image-preview:large, max-video-preview:-1\" \/>\n<link rel=\"canonical\" href=\"https:\/\/www.ideabellezza.it\/magazine\/make-up-per-pasqua-idee-e-consigli\/\" \/>\n<meta property=\"og:locale\" content=\"it_IT\" \/>\n<meta property=\"og:type\" content=\"article\" \/>\n<meta property=\"og:title\" content=\"Make-up per Pasqua: idee e consigli per un trucco luminoso -\" \/>\n<meta property=\"og:description\" content=\"Ecco i consigli e i prodotti che puoi trovare sullo shop di Idea Bellezza per creare un make-up per Pasqua impeccabile e super glow!\" \/>\n<meta property=\"og:url\" content=\"https:\/\/www.ideabellezza.it\/magazine\/make-up-per-pasqua-idee-e-consigli\/\" \/>\n<meta property=\"article:published_time\" content=\"2025-02-25T15:30:20+00:00\" \/>\n<meta property=\"article:modified_time\" content=\"2025-04-03T09:20:22+00:00\" \/>\n<meta property=\"og:image\" content=\"https:\/\/magazine.ideabellezza.it\/wp-content\/uploads\/2025\/02\/make-up-Pasqua.jpg\" \/>\n\t<meta property=\"og:image:width\" content=\"900\" \/>\n\t<meta property=\"og:image:height\" content=\"700\" \/>\n\t<meta property=\"og:image:type\" content=\"image\/jpeg\" \/>\n<meta name=\"author\" content=\"ideabellezza\" \/>\n<meta name=\"twitter:card\" content=\"summary_large_image\" \/>\n<meta name=\"twitter:label1\" content=\"Scritto da\" \/>\n\t<meta name=\"twitter:data1\" content=\"ideabellezza\" \/>\n\t<meta name=\"twitter:label2\" content=\"Tempo di lettura stimato\" \/>\n\t<meta name=\"twitter:data2\" content=\"10 minuti\" \/>\n<script type=\"application\/ld+json\" class=\"yoast-schema-graph\">{\"@context\":\"https:\/\/schema.org\",\"@graph\":[{\"@type\":\"WebPage\",\"@id\":\"https:\/\/magazine.ideabellezza.it\/make-up-per-pasqua-idee-e-consigli\/\",\"url\":\"https:\/\/www.ideabellezza.it\/magazine\/make-up-per-pasqua-idee-e-consigli\/\",\"name\":\"Make-up per Pasqua: idee e consigli per un trucco luminoso -\",\"isPartOf\":{\"@id\":\"https:\/\/www.ideabellezza.it\/magazine\/#website\"},\"primaryImageOfPage\":{\"@id\":\"https:\/\/www.ideabellezza.it\/magazine\/make-up-per-pasqua-idee-e-consigli\/#primaryimage\"},\"image\":{\"@id\":\"https:\/\/www.ideabellezza.it\/magazine\/make-up-per-pasqua-idee-e-consigli\/#primaryimage\"},\"thumbnailUrl\":\"https:\/\/magazine.ideabellezza.it\/wp-content\/uploads\/2025\/02\/make-up-Pasqua.jpg\",\"datePublished\":\"2025-02-25T15:30:20+00:00\",\"dateModified\":\"2025-04-03T09:20:22+00:00\",\"author\":{\"@id\":\"https:\/\/www.ideabellezza.it\/magazine\/#\/schema\/person\/17b0f47546a3fc5dc1033bb23feffc65\"},\"description\":\"Ecco i consigli e i prodotti che puoi trovare sullo shop di Idea Bellezza per creare un make-up per Pasqua impeccabile e super glow!\",\"inLanguage\":\"it-IT\",\"potentialAction\":[{\"@type\":\"ReadAction\",\"target\":[\"https:\/\/www.ideabellezza.it\/magazine\/make-up-per-pasqua-idee-e-consigli\/\"]}]},{\"@type\":\"ImageObject\",\"inLanguage\":\"it-IT\",\"@id\":\"https:\/\/www.ideabellezza.it\/magazine\/make-up-per-pasqua-idee-e-consigli\/#primaryimage\",\"url\":\"https:\/\/magazine.ideabellezza.it\/wp-content\/uploads\/2025\/02\/make-up-Pasqua.jpg\",\"contentUrl\":\"https:\/\/magazine.ideabellezza.it\/wp-content\/uploads\/2025\/02\/make-up-Pasqua.jpg\",\"width\":900,\"height\":700,\"caption\":\"make-up Pasqua\"},{\"@type\":\"WebSite\",\"@id\":\"https:\/\/www.ideabellezza.it\/magazine\/#website\",\"url\":\"https:\/\/www.ideabellezza.it\/magazine\/\",\"name\":\"\",\"description\":\"\",\"potentialAction\":[{\"@type\":\"SearchAction\",\"target\":{\"@type\":\"EntryPoint\",\"urlTemplate\":\"https:\/\/www.ideabellezza.it\/magazine\/?s={search_term_string}\"},\"query-input\":{\"@type\":\"PropertyValueSpecification\",\"valueRequired\":true,\"valueName\":\"search_term_string\"}}],\"inLanguage\":\"it-IT\"},{\"@type\":\"Person\",\"@id\":\"https:\/\/www.ideabellezza.it\/magazine\/#\/schema\/person\/17b0f47546a3fc5dc1033bb23feffc65\",\"name\":\"ideabellezza\",\"image\":{\"@type\":\"ImageObject\",\"inLanguage\":\"it-IT\",\"@id\":\"https:\/\/www.ideabellezza.it\/magazine\/#\/schema\/person\/image\/\",\"url\":\"https:\/\/secure.gravatar.com\/avatar\/60e318cb6e6de1184d3834661ba9f6209a8d536ae9c769e3662804fd574471a2?s=96&d=mm&r=g\",\"contentUrl\":\"https:\/\/secure.gravatar.com\/avatar\/60e318cb6e6de1184d3834661ba9f6209a8d536ae9c769e3662804fd574471a2?s=96&d=mm&r=g\",\"caption\":\"ideabellezza\"},\"sameAs\":[\"http:\/\/ideabellezza.it\/magazine\/IdeaBellezza\"]}]}<\/script>\n<!-- \/ Yoast SEO plugin. -->","yoast_head_json":{"title":"Make-up per Pasqua: idee e consigli per un trucco luminoso -","description":"Ecco i consigli e i prodotti che puoi trovare sullo shop di Idea Bellezza per creare un make-up per Pasqua impeccabile e super glow!","robots":{"index":"index","follow":"follow","max-snippet":"max-snippet:-1","max-image-preview":"max-image-preview:large","max-video-preview":"max-video-preview:-1"},"canonical":"https:\/\/www.ideabellezza.it\/magazine\/make-up-per-pasqua-idee-e-consigli\/","og_locale":"it_IT","og_type":"article","og_title":"Make-up per Pasqua: idee e consigli per un trucco luminoso -","og_description":"Ecco i consigli e i prodotti che puoi trovare sullo shop di Idea Bellezza per creare un make-up per Pasqua impeccabile e super glow!","og_url":"https:\/\/www.ideabellezza.it\/magazine\/make-up-per-pasqua-idee-e-consigli\/","article_published_time":"2025-02-25T15:30:20+00:00","article_modified_time":"2025-04-03T09:20:22+00:00","og_image":[{"width":900,"height":700,"url":"https:\/\/magazine.ideabellezza.it\/wp-content\/uploads\/2025\/02\/make-up-Pasqua.jpg","type":"image\/jpeg"}],"author":"ideabellezza","twitter_card":"summary_large_image","twitter_misc":{"Scritto da":"ideabellezza","Tempo di lettura stimato":"10 minuti"},"schema":{"@context":"https:\/\/schema.org","@graph":[{"@type":"WebPage","@id":"https:\/\/magazine.ideabellezza.it\/make-up-per-pasqua-idee-e-consigli\/","url":"https:\/\/www.ideabellezza.it\/magazine\/make-up-per-pasqua-idee-e-consigli\/","name":"Make-up per Pasqua: idee e consigli per un trucco luminoso -","isPartOf":{"@id":"https:\/\/www.ideabellezza.it\/magazine\/#website"},"primaryImageOfPage":{"@id":"https:\/\/www.ideabellezza.it\/magazine\/make-up-per-pasqua-idee-e-consigli\/#primaryimage"},"image":{"@id":"https:\/\/www.ideabellezza.it\/magazine\/make-up-per-pasqua-idee-e-consigli\/#primaryimage"},"thumbnailUrl":"https:\/\/magazine.ideabellezza.it\/wp-content\/uploads\/2025\/02\/make-up-Pasqua.jpg","datePublished":"2025-02-25T15:30:20+00:00","dateModified":"2025-04-03T09:20:22+00:00","author":{"@id":"https:\/\/www.ideabellezza.it\/magazine\/#\/schema\/person\/17b0f47546a3fc5dc1033bb23feffc65"},"description":"Ecco i consigli e i prodotti che puoi trovare sullo shop di Idea Bellezza per creare un make-up per Pasqua impeccabile e super glow!","inLanguage":"it-IT","potentialAction":[{"@type":"ReadAction","target":["https:\/\/www.ideabellezza.it\/magazine\/make-up-per-pasqua-idee-e-consigli\/"]}]},{"@type":"ImageObject","inLanguage":"it-IT","@id":"https:\/\/www.ideabellezza.it\/magazine\/make-up-per-pasqua-idee-e-consigli\/#primaryimage","url":"https:\/\/magazine.ideabellezza.it\/wp-content\/uploads\/2025\/02\/make-up-Pasqua.jpg","contentUrl":"https:\/\/magazine.ideabellezza.it\/wp-content\/uploads\/2025\/02\/make-up-Pasqua.jpg","width":900,"height":700,"caption":"make-up Pasqua"},{"@type":"WebSite","@id":"https:\/\/www.ideabellezza.it\/magazine\/#website","url":"https:\/\/www.ideabellezza.it\/magazine\/","name":"","description":"","potentialAction":[{"@type":"SearchAction","target":{"@type":"EntryPoint","urlTemplate":"https:\/\/www.ideabellezza.it\/magazine\/?s={search_term_string}"},"query-input":{"@type":"PropertyValueSpecification","valueRequired":true,"valueName":"search_term_string"}}],"inLanguage":"it-IT"},{"@type":"Person","@id":"https:\/\/www.ideabellezza.it\/magazine\/#\/schema\/person\/17b0f47546a3fc5dc1033bb23feffc65","name":"ideabellezza","image":{"@type":"ImageObject","inLanguage":"it-IT","@id":"https:\/\/www.ideabellezza.it\/magazine\/#\/schema\/person\/image\/","url":"https:\/\/secure.gravatar.com\/avatar\/60e318cb6e6de1184d3834661ba9f6209a8d536ae9c769e3662804fd574471a2?s=96&d=mm&r=g","contentUrl":"https:\/\/secure.gravatar.com\/avatar\/60e318cb6e6de1184d3834661ba9f6209a8d536ae9c769e3662804fd574471a2?s=96&d=mm&r=g","caption":"ideabellezza"},"sameAs":["http:\/\/ideabellezza.it\/magazine\/IdeaBellezza"]}]}},"_links":{"self":[{"href":"https:\/\/www.ideabellezza.it\/magazine\/wp-json\/wp\/v2\/posts\/3686","targetHints":{"allow":["GET"]}}],"collection":[{"href":"https:\/\/www.ideabellezza.it\/magazine\/wp-json\/wp\/v2\/posts"}],"about":[{"href":"https:\/\/www.ideabellezza.it\/magazine\/wp-json\/wp\/v2\/types\/post"}],"author":[{"embeddable":true,"href":"https:\/\/www.ideabellezza.it\/magazine\/wp-json\/wp\/v2\/users\/1"}],"replies":[{"embeddable":true,"href":"https:\/\/www.ideabellezza.it\/magazine\/wp-json\/wp\/v2\/comments?post=3686"}],"version-history":[{"count":8,"href":"https:\/\/www.ideabellezza.it\/magazine\/wp-json\/wp\/v2\/posts\/3686\/revisions"}],"predecessor-version":[{"id":3742,"href":"https:\/\/www.ideabellezza.it\/magazine\/wp-json\/wp\/v2\/posts\/3686\/revisions\/3742"}],"wp:featuredmedia":[{"embeddable":true,"href":"https:\/\/www.ideabellezza.it\/magazine\/wp-json\/wp\/v2\/media\/3732"}],"wp:attachment":[{"href":"https:\/\/www.ideabellezza.it\/magazine\/wp-json\/wp\/v2\/media?parent=3686"}],"wp:term":[{"taxonomy":"category","embeddable":true,"href":"https:\/\/www.ideabellezza.it\/magazine\/wp-json\/wp\/v2\/categories?post=3686"},{"taxonomy":"post_tag","embeddable":true,"href":"https:\/\/www.ideabellezza.it\/magazine\/wp-json\/wp\/v2\/tags?post=3686"}],"curies":[{"name":"wp","href":"https:\/\/api.w.org\/{rel}","templated":true}]}}