{"id":4043,"date":"2025-07-21T17:07:00","date_gmt":"2025-07-21T15:07:00","guid":{"rendered":"https:\/\/magazine.ideabellezza.it\/?p=4043"},"modified":"2025-07-30T16:39:54","modified_gmt":"2025-07-30T14:39:54","slug":"bruciatura-da-sole-rimedi-efficaci","status":"publish","type":"post","link":"https:\/\/www.ideabellezza.it\/magazine\/bruciatura-da-sole-rimedi-efficaci\/","title":{"rendered":"Bruciatura da sole: rimedi efficaci, durata e consigli per la guarigione"},"content":{"rendered":"\n<p>Che si tratti di una giornata al mare, in montagna o anche di una semplice passeggiata sotto il sole estivo, pu\u00f2 capitare di esporsi troppo senza un\u2019adeguata protezione solare. Il risultato? Una <strong>bruciatura da sole<\/strong> che, oltre a essere fastidiosa e dolorosa, pu\u00f2 compromettere la salute della pelle. Intervenire in modo tempestivo \u00e8 essenziale, ma \u00e8 altrettanto importante sapere <strong>cosa mettere sulla bruciatura da sole<\/strong>, <strong>quanto dura<\/strong> e quali sono i <strong>rimedi naturali pi\u00f9 efficaci<\/strong>. Ecco come analizzare i sintomi, l\u2019evoluzione del danno cutaneo e le migliori strategie su <strong>come far passare la bruciatura da sole<\/strong> pi\u00f9 in fretta. Il tutto con un occhio attento alla prevenzione e ai prodotti pi\u00f9 adatti da inserire nella routine estiva disponibili sullo shop online di <a href=\"https:\/\/www.ideabellezza.it\/\" target=\"_blank\" rel=\"noreferrer noopener\">Idea Bellezza<\/a>.<\/p>\n\n\n\n\n<div class=\"wp-block-image\">\n<figure class=\"aligncenter size-full\"><a href=\"https:\/\/www.ideabellezza.it\/corpo-bagno\/solari\/\" target=\"_blank\" rel=\" noreferrer noopener\"><img loading=\"lazy\" decoding=\"async\" width=\"800\" height=\"315\" src=\"https:\/\/magazine.ideabellezza.it\/wp-content\/uploads\/2025\/07\/offerte-solari.jpg\" alt=\"offerte solari\" class=\"wp-image-4045\" title=\"offerte solari\" srcset=\"https:\/\/magazine.ideabellezza.it\/wp-content\/uploads\/2025\/07\/offerte-solari.jpg 800w, https:\/\/magazine.ideabellezza.it\/wp-content\/uploads\/2025\/07\/offerte-solari-300x118.jpg 300w, https:\/\/magazine.ideabellezza.it\/wp-content\/uploads\/2025\/07\/offerte-solari-768x302.jpg 768w, https:\/\/magazine.ideabellezza.it\/wp-content\/uploads\/2025\/07\/offerte-solari-370x146.jpg 370w, https:\/\/magazine.ideabellezza.it\/wp-content\/uploads\/2025\/07\/offerte-solari-760x299.jpg 760w\" sizes=\"auto, (max-width: 800px) 100vw, 800px\" \/><\/a><\/figure>\n<\/div>\n\n\n<h2 class=\"wp-block-heading\">Bruciatura da sole: sintomi e cause principali<\/h2>\n\n\n\n<p>Una bruciatura solare si manifesta tipicamente dopo una <strong>prolungata esposizione ai raggi UV<\/strong> senza un\u2019adeguata protezione. I <strong>sintomi<\/strong> variano in base al grado di ustione:<\/p>\n\n\n\n<ul class=\"wp-block-list\">\n<li>Arrossamento e calore della pelle<\/li>\n\n\n\n<li>Prurito o dolore al tatto<\/li>\n\n\n\n<li>Gonfiore localizzato<\/li>\n\n\n\n<li>Vescicole nei casi pi\u00f9 gravi<\/li>\n\n\n\n<li>Desquamazione nei giorni successivi<\/li>\n<\/ul>\n\n\n\n<p>Le aree pi\u00f9 colpite sono spesso spalle, d\u00e9collet\u00e9, naso, fronte e cuoio capelluto. La causa \u00e8 l\u2019accumulo di danni cellulari provocati dai raggi UVB, che compromettono l\u2019integrit\u00e0 dell\u2019epidermide.<\/p>\n\n\n\n<figure class=\"wp-block-image size-full\"><img loading=\"lazy\" decoding=\"async\" width=\"600\" height=\"400\" src=\"https:\/\/magazine.ideabellezza.it\/wp-content\/uploads\/2025\/07\/consigli-bruciatura-da-sole.jpg\" alt=\"consigli bruciatura da sole\" class=\"wp-image-4046\" title=\"consigli bruciatura da sole\" srcset=\"https:\/\/magazine.ideabellezza.it\/wp-content\/uploads\/2025\/07\/consigli-bruciatura-da-sole.jpg 600w, https:\/\/magazine.ideabellezza.it\/wp-content\/uploads\/2025\/07\/consigli-bruciatura-da-sole-300x200.jpg 300w, https:\/\/magazine.ideabellezza.it\/wp-content\/uploads\/2025\/07\/consigli-bruciatura-da-sole-370x247.jpg 370w\" sizes=\"auto, (max-width: 600px) 100vw, 600px\" \/><\/figure>\n\n\n\n<h2 class=\"wp-block-heading\">Quanto dura una bruciatura da sole e come evolve<\/h2>\n\n\n\n<p>La <strong>durata<\/strong> di una bruciatura solare dipende dalla <strong>gravit\u00e0 dell\u2019ustione<\/strong>. In genere, una scottatura lieve pu\u00f2 migliorare in 3-4 giorni, mentre una pi\u00f9 intensa pu\u00f2 richiedere fino a 10 giorni.<\/p>\n\n\n\n<p>L\u2019evoluzione tipica segue queste fasi:<\/p>\n\n\n\n<ul class=\"wp-block-list\">\n<li><strong>Prime 24 ore<\/strong>: la pelle appare rossa, calda e dolente.<\/li>\n\n\n\n<li><strong>48-72 ore<\/strong>: si accentuano eventuali gonfiori o comparsa di bolle.<\/li>\n\n\n\n<li><strong>Giorni successivi<\/strong>: inizia la desquamazione, segno di rigenerazione.<\/li>\n<\/ul>\n\n\n\n<p>Con un trattamento adeguato e prodotti specifici, \u00e8 possibile <strong>accelerare la guarigione<\/strong> e minimizzare il rischio di macchie o secchezza persistente.<\/p>\n\n\n\n<figure class=\"wp-block-image size-full\"><img loading=\"lazy\" decoding=\"async\" width=\"900\" height=\"491\" src=\"https:\/\/magazine.ideabellezza.it\/wp-content\/uploads\/2025\/07\/aloe-vera-su-bruciatura-da-sole.jpg\" alt=\"aloe vera su bruciatura da sole\" class=\"wp-image-4049\" title=\"aloe vera su bruciatura da sole\" srcset=\"https:\/\/magazine.ideabellezza.it\/wp-content\/uploads\/2025\/07\/aloe-vera-su-bruciatura-da-sole.jpg 900w, https:\/\/magazine.ideabellezza.it\/wp-content\/uploads\/2025\/07\/aloe-vera-su-bruciatura-da-sole-300x164.jpg 300w, https:\/\/magazine.ideabellezza.it\/wp-content\/uploads\/2025\/07\/aloe-vera-su-bruciatura-da-sole-768x419.jpg 768w, https:\/\/magazine.ideabellezza.it\/wp-content\/uploads\/2025\/07\/aloe-vera-su-bruciatura-da-sole-370x202.jpg 370w, https:\/\/magazine.ideabellezza.it\/wp-content\/uploads\/2025\/07\/aloe-vera-su-bruciatura-da-sole-760x415.jpg 760w\" sizes=\"auto, (max-width: 900px) 100vw, 900px\" \/><\/figure>\n\n\n\n<h2 class=\"wp-block-heading\">Cosa mettere su una bruciatura da sole per alleviare il dolore<\/h2>\n\n\n\n<p>In caso di scottatura, la prima regola \u00e8 interrompere l\u2019esposizione e rinfrescare la zona interessata con acqua fresca (non ghiacciata). A seguire, \u00e8 fondamentale <strong>idratare intensamente<\/strong>.<\/p>\n\n\n\n<p>Prodotti da applicare:<\/p>\n\n\n\n<ul class=\"wp-block-list\">\n<li><strong>Gel lenitivi all\u2019aloe vera<\/strong><\/li>\n\n\n\n<li><strong>Creme doposole<\/strong> con pantenolo, bisabololo o calendula<\/li>\n\n\n\n<li><strong>Acque termali spray<\/strong> per calmare il rossore, soprattutto nel caso di <a href=\"https:\/\/www.ideabellezza.it\/magazine\/scottatura-viso-sole-cosa-mettere-quanto-dura-e-quando-preoccuparsi\/\" target=\"_blank\" rel=\"noreferrer noopener\">scottatura sul viso<\/a><\/li>\n\n\n\n<li><strong>Prodotti idratanti senza profumo<\/strong>, ideali per evitare ulteriori irritazioni<\/li>\n<\/ul>\n\n\n\n<div class=\"wp-block-columns are-vertically-aligned-center is-layout-flex wp-container-core-columns-is-layout-9d6595d7 wp-block-columns-is-layout-flex\">\n<div class=\"wp-block-column is-vertically-aligned-center is-layout-flow wp-block-column-is-layout-flow\">\n<figure class=\"wp-block-image size-full\"><a href=\"https:\/\/www.ideabellezza.it\/aloe-freeze-spary-gel\/\" target=\"_blank\" rel=\" noreferrer noopener\"><img loading=\"lazy\" decoding=\"async\" width=\"400\" height=\"400\" src=\"https:\/\/magazine.ideabellezza.it\/wp-content\/uploads\/2025\/07\/Aloe-Freeze-Spary-Gel.jpg\" alt=\"Aloe Freeze Spary Gel\" class=\"wp-image-4051\" title=\"Aloe Freeze Spary Gel\" srcset=\"https:\/\/magazine.ideabellezza.it\/wp-content\/uploads\/2025\/07\/Aloe-Freeze-Spary-Gel.jpg 400w, https:\/\/magazine.ideabellezza.it\/wp-content\/uploads\/2025\/07\/Aloe-Freeze-Spary-Gel-300x300.jpg 300w, https:\/\/magazine.ideabellezza.it\/wp-content\/uploads\/2025\/07\/Aloe-Freeze-Spary-Gel-150x150.jpg 150w, https:\/\/magazine.ideabellezza.it\/wp-content\/uploads\/2025\/07\/Aloe-Freeze-Spary-Gel-370x370.jpg 370w, https:\/\/magazine.ideabellezza.it\/wp-content\/uploads\/2025\/07\/Aloe-Freeze-Spary-Gel-146x146.jpg 146w\" sizes=\"auto, (max-width: 400px) 100vw, 400px\" \/><\/a><\/figure>\n\n\n\n<div class=\"wp-block-buttons is-content-justification-center is-layout-flex wp-container-core-buttons-is-layout-16018d1d wp-block-buttons-is-layout-flex\">\n<div class=\"wp-block-button has-custom-width wp-block-button__width-100\"><a class=\"wp-block-button__link has-background wp-element-button\" style=\"background-color:#e2007a\">Aloe Freeze Spary Gel<\/a><\/div>\n<\/div>\n<\/div>\n\n\n\n<div class=\"wp-block-column is-vertically-aligned-center is-layout-flow wp-block-column-is-layout-flow\">\n<figure class=\"wp-block-image size-full\"><a href=\"https:\/\/www.ideabellezza.it\/calendula-leni-crema-azione-lenitiva\/\" target=\"_blank\" rel=\" noreferrer noopener\"><img loading=\"lazy\" decoding=\"async\" width=\"400\" height=\"400\" src=\"https:\/\/magazine.ideabellezza.it\/wp-content\/uploads\/2025\/07\/Calendula-Leni-crema-Azione-Lenitiva.jpg\" alt=\"Calendula Leni-crema\" class=\"wp-image-4052\" title=\"Calendula Leni-crema\" srcset=\"https:\/\/magazine.ideabellezza.it\/wp-content\/uploads\/2025\/07\/Calendula-Leni-crema-Azione-Lenitiva.jpg 400w, https:\/\/magazine.ideabellezza.it\/wp-content\/uploads\/2025\/07\/Calendula-Leni-crema-Azione-Lenitiva-300x300.jpg 300w, https:\/\/magazine.ideabellezza.it\/wp-content\/uploads\/2025\/07\/Calendula-Leni-crema-Azione-Lenitiva-150x150.jpg 150w, https:\/\/magazine.ideabellezza.it\/wp-content\/uploads\/2025\/07\/Calendula-Leni-crema-Azione-Lenitiva-370x370.jpg 370w, https:\/\/magazine.ideabellezza.it\/wp-content\/uploads\/2025\/07\/Calendula-Leni-crema-Azione-Lenitiva-146x146.jpg 146w\" sizes=\"auto, (max-width: 400px) 100vw, 400px\" \/><\/a><\/figure>\n\n\n\n<div class=\"wp-block-buttons is-content-justification-center is-layout-flex wp-container-core-buttons-is-layout-16018d1d wp-block-buttons-is-layout-flex\">\n<div class=\"wp-block-button has-custom-width wp-block-button__width-100\"><a class=\"wp-block-button__link has-background wp-element-button\" style=\"background-color:#e2007a\">Calendula Leni-crema<\/a><\/div>\n<\/div>\n<\/div>\n\n\n\n<div class=\"wp-block-column is-vertically-aligned-center is-layout-flow wp-block-column-is-layout-flow\">\n<figure class=\"wp-block-image size-full\"><a href=\"https:\/\/www.ideabellezza.it\/gel-corpo-idratante-aloe-vera-99\/\" target=\"_blank\" rel=\" noreferrer noopener\"><img loading=\"lazy\" decoding=\"async\" width=\"400\" height=\"400\" src=\"https:\/\/magazine.ideabellezza.it\/wp-content\/uploads\/2025\/07\/Gel-Corpo-Idratante-Aloe-Vera.jpg\" alt=\"Gel Idratante Aloe Vera\" class=\"wp-image-4050\" title=\"Gel Idratante Aloe Vera\" srcset=\"https:\/\/magazine.ideabellezza.it\/wp-content\/uploads\/2025\/07\/Gel-Corpo-Idratante-Aloe-Vera.jpg 400w, https:\/\/magazine.ideabellezza.it\/wp-content\/uploads\/2025\/07\/Gel-Corpo-Idratante-Aloe-Vera-300x300.jpg 300w, https:\/\/magazine.ideabellezza.it\/wp-content\/uploads\/2025\/07\/Gel-Corpo-Idratante-Aloe-Vera-150x150.jpg 150w, https:\/\/magazine.ideabellezza.it\/wp-content\/uploads\/2025\/07\/Gel-Corpo-Idratante-Aloe-Vera-370x370.jpg 370w, https:\/\/magazine.ideabellezza.it\/wp-content\/uploads\/2025\/07\/Gel-Corpo-Idratante-Aloe-Vera-146x146.jpg 146w\" sizes=\"auto, (max-width: 400px) 100vw, 400px\" \/><\/a><\/figure>\n\n\n\n<div class=\"wp-block-buttons is-content-justification-center is-layout-flex wp-container-core-buttons-is-layout-16018d1d wp-block-buttons-is-layout-flex\">\n<div class=\"wp-block-button has-custom-width wp-block-button__width-100\"><a class=\"wp-block-button__link has-background wp-element-button\" style=\"background-color:#e2007a\">Gel Idratante Aloe Vera<\/a><\/div>\n<\/div>\n<\/div>\n<\/div>\n\n\n\n<h2 class=\"wp-block-heading\">Rimedi naturali per le bruciature da sole: aloe vera, cetriolo e altri alleati<\/h2>\n\n\n\n<p>I rimedi della nonna possono rivelarsi preziosi per le bruciature leggere. Ecco alcuni <strong>ingredienti naturali<\/strong> utili:<\/p>\n\n\n\n<ul class=\"wp-block-list\">\n<li><strong>Aloe vera: <\/strong>\u00c8 l\u2019alleato numero uno. Ha <strong>effetto rinfrescante<\/strong>, lenitivo e favorisce la rigenerazione cellulare.<\/li>\n\n\n\n<li><strong>Cetriolo: <\/strong>Riduce l\u2019infiammazione e rinfresca. Si pu\u00f2 frullare e applicare sotto forma di impacco.<\/li>\n\n\n\n<li><strong>Camomilla: <\/strong>Ha propriet\u00e0 calmanti. Una garza imbevuta di infuso freddo aiuta a decongestionare.<\/li>\n\n\n\n<li><strong>Latte freddo: <\/strong>Contiene proteine e acido lattico che nutrono la pelle irritata.<\/li>\n<\/ul>\n\n\n\n<p>Pur essendo utili, questi rimedi non sostituiscono una <strong>cosmesi mirata<\/strong>. Per risultati ottimali, meglio combinarli con <a href=\"https:\/\/www.ideabellezza.it\/corpo-bagno\/trattamenti-corpo\/\" target=\"_blank\" rel=\"noreferrer noopener\">trattamenti professionali per il corpo<\/a>.<\/p>\n\n\n\n<div class=\"wp-block-columns are-vertically-aligned-center is-layout-flex wp-container-core-columns-is-layout-9d6595d7 wp-block-columns-is-layout-flex\">\n<div class=\"wp-block-column is-vertically-aligned-center is-layout-flow wp-block-column-is-layout-flow\">\n<figure class=\"wp-block-image size-full\"><a href=\"https:\/\/www.ideabellezza.it\/creme-hydratante-au-concombre\/\" target=\"_blank\" rel=\" noreferrer noopener\"><img loading=\"lazy\" decoding=\"async\" width=\"400\" height=\"400\" src=\"https:\/\/magazine.ideabellezza.it\/wp-content\/uploads\/2025\/07\/Crema-idratante-al-cetriolo.jpg\" alt=\"Crema idratante al cetriolo\" class=\"wp-image-4056\" title=\"Crema idratante al cetriolo\" srcset=\"https:\/\/magazine.ideabellezza.it\/wp-content\/uploads\/2025\/07\/Crema-idratante-al-cetriolo.jpg 400w, https:\/\/magazine.ideabellezza.it\/wp-content\/uploads\/2025\/07\/Crema-idratante-al-cetriolo-300x300.jpg 300w, https:\/\/magazine.ideabellezza.it\/wp-content\/uploads\/2025\/07\/Crema-idratante-al-cetriolo-150x150.jpg 150w, https:\/\/magazine.ideabellezza.it\/wp-content\/uploads\/2025\/07\/Crema-idratante-al-cetriolo-370x370.jpg 370w, https:\/\/magazine.ideabellezza.it\/wp-content\/uploads\/2025\/07\/Crema-idratante-al-cetriolo-146x146.jpg 146w\" sizes=\"auto, (max-width: 400px) 100vw, 400px\" \/><\/a><\/figure>\n\n\n\n<div class=\"wp-block-buttons is-content-justification-center is-layout-flex wp-container-core-buttons-is-layout-16018d1d wp-block-buttons-is-layout-flex\">\n<div class=\"wp-block-button has-custom-width wp-block-button__width-100\"><a class=\"wp-block-button__link has-background wp-element-button\" style=\"background-color:#e2007a\">Crema idratante al cetriolo<\/a><\/div>\n<\/div>\n<\/div>\n\n\n\n<div class=\"wp-block-column is-vertically-aligned-center is-layout-flow wp-block-column-is-layout-flow\">\n<figure class=\"wp-block-image size-full\"><a href=\"https:\/\/www.ideabellezza.it\/crema-protettiva-camomilla-e-aloe-vera\/\" target=\"_blank\" rel=\" noreferrer noopener\"><img loading=\"lazy\" decoding=\"async\" width=\"400\" height=\"400\" src=\"https:\/\/magazine.ideabellezza.it\/wp-content\/uploads\/2025\/07\/Crema-Protettiva-Camomilla.jpg\" alt=\"Crema Protettiva Camomilla\" class=\"wp-image-4054\" title=\"Crema Protettiva Camomilla\" srcset=\"https:\/\/magazine.ideabellezza.it\/wp-content\/uploads\/2025\/07\/Crema-Protettiva-Camomilla.jpg 400w, https:\/\/magazine.ideabellezza.it\/wp-content\/uploads\/2025\/07\/Crema-Protettiva-Camomilla-300x300.jpg 300w, https:\/\/magazine.ideabellezza.it\/wp-content\/uploads\/2025\/07\/Crema-Protettiva-Camomilla-150x150.jpg 150w, https:\/\/magazine.ideabellezza.it\/wp-content\/uploads\/2025\/07\/Crema-Protettiva-Camomilla-370x370.jpg 370w, https:\/\/magazine.ideabellezza.it\/wp-content\/uploads\/2025\/07\/Crema-Protettiva-Camomilla-146x146.jpg 146w\" sizes=\"auto, (max-width: 400px) 100vw, 400px\" \/><\/a><\/figure>\n\n\n\n<div class=\"wp-block-buttons is-content-justification-center is-layout-flex wp-container-core-buttons-is-layout-16018d1d wp-block-buttons-is-layout-flex\">\n<div class=\"wp-block-button has-custom-width wp-block-button__width-100\"><a class=\"wp-block-button__link has-background wp-element-button\" style=\"background-color:#e2007a\">Crema Protettiva Camomilla<\/a><\/div>\n<\/div>\n<\/div>\n\n\n\n<div class=\"wp-block-column is-vertically-aligned-center is-layout-flow wp-block-column-is-layout-flow\">\n<figure class=\"wp-block-image size-full\"><a href=\"https:\/\/www.ideabellezza.it\/aloe-crema-corpo-fluida-lenitiva\/\" target=\"_blank\" rel=\" noreferrer noopener\"><img loading=\"lazy\" decoding=\"async\" width=\"400\" height=\"400\" src=\"https:\/\/magazine.ideabellezza.it\/wp-content\/uploads\/2025\/07\/Aloe-Crema-Corpo.jpg\" alt=\"Aloe Crema Corpo\" class=\"wp-image-4055\" title=\"Aloe Crema Corpo\" srcset=\"https:\/\/magazine.ideabellezza.it\/wp-content\/uploads\/2025\/07\/Aloe-Crema-Corpo.jpg 400w, https:\/\/magazine.ideabellezza.it\/wp-content\/uploads\/2025\/07\/Aloe-Crema-Corpo-300x300.jpg 300w, https:\/\/magazine.ideabellezza.it\/wp-content\/uploads\/2025\/07\/Aloe-Crema-Corpo-150x150.jpg 150w, https:\/\/magazine.ideabellezza.it\/wp-content\/uploads\/2025\/07\/Aloe-Crema-Corpo-370x370.jpg 370w, https:\/\/magazine.ideabellezza.it\/wp-content\/uploads\/2025\/07\/Aloe-Crema-Corpo-146x146.jpg 146w\" sizes=\"auto, (max-width: 400px) 100vw, 400px\" \/><\/a><\/figure>\n\n\n\n<div class=\"wp-block-buttons is-content-justification-center is-layout-flex wp-container-core-buttons-is-layout-16018d1d wp-block-buttons-is-layout-flex\">\n<div class=\"wp-block-button has-custom-width wp-block-button__width-100\"><a class=\"wp-block-button__link has-background wp-element-button\" style=\"background-color:#e2007a\">Aloe Crema Corpo<\/a><\/div>\n<\/div>\n<\/div>\n<\/div>\n\n\n\n<h2 class=\"wp-block-heading\">Bruciatura da sole in testa: come riconoscerla e trattarla<\/h2>\n\n\n\n<p>Una zona spesso trascurata \u00e8 il <strong>cuoio capelluto<\/strong>, soprattutto per chi ha capelli fini o zone diradate. La <strong>bruciatura da sole in testa<\/strong> si manifesta con:<\/p>\n\n\n\n<ul class=\"wp-block-list\">\n<li>Prurito insistente<\/li>\n\n\n\n<li>Cute arrossata e sensibile<\/li>\n\n\n\n<li>Desquamazione simile alla forfora<\/li>\n<\/ul>\n\n\n\n<p><strong>Come trattarla:<\/strong><\/p>\n\n\n\n<ul class=\"wp-block-list\">\n<li>Utilizzare <strong>shampoo delicati<\/strong> lenitivi (senza solfati)<\/li>\n\n\n\n<li>Applicare <strong>spray doposole specifici per capelli e cuoio capelluto<\/strong><\/li>\n\n\n\n<li>Evitare phon caldo e spazzole aggressive<\/li>\n\n\n\n<li>Proteggersi con <strong>cappelli o bandane<\/strong><\/li>\n<\/ul>\n\n\n\n<div class=\"wp-block-columns are-vertically-aligned-center is-layout-flex wp-container-core-columns-is-layout-9d6595d7 wp-block-columns-is-layout-flex\">\n<div class=\"wp-block-column is-vertically-aligned-center is-layout-flow wp-block-column-is-layout-flow\">\n<figure class=\"wp-block-image size-full\"><a href=\"https:\/\/www.ideabellezza.it\/hair-sun-shampoo-riparatore-doposole\/\" target=\"_blank\" rel=\" noreferrer noopener\"><img loading=\"lazy\" decoding=\"async\" width=\"400\" height=\"400\" src=\"https:\/\/magazine.ideabellezza.it\/wp-content\/uploads\/2025\/07\/Shampoo-Riparatore-Doposole.jpg\" alt=\"Shampoo Riparatore Doposole\" class=\"wp-image-4058\" title=\"Shampoo Riparatore Doposole\" srcset=\"https:\/\/magazine.ideabellezza.it\/wp-content\/uploads\/2025\/07\/Shampoo-Riparatore-Doposole.jpg 400w, https:\/\/magazine.ideabellezza.it\/wp-content\/uploads\/2025\/07\/Shampoo-Riparatore-Doposole-300x300.jpg 300w, https:\/\/magazine.ideabellezza.it\/wp-content\/uploads\/2025\/07\/Shampoo-Riparatore-Doposole-150x150.jpg 150w, https:\/\/magazine.ideabellezza.it\/wp-content\/uploads\/2025\/07\/Shampoo-Riparatore-Doposole-370x370.jpg 370w, https:\/\/magazine.ideabellezza.it\/wp-content\/uploads\/2025\/07\/Shampoo-Riparatore-Doposole-146x146.jpg 146w\" sizes=\"auto, (max-width: 400px) 100vw, 400px\" \/><\/a><\/figure>\n\n\n\n<div class=\"wp-block-buttons is-content-justification-center is-layout-flex wp-container-core-buttons-is-layout-16018d1d wp-block-buttons-is-layout-flex\">\n<div class=\"wp-block-button has-custom-width wp-block-button__width-100\"><a class=\"wp-block-button__link has-background wp-element-button\" style=\"background-color:#e2007a\">Shampoo Riparatore Doposole<\/a><\/div>\n<\/div>\n<\/div>\n\n\n\n<div class=\"wp-block-column is-vertically-aligned-center is-layout-flow wp-block-column-is-layout-flow\">\n<figure class=\"wp-block-image size-full\"><a href=\"https:\/\/www.ideabellezza.it\/spray-doposole-invisibile-corpo-cuoio-capelluto\/\" target=\"_blank\" rel=\" noreferrer noopener\"><img loading=\"lazy\" decoding=\"async\" width=\"400\" height=\"400\" src=\"https:\/\/magazine.ideabellezza.it\/wp-content\/uploads\/2025\/07\/Spray-Doposole-Cuoio-Capelluto.jpg\" alt=\"Spray Doposole Cuoio Capelluto\" class=\"wp-image-4059\" title=\"Spray Doposole Cuoio Capelluto\" srcset=\"https:\/\/magazine.ideabellezza.it\/wp-content\/uploads\/2025\/07\/Spray-Doposole-Cuoio-Capelluto.jpg 400w, https:\/\/magazine.ideabellezza.it\/wp-content\/uploads\/2025\/07\/Spray-Doposole-Cuoio-Capelluto-300x300.jpg 300w, https:\/\/magazine.ideabellezza.it\/wp-content\/uploads\/2025\/07\/Spray-Doposole-Cuoio-Capelluto-150x150.jpg 150w, https:\/\/magazine.ideabellezza.it\/wp-content\/uploads\/2025\/07\/Spray-Doposole-Cuoio-Capelluto-370x370.jpg 370w, https:\/\/magazine.ideabellezza.it\/wp-content\/uploads\/2025\/07\/Spray-Doposole-Cuoio-Capelluto-146x146.jpg 146w\" sizes=\"auto, (max-width: 400px) 100vw, 400px\" \/><\/a><\/figure>\n\n\n\n<div class=\"wp-block-buttons is-content-justification-center is-layout-flex wp-container-core-buttons-is-layout-16018d1d wp-block-buttons-is-layout-flex\">\n<div class=\"wp-block-button has-custom-width wp-block-button__width-100\"><a class=\"wp-block-button__link has-background wp-element-button\" style=\"background-color:#e2007a\">Spray Doposole Cuoio Capelluto<\/a><\/div>\n<\/div>\n<\/div>\n\n\n\n<div class=\"wp-block-column is-vertically-aligned-center is-layout-flow wp-block-column-is-layout-flow\">\n<figure class=\"wp-block-image size-full\"><a href=\"https:\/\/www.ideabellezza.it\/suncare-shampoo-restitutivo-doposole\/\" target=\"_blank\" rel=\" noreferrer noopener\"><img loading=\"lazy\" decoding=\"async\" width=\"400\" height=\"400\" src=\"https:\/\/magazine.ideabellezza.it\/wp-content\/uploads\/2025\/07\/Shampoo-Restitutivo-Doposole.jpg\" alt=\"Shampoo Restitutivo Doposole\" class=\"wp-image-4057\" title=\"Shampoo Restitutivo Doposole\" srcset=\"https:\/\/magazine.ideabellezza.it\/wp-content\/uploads\/2025\/07\/Shampoo-Restitutivo-Doposole.jpg 400w, https:\/\/magazine.ideabellezza.it\/wp-content\/uploads\/2025\/07\/Shampoo-Restitutivo-Doposole-300x300.jpg 300w, https:\/\/magazine.ideabellezza.it\/wp-content\/uploads\/2025\/07\/Shampoo-Restitutivo-Doposole-150x150.jpg 150w, https:\/\/magazine.ideabellezza.it\/wp-content\/uploads\/2025\/07\/Shampoo-Restitutivo-Doposole-370x370.jpg 370w, https:\/\/magazine.ideabellezza.it\/wp-content\/uploads\/2025\/07\/Shampoo-Restitutivo-Doposole-146x146.jpg 146w\" sizes=\"auto, (max-width: 400px) 100vw, 400px\" \/><\/a><\/figure>\n\n\n\n<div class=\"wp-block-buttons is-content-justification-center is-layout-flex wp-container-core-buttons-is-layout-16018d1d wp-block-buttons-is-layout-flex\">\n<div class=\"wp-block-button has-custom-width wp-block-button__width-100\"><a class=\"wp-block-button__link has-background wp-element-button\" style=\"background-color:#e2007a\">Shampoo Restitutivo Doposole<\/a><\/div>\n<\/div>\n<\/div>\n<\/div>\n\n\n\n<h2 class=\"wp-block-heading\">Come far passare le bruciature da sole pi\u00f9 rapidamente<\/h2>\n\n\n\n<p>Per <strong>accelerare la guarigione<\/strong>, \u00e8 utile seguire alcune strategie combinate:<\/p>\n\n\n\n<ul class=\"wp-block-list\">\n<li><strong>Bere molta acqua<\/strong> per favorire l\u2019idratazione profonda<\/li>\n\n\n\n<li><strong>Evitare il sole<\/strong> fino a completa guarigione<\/li>\n\n\n\n<li><strong>Non rompere le vescicole<\/strong>, per non rallentare la riparazione, ma scegliere bene i <a href=\"https:\/\/www.ideabellezza.it\/magazine\/cosa-mettere-su-una-bolla-da-scottatura-soluzioni-e-rimedi-efficaci\/\" target=\"_blank\" rel=\"noreferrer noopener\">prodotti da mettere su una bolla da scottatura<\/a><\/li>\n\n\n\n<li><strong>Integrare vitamina E e antiossidanti<\/strong>, utili per contrastare lo stress ossidativo<\/li>\n\n\n\n<li>Usare <strong>cosmetici con acido ialuronico<\/strong> o <strong>allantoina<\/strong>, che stimolano la rigenerazione epidermica<\/li>\n<\/ul>\n\n\n\n<p>L\u2019importante \u00e8 intervenire con prodotti delicati e mirati, evitando il fai-da-te aggressivo.<\/p>\n\n\n\n<div class=\"wp-block-columns are-vertically-aligned-center is-layout-flex wp-container-core-columns-is-layout-9d6595d7 wp-block-columns-is-layout-flex\">\n<div class=\"wp-block-column is-vertically-aligned-center is-layout-flow wp-block-column-is-layout-flow\">\n<figure class=\"wp-block-image size-full\"><a href=\"https:\/\/www.ideabellezza.it\/aquagel-acido-ialuronico-ceramidi\/\" target=\"_blank\" rel=\" noreferrer noopener\"><img loading=\"lazy\" decoding=\"async\" width=\"400\" height=\"400\" src=\"https:\/\/magazine.ideabellezza.it\/wp-content\/uploads\/2025\/07\/Aquagel-Acido-Ialuronico.jpg\" alt=\"Aquagel Acido Ialuronico\" class=\"wp-image-4062\" title=\"Aquagel Acido Ialuronico\" srcset=\"https:\/\/magazine.ideabellezza.it\/wp-content\/uploads\/2025\/07\/Aquagel-Acido-Ialuronico.jpg 400w, https:\/\/magazine.ideabellezza.it\/wp-content\/uploads\/2025\/07\/Aquagel-Acido-Ialuronico-300x300.jpg 300w, https:\/\/magazine.ideabellezza.it\/wp-content\/uploads\/2025\/07\/Aquagel-Acido-Ialuronico-150x150.jpg 150w, https:\/\/magazine.ideabellezza.it\/wp-content\/uploads\/2025\/07\/Aquagel-Acido-Ialuronico-370x370.jpg 370w, https:\/\/magazine.ideabellezza.it\/wp-content\/uploads\/2025\/07\/Aquagel-Acido-Ialuronico-146x146.jpg 146w\" sizes=\"auto, (max-width: 400px) 100vw, 400px\" \/><\/a><\/figure>\n\n\n\n<div class=\"wp-block-buttons is-content-justification-center is-layout-flex wp-container-core-buttons-is-layout-16018d1d wp-block-buttons-is-layout-flex\">\n<div class=\"wp-block-button has-custom-width wp-block-button__width-100\"><a class=\"wp-block-button__link has-background wp-element-button\" style=\"background-color:#e2007a\">Aquagel Acido Ialuronico<\/a><\/div>\n<\/div>\n<\/div>\n\n\n\n<div class=\"wp-block-column is-vertically-aligned-center is-layout-flow wp-block-column-is-layout-flow\">\n<figure class=\"wp-block-image size-full\"><a href=\"https:\/\/www.ideabellezza.it\/crema-corpo-idratante-aloe-vera-e-acido-ialuronico-hydra-3-skin-serum\" target=\"_blank\" rel=\" noreferrer noopener\"><img loading=\"lazy\" decoding=\"async\" width=\"400\" height=\"400\" src=\"https:\/\/magazine.ideabellezza.it\/wp-content\/uploads\/2025\/07\/Crema-Corpo-Aloe-Vera.jpg\" alt=\"Crema Corpo Aloe Vera\" class=\"wp-image-4061\" title=\"Crema Corpo Aloe Vera\" srcset=\"https:\/\/magazine.ideabellezza.it\/wp-content\/uploads\/2025\/07\/Crema-Corpo-Aloe-Vera.jpg 400w, https:\/\/magazine.ideabellezza.it\/wp-content\/uploads\/2025\/07\/Crema-Corpo-Aloe-Vera-300x300.jpg 300w, https:\/\/magazine.ideabellezza.it\/wp-content\/uploads\/2025\/07\/Crema-Corpo-Aloe-Vera-150x150.jpg 150w, https:\/\/magazine.ideabellezza.it\/wp-content\/uploads\/2025\/07\/Crema-Corpo-Aloe-Vera-370x370.jpg 370w, https:\/\/magazine.ideabellezza.it\/wp-content\/uploads\/2025\/07\/Crema-Corpo-Aloe-Vera-146x146.jpg 146w\" sizes=\"auto, (max-width: 400px) 100vw, 400px\" \/><\/a><\/figure>\n\n\n\n<div class=\"wp-block-buttons is-content-justification-center is-layout-flex wp-container-core-buttons-is-layout-16018d1d wp-block-buttons-is-layout-flex\">\n<div class=\"wp-block-button has-custom-width wp-block-button__width-100\"><a class=\"wp-block-button__link has-background wp-element-button\" style=\"background-color:#e2007a\">Crema Corpo Aloe Vera<\/a><\/div>\n<\/div>\n<\/div>\n\n\n\n<div class=\"wp-block-column is-vertically-aligned-center is-layout-flow wp-block-column-is-layout-flow\">\n<figure class=\"wp-block-image size-full\"><a href=\"https:\/\/www.ideabellezza.it\/siero-viso-antiossidante-vitamina-c\/\" target=\"_blank\" rel=\" noreferrer noopener\"><img loading=\"lazy\" decoding=\"async\" width=\"400\" height=\"400\" src=\"https:\/\/magazine.ideabellezza.it\/wp-content\/uploads\/2025\/07\/Siero-Viso-Antiossidante.jpg\" alt=\"Siero Viso Antiossidante\" class=\"wp-image-4060\" title=\"Siero Viso Antiossidante\" srcset=\"https:\/\/magazine.ideabellezza.it\/wp-content\/uploads\/2025\/07\/Siero-Viso-Antiossidante.jpg 400w, https:\/\/magazine.ideabellezza.it\/wp-content\/uploads\/2025\/07\/Siero-Viso-Antiossidante-300x300.jpg 300w, https:\/\/magazine.ideabellezza.it\/wp-content\/uploads\/2025\/07\/Siero-Viso-Antiossidante-150x150.jpg 150w, https:\/\/magazine.ideabellezza.it\/wp-content\/uploads\/2025\/07\/Siero-Viso-Antiossidante-370x370.jpg 370w, https:\/\/magazine.ideabellezza.it\/wp-content\/uploads\/2025\/07\/Siero-Viso-Antiossidante-146x146.jpg 146w\" sizes=\"auto, (max-width: 400px) 100vw, 400px\" \/><\/a><\/figure>\n\n\n\n<div class=\"wp-block-buttons is-content-justification-center is-layout-flex wp-container-core-buttons-is-layout-16018d1d wp-block-buttons-is-layout-flex\">\n<div class=\"wp-block-button has-custom-width wp-block-button__width-100\"><a class=\"wp-block-button__link has-background wp-element-button\" style=\"background-color:#e2007a\">Siero Viso Antiossidante<\/a><\/div>\n<\/div>\n<\/div>\n<\/div>\n\n\n\n<h2 class=\"wp-block-heading\">Dopo quanto tempo passa una bruciatura da sole: tempi di guarigione<\/h2>\n\n\n\n<p>Una <strong>bruciatura da sole lieve<\/strong> tende a sparire in circa 3-5 giorni. Quelle <strong>moderate<\/strong> richiedono anche una settimana o pi\u00f9. Se compaiono vesciche o lesioni profonde, i tempi si allungano fino a 10-15 giorni.<\/p>\n\n\n\n<p><strong>Fattori che influenzano la durata:<\/strong><\/p>\n\n\n\n<ul class=\"wp-block-list\">\n<li>Grado di esposizione<\/li>\n\n\n\n<li>Tipo di pelle<\/li>\n\n\n\n<li>Zone del corpo coinvolte<\/li>\n\n\n\n<li>Cura post-esposizione<\/li>\n<\/ul>\n\n\n\n<p>Per evitare complicazioni, \u00e8 bene <strong>osservare l\u2019evoluzione<\/strong> e consultare un medico in caso di peggioramento.<\/p>\n\n\n\n<figure class=\"wp-block-image size-full\"><img loading=\"lazy\" decoding=\"async\" width=\"900\" height=\"600\" src=\"https:\/\/magazine.ideabellezza.it\/wp-content\/uploads\/2025\/07\/cosa-mettere-su-bruciatura-da-sole.jpg\" alt=\"cosa mettere su bruciatura da sole\" class=\"wp-image-4047\" title=\"cosa mettere su bruciatura da sole\" srcset=\"https:\/\/magazine.ideabellezza.it\/wp-content\/uploads\/2025\/07\/cosa-mettere-su-bruciatura-da-sole.jpg 900w, https:\/\/magazine.ideabellezza.it\/wp-content\/uploads\/2025\/07\/cosa-mettere-su-bruciatura-da-sole-300x200.jpg 300w, https:\/\/magazine.ideabellezza.it\/wp-content\/uploads\/2025\/07\/cosa-mettere-su-bruciatura-da-sole-768x512.jpg 768w, https:\/\/magazine.ideabellezza.it\/wp-content\/uploads\/2025\/07\/cosa-mettere-su-bruciatura-da-sole-370x247.jpg 370w, https:\/\/magazine.ideabellezza.it\/wp-content\/uploads\/2025\/07\/cosa-mettere-su-bruciatura-da-sole-760x507.jpg 760w\" sizes=\"auto, (max-width: 900px) 100vw, 900px\" \/><\/figure>\n\n\n\n<h2 class=\"wp-block-heading\">Prevenzione: come evitare le bruciature da sole future<\/h2>\n\n\n\n<p>La <strong>migliore strategia<\/strong> resta la prevenzione. Ecco le buone pratiche da adottare:<\/p>\n\n\n\n<ul class=\"wp-block-list\">\n<li>Applicare <strong>una protezione solare ad ampio spettro SPF 30 o superiore<\/strong> almeno 20 minuti prima dell\u2019esposizione<\/li>\n\n\n\n<li><strong>Riapplicare ogni 2 ore<\/strong> e dopo ogni bagno<\/li>\n\n\n\n<li><a href=\"https:\/\/www.ideabellezza.it\/magazine\/protezione-solare-scelta-dei-solari\/\" target=\"_blank\" rel=\"noreferrer noopener\">Scegliere solari<\/a><strong> resistenti all\u2019acqua<\/strong> e adatti al proprio fototipo<\/li>\n\n\n\n<li>Indossare <strong>indumenti leggeri, cappelli e occhiali da sole<\/strong><\/li>\n\n\n\n<li>Evitare l\u2019esposizione diretta tra le 11 e le 16<\/li>\n<\/ul>\n\n\n\n<p>Su Ideabellezza.it \u00e8 possibile trovare un\u2019ampia selezione di <a href=\"https:\/\/www.ideabellezza.it\/trattamenti-viso\/solari\/\" target=\"_blank\" rel=\"noreferrer noopener\">solari viso<\/a> e <a href=\"https:\/\/www.ideabellezza.it\/corpo-bagno\/solari\/\" target=\"_blank\" rel=\"noreferrer noopener\">solari corpo<\/a>, anche con texture leggere e profumazioni piacevoli, adatte a ogni tipo di pelle.<\/p>\n\n\n\n<div class=\"wp-block-columns are-vertically-aligned-center is-layout-flex wp-container-core-columns-is-layout-9d6595d7 wp-block-columns-is-layout-flex\">\n<div class=\"wp-block-column is-vertically-aligned-center is-layout-flow wp-block-column-is-layout-flow\">\n<figure class=\"wp-block-image size-full\"><a href=\"https:\/\/www.ideabellezza.it\/spray-corpo-invisible-spf30\/\" target=\"_blank\" rel=\" noreferrer noopener\"><img loading=\"lazy\" decoding=\"async\" width=\"400\" height=\"400\" src=\"https:\/\/magazine.ideabellezza.it\/wp-content\/uploads\/2025\/07\/Spray-Corpo-Invisible-Spf30.jpg\" alt=\"Spray Corpo Invisible Spf30\" class=\"wp-image-4065\" title=\"Spray Corpo Invisible Spf30\" srcset=\"https:\/\/magazine.ideabellezza.it\/wp-content\/uploads\/2025\/07\/Spray-Corpo-Invisible-Spf30.jpg 400w, https:\/\/magazine.ideabellezza.it\/wp-content\/uploads\/2025\/07\/Spray-Corpo-Invisible-Spf30-300x300.jpg 300w, https:\/\/magazine.ideabellezza.it\/wp-content\/uploads\/2025\/07\/Spray-Corpo-Invisible-Spf30-150x150.jpg 150w, https:\/\/magazine.ideabellezza.it\/wp-content\/uploads\/2025\/07\/Spray-Corpo-Invisible-Spf30-370x370.jpg 370w, https:\/\/magazine.ideabellezza.it\/wp-content\/uploads\/2025\/07\/Spray-Corpo-Invisible-Spf30-146x146.jpg 146w\" sizes=\"auto, (max-width: 400px) 100vw, 400px\" \/><\/a><\/figure>\n\n\n\n<div class=\"wp-block-buttons is-content-justification-center is-layout-flex wp-container-core-buttons-is-layout-16018d1d wp-block-buttons-is-layout-flex\">\n<div class=\"wp-block-button has-custom-width wp-block-button__width-100\"><a class=\"wp-block-button__link has-background wp-element-button\" style=\"background-color:#e2007a\">Spray Corpo Invisible Spf30<\/a><\/div>\n<\/div>\n<\/div>\n\n\n\n<div class=\"wp-block-column is-vertically-aligned-center is-layout-flow wp-block-column-is-layout-flow\">\n<figure class=\"wp-block-image size-full\"><a href=\"https:\/\/www.ideabellezza.it\/crema-solare-anti-eta-spf50\/\" target=\"_blank\" rel=\" noreferrer noopener\"><img loading=\"lazy\" decoding=\"async\" width=\"400\" height=\"400\" src=\"https:\/\/magazine.ideabellezza.it\/wp-content\/uploads\/2025\/07\/Crema-Solare-Anti-Eta-SPF50.jpg\" alt=\"Crema Solare Anti-Et\u00e0 SPF50\" class=\"wp-image-4064\" title=\"Crema Solare Anti-Et\u00e0 SPF50\" srcset=\"https:\/\/magazine.ideabellezza.it\/wp-content\/uploads\/2025\/07\/Crema-Solare-Anti-Eta-SPF50.jpg 400w, https:\/\/magazine.ideabellezza.it\/wp-content\/uploads\/2025\/07\/Crema-Solare-Anti-Eta-SPF50-300x300.jpg 300w, https:\/\/magazine.ideabellezza.it\/wp-content\/uploads\/2025\/07\/Crema-Solare-Anti-Eta-SPF50-150x150.jpg 150w, https:\/\/magazine.ideabellezza.it\/wp-content\/uploads\/2025\/07\/Crema-Solare-Anti-Eta-SPF50-370x370.jpg 370w, https:\/\/magazine.ideabellezza.it\/wp-content\/uploads\/2025\/07\/Crema-Solare-Anti-Eta-SPF50-146x146.jpg 146w\" sizes=\"auto, (max-width: 400px) 100vw, 400px\" \/><\/a><\/figure>\n\n\n\n<div class=\"wp-block-buttons is-content-justification-center is-layout-flex wp-container-core-buttons-is-layout-16018d1d wp-block-buttons-is-layout-flex\">\n<div class=\"wp-block-button has-custom-width wp-block-button__width-100\"><a class=\"wp-block-button__link has-background wp-element-button\" style=\"background-color:#e2007a\">Crema Solare Anti-Et\u00e0 SPF50<\/a><\/div>\n<\/div>\n<\/div>\n\n\n\n<div class=\"wp-block-column is-vertically-aligned-center is-layout-flow wp-block-column-is-layout-flow\">\n<figure class=\"wp-block-image size-full\"><a href=\"https:\/\/www.ideabellezza.it\/sun-crema-protezione-spf-15\/\" target=\"_blank\" rel=\" noreferrer noopener\"><img loading=\"lazy\" decoding=\"async\" width=\"400\" height=\"400\" src=\"https:\/\/magazine.ideabellezza.it\/wp-content\/uploads\/2025\/07\/Crema-Protezione-Spf-15.jpg\" alt=\"Crema Protezione Spf 15\" class=\"wp-image-4063\" title=\"Crema Protezione Spf 15\" srcset=\"https:\/\/magazine.ideabellezza.it\/wp-content\/uploads\/2025\/07\/Crema-Protezione-Spf-15.jpg 400w, https:\/\/magazine.ideabellezza.it\/wp-content\/uploads\/2025\/07\/Crema-Protezione-Spf-15-300x300.jpg 300w, https:\/\/magazine.ideabellezza.it\/wp-content\/uploads\/2025\/07\/Crema-Protezione-Spf-15-150x150.jpg 150w, https:\/\/magazine.ideabellezza.it\/wp-content\/uploads\/2025\/07\/Crema-Protezione-Spf-15-370x370.jpg 370w, https:\/\/magazine.ideabellezza.it\/wp-content\/uploads\/2025\/07\/Crema-Protezione-Spf-15-146x146.jpg 146w\" sizes=\"auto, (max-width: 400px) 100vw, 400px\" \/><\/a><\/figure>\n\n\n\n<div class=\"wp-block-buttons is-content-justification-center is-layout-flex wp-container-core-buttons-is-layout-16018d1d wp-block-buttons-is-layout-flex\">\n<div class=\"wp-block-button has-custom-width wp-block-button__width-100\"><a class=\"wp-block-button__link has-background wp-element-button\" style=\"background-color:#e2007a\">Crema Protezione Spf 15<\/a><\/div>\n<\/div>\n<\/div>\n<\/div>\n\n\n\n<h2 class=\"wp-block-heading\">Quando la pelle brucia, la prevenzione parte dalla cura<\/h2>\n\n\n\n<p>Una <strong>bruciatura solare<\/strong> non \u00e8 solo un fastidio passeggero, ma un segnale d\u2019allarme che invita a prendersi pi\u00f9 cura della propria pelle. Sapere <strong>come far passare le bruciature da sole<\/strong>, <strong>cosa mettere sulla pelle irritata<\/strong> e quali prodotti scegliere, \u00e8 essenziale per evitare danni a lungo termine. Per accompagnare ogni fase, dalla protezione alla rigenerazione, su <strong>Ideabellezza.it<\/strong> \u00e8 possibile trovare soluzioni efficaci: dai <a href=\"https:\/\/www.ideabellezza.it\/corpo-bagno\/solari\/doposole-corpo\/\" target=\"_blank\" rel=\"noreferrer noopener\">doposole lenitivi<\/a> ai <a href=\"https:\/\/www.ideabellezza.it\/corpo-bagno\/trattamenti-corpo\/crema-idratante\/\" target=\"_blank\" rel=\"noreferrer noopener\">trattamenti idratanti intensivi<\/a>, pensati per restituire benessere e morbidezza anche alla pelle pi\u00f9 stressata dal sole. Prepararsi oggi significa vivere ogni raggio di sole con pi\u00f9 sicurezza e leggerezza.<\/p>\n\n\n\n<div class=\"wp-block-columns are-vertically-aligned-center is-layout-flex wp-container-core-columns-is-layout-9d6595d7 wp-block-columns-is-layout-flex\">\n<div class=\"wp-block-column is-vertically-aligned-center is-layout-flow wp-block-column-is-layout-flow\">\n<figure class=\"wp-block-image size-full\"><a href=\"https:\/\/www.ideabellezza.it\/latte-corpo-doposole-abbronzante-idratante\/\" target=\"_blank\" rel=\" noreferrer noopener\"><img loading=\"lazy\" decoding=\"async\" width=\"400\" height=\"400\" src=\"https:\/\/magazine.ideabellezza.it\/wp-content\/uploads\/2025\/07\/Latte-Corpo-Doposole.jpg\" alt=\"Latte Corpo Doposole\" class=\"wp-image-4068\" title=\"Latte Corpo Doposole\" srcset=\"https:\/\/magazine.ideabellezza.it\/wp-content\/uploads\/2025\/07\/Latte-Corpo-Doposole.jpg 400w, https:\/\/magazine.ideabellezza.it\/wp-content\/uploads\/2025\/07\/Latte-Corpo-Doposole-300x300.jpg 300w, https:\/\/magazine.ideabellezza.it\/wp-content\/uploads\/2025\/07\/Latte-Corpo-Doposole-150x150.jpg 150w, https:\/\/magazine.ideabellezza.it\/wp-content\/uploads\/2025\/07\/Latte-Corpo-Doposole-370x370.jpg 370w, https:\/\/magazine.ideabellezza.it\/wp-content\/uploads\/2025\/07\/Latte-Corpo-Doposole-146x146.jpg 146w\" sizes=\"auto, (max-width: 400px) 100vw, 400px\" \/><\/a><\/figure>\n\n\n\n<div class=\"wp-block-buttons is-content-justification-center is-layout-flex wp-container-core-buttons-is-layout-16018d1d wp-block-buttons-is-layout-flex\">\n<div class=\"wp-block-button has-custom-width wp-block-button__width-100\"><a class=\"wp-block-button__link has-background wp-element-button\" style=\"background-color:#e2007a\">Latte Corpo Doposole<\/a><\/div>\n<\/div>\n<\/div>\n\n\n\n<div class=\"wp-block-column is-vertically-aligned-center is-layout-flow wp-block-column-is-layout-flow\">\n<figure class=\"wp-block-image size-full\"><a href=\"https:\/\/www.ideabellezza.it\/sun-crema-doposole\/\" target=\"_blank\" rel=\" noreferrer noopener\"><img loading=\"lazy\" decoding=\"async\" width=\"400\" height=\"400\" src=\"https:\/\/magazine.ideabellezza.it\/wp-content\/uploads\/2025\/07\/Sun-Crema-Doposole.jpg\" alt=\"Sun Crema Doposole\" class=\"wp-image-4067\" title=\"Sun Crema Doposole\" srcset=\"https:\/\/magazine.ideabellezza.it\/wp-content\/uploads\/2025\/07\/Sun-Crema-Doposole.jpg 400w, https:\/\/magazine.ideabellezza.it\/wp-content\/uploads\/2025\/07\/Sun-Crema-Doposole-300x300.jpg 300w, https:\/\/magazine.ideabellezza.it\/wp-content\/uploads\/2025\/07\/Sun-Crema-Doposole-150x150.jpg 150w, https:\/\/magazine.ideabellezza.it\/wp-content\/uploads\/2025\/07\/Sun-Crema-Doposole-370x370.jpg 370w, https:\/\/magazine.ideabellezza.it\/wp-content\/uploads\/2025\/07\/Sun-Crema-Doposole-146x146.jpg 146w\" sizes=\"auto, (max-width: 400px) 100vw, 400px\" \/><\/a><\/figure>\n\n\n\n<div class=\"wp-block-buttons is-content-justification-center is-layout-flex wp-container-core-buttons-is-layout-16018d1d wp-block-buttons-is-layout-flex\">\n<div class=\"wp-block-button has-custom-width wp-block-button__width-100\"><a class=\"wp-block-button__link has-background wp-element-button\" style=\"background-color:#e2007a\">Sun Crema Doposole<\/a><\/div>\n<\/div>\n<\/div>\n\n\n\n<div class=\"wp-block-column is-vertically-aligned-center is-layout-flow wp-block-column-is-layout-flow\">\n<figure class=\"wp-block-image size-full\"><a href=\"https:\/\/www.ideabellezza.it\/balsamo-doposole-idratante-restitutivo\/\" target=\"_blank\" rel=\" noreferrer noopener\"><img loading=\"lazy\" decoding=\"async\" width=\"400\" height=\"400\" src=\"https:\/\/magazine.ideabellezza.it\/wp-content\/uploads\/2025\/07\/Balsamo-Doposole.jpg\" alt=\"Balsamo Doposole\" class=\"wp-image-4066\" title=\"Balsamo Doposole\" srcset=\"https:\/\/magazine.ideabellezza.it\/wp-content\/uploads\/2025\/07\/Balsamo-Doposole.jpg 400w, https:\/\/magazine.ideabellezza.it\/wp-content\/uploads\/2025\/07\/Balsamo-Doposole-300x300.jpg 300w, https:\/\/magazine.ideabellezza.it\/wp-content\/uploads\/2025\/07\/Balsamo-Doposole-150x150.jpg 150w, https:\/\/magazine.ideabellezza.it\/wp-content\/uploads\/2025\/07\/Balsamo-Doposole-370x370.jpg 370w, https:\/\/magazine.ideabellezza.it\/wp-content\/uploads\/2025\/07\/Balsamo-Doposole-146x146.jpg 146w\" sizes=\"auto, (max-width: 400px) 100vw, 400px\" \/><\/a><\/figure>\n\n\n\n<div class=\"wp-block-buttons is-content-justification-center is-layout-flex wp-container-core-buttons-is-layout-16018d1d wp-block-buttons-is-layout-flex\">\n<div class=\"wp-block-button has-custom-width wp-block-button__width-100\"><a class=\"wp-block-button__link has-background wp-element-button\" style=\"background-color:#e2007a\">Balsamo Doposole<\/a><\/div>\n<\/div>\n<\/div>\n<\/div>\n\n\n\n<h2 class=\"wp-block-heading\">FAQ- Domande frequenti sulla bruciatura da sole<\/h2>\n\n\n\n<div class=\"schema-faq wp-block-yoast-faq-block\"><div class=\"schema-faq-section\" id=\"faq-question-1753102161428\"><h3 class=\"schema-faq-question\"><strong>Quanto dura una bruciatura da sole lieve?<\/strong><\/h3> <p class=\"schema-faq-answer\">Una <strong>bruciatura da sole lieve<\/strong> di solito guarisce in <strong>3-5 giorni<\/strong>, con desquamazione leggera. \u00c8 fondamentale applicare prodotti idratanti e lenitivi fin dai primi sintomi per ridurre tempi e fastidi.<\/p> <\/div> <div class=\"schema-faq-section\" id=\"faq-question-1753102167596\"><h3 class=\"schema-faq-question\"><strong>Cosa mettere sulla bruciatura da sole per il sollievo immediato?<\/strong><\/h3> <p class=\"schema-faq-answer\">Per <strong>alleviare subito il dolore da bruciatura da sole<\/strong>, si consiglia di applicare <strong>gel all\u2019aloe vera<\/strong>, <strong>creme doposole con pantenolo<\/strong> o <strong>spray lenitivi all\u2019acqua termale<\/strong>. Evitare prodotti con alcol o profumi.<\/p> <\/div> <div class=\"schema-faq-section\" id=\"faq-question-1753102177404\"><h3 class=\"schema-faq-question\"><strong>La bruciatura da sole in testa \u00e8 pericolosa?<\/strong><\/h3> <p class=\"schema-faq-answer\">La <strong>bruciatura da sole sul cuoio capelluto<\/strong> pu\u00f2 causare fastidio, prurito e desquamazione. Non \u00e8 pericolosa se trattata in tempo con <strong>shampoo delicati<\/strong> e <strong>prodotti specifici per il cuoio capelluto irritato<\/strong>.<\/p> <\/div> <div class=\"schema-faq-section\" id=\"faq-question-1753102187149\"><h3 class=\"schema-faq-question\"><strong>Come far passare la bruciatura da sole pi\u00f9 in fretta?<\/strong><\/h3> <p class=\"schema-faq-answer\">Per <strong>accelerare la guarigione<\/strong> si pu\u00f2:<br\/>-Idratare frequentemente con prodotti specifici<br\/>-Evitare l\u2019esposizione al sole<br\/>-Bere molta acqua<br\/>-Usare integratori con <strong>vitamina E e antiossidanti<\/strong><\/p> <\/div> <div class=\"schema-faq-section\" id=\"faq-question-1753102201784\"><h3 class=\"schema-faq-question\"><strong>Dopo quanto passa una bruciatura da sole con le bolle?<\/strong><\/h3> <p class=\"schema-faq-answer\">Se si formano <strong>vesciche o bolle<\/strong>, la bruciatura \u00e8 di secondo grado e pu\u00f2 richiedere <strong>fino a 10-15 giorni<\/strong> per guarire. Mai rompere le bolle: possono causare infezioni o cicatrici.<\/p> <\/div> <div class=\"schema-faq-section\" id=\"faq-question-1753102213814\"><h3 class=\"schema-faq-question\"><strong>Cosa succede se non si cura una bruciatura da sole?<\/strong><\/h3> <p class=\"schema-faq-answer\">Una <strong>bruciatura solare non curata<\/strong> pu\u00f2 causare secchezza, macchie, invecchiamento precoce e, nel tempo, aumentare il rischio di danni cutanei gravi. \u00c8 importante intervenire subito con <strong>rimedi adatti alla propria pelle<\/strong>.<\/p> <\/div> <\/div>\n","protected":false},"excerpt":{"rendered":"<p>Ecco come analizzare i sintomi, l\u2019evoluzione del danno cutaneo e le migliori strategie per come far passare la bruciatura da sole pi\u00f9 in fretta.<\/p>\n","protected":false},"author":1,"featured_media":4048,"comment_status":"closed","ping_status":"open","sticky":true,"template":"","format":"standard","meta":{"footnotes":""},"categories":[18],"tags":[],"class_list":["post-4043","post","type-post","status-publish","format-standard","has-post-thumbnail","hentry","category-how-to"],"yoast_head":"<!-- This site is optimized with the Yoast SEO plugin v25.2 - https:\/\/yoast.com\/wordpress\/plugins\/seo\/ -->\n<title>Bruciatura da sole: rimedi efficaci, durata e consigli -<\/title>\n<meta name=\"description\" content=\"Ecco come analizzare i sintomi, l\u2019evoluzione del danno cutaneo e le migliori strategie per far passare la bruciatura da sole pi\u00f9 in fretta.\" \/>\n<meta name=\"robots\" content=\"index, follow, max-snippet:-1, max-image-preview:large, max-video-preview:-1\" \/>\n<link rel=\"canonical\" href=\"https:\/\/www.ideabellezza.it\/magazine\/bruciatura-da-sole-rimedi-efficaci\/\" \/>\n<meta property=\"og:locale\" content=\"it_IT\" \/>\n<meta property=\"og:type\" content=\"article\" \/>\n<meta property=\"og:title\" content=\"Bruciatura da sole: rimedi efficaci, durata e consigli -\" \/>\n<meta property=\"og:description\" content=\"Ecco come analizzare i sintomi, l\u2019evoluzione del danno cutaneo e le migliori strategie per far passare la bruciatura da sole pi\u00f9 in fretta.\" \/>\n<meta property=\"og:url\" content=\"https:\/\/www.ideabellezza.it\/magazine\/bruciatura-da-sole-rimedi-efficaci\/\" \/>\n<meta property=\"article:published_time\" content=\"2025-07-21T15:07:00+00:00\" \/>\n<meta property=\"article:modified_time\" content=\"2025-07-30T14:39:54+00:00\" \/>\n<meta property=\"og:image\" content=\"https:\/\/magazine.ideabellezza.it\/wp-content\/uploads\/2025\/07\/bruciatura-da-sole-schiena.jpg\" \/>\n\t<meta property=\"og:image:width\" content=\"900\" \/>\n\t<meta property=\"og:image:height\" content=\"600\" \/>\n\t<meta property=\"og:image:type\" content=\"image\/jpeg\" \/>\n<meta name=\"author\" content=\"ideabellezza\" \/>\n<meta name=\"twitter:card\" content=\"summary_large_image\" \/>\n<meta name=\"twitter:label1\" content=\"Scritto da\" \/>\n\t<meta name=\"twitter:data1\" content=\"ideabellezza\" \/>\n\t<meta name=\"twitter:label2\" content=\"Tempo di lettura stimato\" \/>\n\t<meta name=\"twitter:data2\" content=\"12 minuti\" \/>\n<script type=\"application\/ld+json\" class=\"yoast-schema-graph\">{\"@context\":\"https:\/\/schema.org\",\"@graph\":[{\"@type\":[\"WebPage\",\"FAQPage\"],\"@id\":\"https:\/\/magazine.ideabellezza.it\/bruciatura-da-sole-rimedi-efficaci\/\",\"url\":\"https:\/\/www.ideabellezza.it\/magazine\/bruciatura-da-sole-rimedi-efficaci\/\",\"name\":\"Bruciatura da sole: rimedi efficaci, durata e consigli -\",\"isPartOf\":{\"@id\":\"https:\/\/www.ideabellezza.it\/magazine\/#website\"},\"primaryImageOfPage\":{\"@id\":\"https:\/\/www.ideabellezza.it\/magazine\/bruciatura-da-sole-rimedi-efficaci\/#primaryimage\"},\"image\":{\"@id\":\"https:\/\/www.ideabellezza.it\/magazine\/bruciatura-da-sole-rimedi-efficaci\/#primaryimage\"},\"thumbnailUrl\":\"https:\/\/magazine.ideabellezza.it\/wp-content\/uploads\/2025\/07\/bruciatura-da-sole-schiena.jpg\",\"datePublished\":\"2025-07-21T15:07:00+00:00\",\"dateModified\":\"2025-07-30T14:39:54+00:00\",\"author\":{\"@id\":\"https:\/\/www.ideabellezza.it\/magazine\/#\/schema\/person\/17b0f47546a3fc5dc1033bb23feffc65\"},\"description\":\"Ecco come analizzare i sintomi, l\u2019evoluzione del danno cutaneo e le migliori strategie per far passare la bruciatura da sole pi\u00f9 in fretta.\",\"mainEntity\":[{\"@id\":\"https:\/\/www.ideabellezza.it\/magazine\/bruciatura-da-sole-rimedi-efficaci\/#faq-question-1753102161428\"},{\"@id\":\"https:\/\/www.ideabellezza.it\/magazine\/bruciatura-da-sole-rimedi-efficaci\/#faq-question-1753102167596\"},{\"@id\":\"https:\/\/www.ideabellezza.it\/magazine\/bruciatura-da-sole-rimedi-efficaci\/#faq-question-1753102177404\"},{\"@id\":\"https:\/\/www.ideabellezza.it\/magazine\/bruciatura-da-sole-rimedi-efficaci\/#faq-question-1753102187149\"},{\"@id\":\"https:\/\/www.ideabellezza.it\/magazine\/bruciatura-da-sole-rimedi-efficaci\/#faq-question-1753102201784\"},{\"@id\":\"https:\/\/www.ideabellezza.it\/magazine\/bruciatura-da-sole-rimedi-efficaci\/#faq-question-1753102213814\"}],\"inLanguage\":\"it-IT\",\"potentialAction\":[{\"@type\":\"ReadAction\",\"target\":[\"https:\/\/www.ideabellezza.it\/magazine\/bruciatura-da-sole-rimedi-efficaci\/\"]}]},{\"@type\":\"ImageObject\",\"inLanguage\":\"it-IT\",\"@id\":\"https:\/\/www.ideabellezza.it\/magazine\/bruciatura-da-sole-rimedi-efficaci\/#primaryimage\",\"url\":\"https:\/\/magazine.ideabellezza.it\/wp-content\/uploads\/2025\/07\/bruciatura-da-sole-schiena.jpg\",\"contentUrl\":\"https:\/\/magazine.ideabellezza.it\/wp-content\/uploads\/2025\/07\/bruciatura-da-sole-schiena.jpg\",\"width\":900,\"height\":600,\"caption\":\"bruciatura da sole schiena\"},{\"@type\":\"WebSite\",\"@id\":\"https:\/\/www.ideabellezza.it\/magazine\/#website\",\"url\":\"https:\/\/www.ideabellezza.it\/magazine\/\",\"name\":\"\",\"description\":\"\",\"potentialAction\":[{\"@type\":\"SearchAction\",\"target\":{\"@type\":\"EntryPoint\",\"urlTemplate\":\"https:\/\/www.ideabellezza.it\/magazine\/?s={search_term_string}\"},\"query-input\":{\"@type\":\"PropertyValueSpecification\",\"valueRequired\":true,\"valueName\":\"search_term_string\"}}],\"inLanguage\":\"it-IT\"},{\"@type\":\"Person\",\"@id\":\"https:\/\/www.ideabellezza.it\/magazine\/#\/schema\/person\/17b0f47546a3fc5dc1033bb23feffc65\",\"name\":\"ideabellezza\",\"image\":{\"@type\":\"ImageObject\",\"inLanguage\":\"it-IT\",\"@id\":\"https:\/\/www.ideabellezza.it\/magazine\/#\/schema\/person\/image\/\",\"url\":\"https:\/\/secure.gravatar.com\/avatar\/60e318cb6e6de1184d3834661ba9f6209a8d536ae9c769e3662804fd574471a2?s=96&d=mm&r=g\",\"contentUrl\":\"https:\/\/secure.gravatar.com\/avatar\/60e318cb6e6de1184d3834661ba9f6209a8d536ae9c769e3662804fd574471a2?s=96&d=mm&r=g\",\"caption\":\"ideabellezza\"},\"sameAs\":[\"http:\/\/ideabellezza.it\/magazine\/IdeaBellezza\"]},{\"@type\":\"Question\",\"@id\":\"https:\/\/www.ideabellezza.it\/magazine\/bruciatura-da-sole-rimedi-efficaci\/#faq-question-1753102161428\",\"position\":1,\"url\":\"https:\/\/www.ideabellezza.it\/magazine\/bruciatura-da-sole-rimedi-efficaci\/#faq-question-1753102161428\",\"name\":\"Quanto dura una bruciatura da sole lieve?\",\"answerCount\":1,\"acceptedAnswer\":{\"@type\":\"Answer\",\"text\":\"Una <strong>bruciatura da sole lieve<\/strong> di solito guarisce in <strong>3-5 giorni<\/strong>, con desquamazione leggera. \u00c8 fondamentale applicare prodotti idratanti e lenitivi fin dai primi sintomi per ridurre tempi e fastidi.\",\"inLanguage\":\"it-IT\"},\"inLanguage\":\"it-IT\"},{\"@type\":\"Question\",\"@id\":\"https:\/\/www.ideabellezza.it\/magazine\/bruciatura-da-sole-rimedi-efficaci\/#faq-question-1753102167596\",\"position\":2,\"url\":\"https:\/\/www.ideabellezza.it\/magazine\/bruciatura-da-sole-rimedi-efficaci\/#faq-question-1753102167596\",\"name\":\"Cosa mettere sulla bruciatura da sole per il sollievo immediato?\",\"answerCount\":1,\"acceptedAnswer\":{\"@type\":\"Answer\",\"text\":\"Per <strong>alleviare subito il dolore da bruciatura da sole<\/strong>, si consiglia di applicare <strong>gel all\u2019aloe vera<\/strong>, <strong>creme doposole con pantenolo<\/strong> o <strong>spray lenitivi all\u2019acqua termale<\/strong>. Evitare prodotti con alcol o profumi.\",\"inLanguage\":\"it-IT\"},\"inLanguage\":\"it-IT\"},{\"@type\":\"Question\",\"@id\":\"https:\/\/www.ideabellezza.it\/magazine\/bruciatura-da-sole-rimedi-efficaci\/#faq-question-1753102177404\",\"position\":3,\"url\":\"https:\/\/www.ideabellezza.it\/magazine\/bruciatura-da-sole-rimedi-efficaci\/#faq-question-1753102177404\",\"name\":\"La bruciatura da sole in testa \u00e8 pericolosa?\",\"answerCount\":1,\"acceptedAnswer\":{\"@type\":\"Answer\",\"text\":\"La <strong>bruciatura da sole sul cuoio capelluto<\/strong> pu\u00f2 causare fastidio, prurito e desquamazione. Non \u00e8 pericolosa se trattata in tempo con <strong>shampoo delicati<\/strong> e <strong>prodotti specifici per il cuoio capelluto irritato<\/strong>.\",\"inLanguage\":\"it-IT\"},\"inLanguage\":\"it-IT\"},{\"@type\":\"Question\",\"@id\":\"https:\/\/www.ideabellezza.it\/magazine\/bruciatura-da-sole-rimedi-efficaci\/#faq-question-1753102187149\",\"position\":4,\"url\":\"https:\/\/www.ideabellezza.it\/magazine\/bruciatura-da-sole-rimedi-efficaci\/#faq-question-1753102187149\",\"name\":\"Come far passare la bruciatura da sole pi\u00f9 in fretta?\",\"answerCount\":1,\"acceptedAnswer\":{\"@type\":\"Answer\",\"text\":\"Per <strong>accelerare la guarigione<\/strong> si pu\u00f2:<br\/>-Idratare frequentemente con prodotti specifici<br\/>-Evitare l\u2019esposizione al sole<br\/>-Bere molta acqua<br\/>-Usare integratori con <strong>vitamina E e antiossidanti<\/strong>\",\"inLanguage\":\"it-IT\"},\"inLanguage\":\"it-IT\"},{\"@type\":\"Question\",\"@id\":\"https:\/\/www.ideabellezza.it\/magazine\/bruciatura-da-sole-rimedi-efficaci\/#faq-question-1753102201784\",\"position\":5,\"url\":\"https:\/\/www.ideabellezza.it\/magazine\/bruciatura-da-sole-rimedi-efficaci\/#faq-question-1753102201784\",\"name\":\"Dopo quanto passa una bruciatura da sole con le bolle?\",\"answerCount\":1,\"acceptedAnswer\":{\"@type\":\"Answer\",\"text\":\"Se si formano <strong>vesciche o bolle<\/strong>, la bruciatura \u00e8 di secondo grado e pu\u00f2 richiedere <strong>fino a 10-15 giorni<\/strong> per guarire. Mai rompere le bolle: possono causare infezioni o cicatrici.\",\"inLanguage\":\"it-IT\"},\"inLanguage\":\"it-IT\"},{\"@type\":\"Question\",\"@id\":\"https:\/\/www.ideabellezza.it\/magazine\/bruciatura-da-sole-rimedi-efficaci\/#faq-question-1753102213814\",\"position\":6,\"url\":\"https:\/\/www.ideabellezza.it\/magazine\/bruciatura-da-sole-rimedi-efficaci\/#faq-question-1753102213814\",\"name\":\"Cosa succede se non si cura una bruciatura da sole?\",\"answerCount\":1,\"acceptedAnswer\":{\"@type\":\"Answer\",\"text\":\"Una <strong>bruciatura solare non curata<\/strong> pu\u00f2 causare secchezza, macchie, invecchiamento precoce e, nel tempo, aumentare il rischio di danni cutanei gravi. \u00c8 importante intervenire subito con <strong>rimedi adatti alla propria pelle<\/strong>.\",\"inLanguage\":\"it-IT\"},\"inLanguage\":\"it-IT\"}]}<\/script>\n<!-- \/ Yoast SEO plugin. -->","yoast_head_json":{"title":"Bruciatura da sole: rimedi efficaci, durata e consigli -","description":"Ecco come analizzare i sintomi, l\u2019evoluzione del danno cutaneo e le migliori strategie per far passare la bruciatura da sole pi\u00f9 in fretta.","robots":{"index":"index","follow":"follow","max-snippet":"max-snippet:-1","max-image-preview":"max-image-preview:large","max-video-preview":"max-video-preview:-1"},"canonical":"https:\/\/www.ideabellezza.it\/magazine\/bruciatura-da-sole-rimedi-efficaci\/","og_locale":"it_IT","og_type":"article","og_title":"Bruciatura da sole: rimedi efficaci, durata e consigli -","og_description":"Ecco come analizzare i sintomi, l\u2019evoluzione del danno cutaneo e le migliori strategie per far passare la bruciatura da sole pi\u00f9 in fretta.","og_url":"https:\/\/www.ideabellezza.it\/magazine\/bruciatura-da-sole-rimedi-efficaci\/","article_published_time":"2025-07-21T15:07:00+00:00","article_modified_time":"2025-07-30T14:39:54+00:00","og_image":[{"width":900,"height":600,"url":"https:\/\/magazine.ideabellezza.it\/wp-content\/uploads\/2025\/07\/bruciatura-da-sole-schiena.jpg","type":"image\/jpeg"}],"author":"ideabellezza","twitter_card":"summary_large_image","twitter_misc":{"Scritto da":"ideabellezza","Tempo di lettura stimato":"12 minuti"},"schema":{"@context":"https:\/\/schema.org","@graph":[{"@type":["WebPage","FAQPage"],"@id":"https:\/\/magazine.ideabellezza.it\/bruciatura-da-sole-rimedi-efficaci\/","url":"https:\/\/www.ideabellezza.it\/magazine\/bruciatura-da-sole-rimedi-efficaci\/","name":"Bruciatura da sole: rimedi efficaci, durata e consigli -","isPartOf":{"@id":"https:\/\/www.ideabellezza.it\/magazine\/#website"},"primaryImageOfPage":{"@id":"https:\/\/www.ideabellezza.it\/magazine\/bruciatura-da-sole-rimedi-efficaci\/#primaryimage"},"image":{"@id":"https:\/\/www.ideabellezza.it\/magazine\/bruciatura-da-sole-rimedi-efficaci\/#primaryimage"},"thumbnailUrl":"https:\/\/magazine.ideabellezza.it\/wp-content\/uploads\/2025\/07\/bruciatura-da-sole-schiena.jpg","datePublished":"2025-07-21T15:07:00+00:00","dateModified":"2025-07-30T14:39:54+00:00","author":{"@id":"https:\/\/www.ideabellezza.it\/magazine\/#\/schema\/person\/17b0f47546a3fc5dc1033bb23feffc65"},"description":"Ecco come analizzare i sintomi, l\u2019evoluzione del danno cutaneo e le migliori strategie per far passare la bruciatura da sole pi\u00f9 in fretta.","mainEntity":[{"@id":"https:\/\/www.ideabellezza.it\/magazine\/bruciatura-da-sole-rimedi-efficaci\/#faq-question-1753102161428"},{"@id":"https:\/\/www.ideabellezza.it\/magazine\/bruciatura-da-sole-rimedi-efficaci\/#faq-question-1753102167596"},{"@id":"https:\/\/www.ideabellezza.it\/magazine\/bruciatura-da-sole-rimedi-efficaci\/#faq-question-1753102177404"},{"@id":"https:\/\/www.ideabellezza.it\/magazine\/bruciatura-da-sole-rimedi-efficaci\/#faq-question-1753102187149"},{"@id":"https:\/\/www.ideabellezza.it\/magazine\/bruciatura-da-sole-rimedi-efficaci\/#faq-question-1753102201784"},{"@id":"https:\/\/www.ideabellezza.it\/magazine\/bruciatura-da-sole-rimedi-efficaci\/#faq-question-1753102213814"}],"inLanguage":"it-IT","potentialAction":[{"@type":"ReadAction","target":["https:\/\/www.ideabellezza.it\/magazine\/bruciatura-da-sole-rimedi-efficaci\/"]}]},{"@type":"ImageObject","inLanguage":"it-IT","@id":"https:\/\/www.ideabellezza.it\/magazine\/bruciatura-da-sole-rimedi-efficaci\/#primaryimage","url":"https:\/\/magazine.ideabellezza.it\/wp-content\/uploads\/2025\/07\/bruciatura-da-sole-schiena.jpg","contentUrl":"https:\/\/magazine.ideabellezza.it\/wp-content\/uploads\/2025\/07\/bruciatura-da-sole-schiena.jpg","width":900,"height":600,"caption":"bruciatura da sole schiena"},{"@type":"WebSite","@id":"https:\/\/www.ideabellezza.it\/magazine\/#website","url":"https:\/\/www.ideabellezza.it\/magazine\/","name":"","description":"","potentialAction":[{"@type":"SearchAction","target":{"@type":"EntryPoint","urlTemplate":"https:\/\/www.ideabellezza.it\/magazine\/?s={search_term_string}"},"query-input":{"@type":"PropertyValueSpecification","valueRequired":true,"valueName":"search_term_string"}}],"inLanguage":"it-IT"},{"@type":"Person","@id":"https:\/\/www.ideabellezza.it\/magazine\/#\/schema\/person\/17b0f47546a3fc5dc1033bb23feffc65","name":"ideabellezza","image":{"@type":"ImageObject","inLanguage":"it-IT","@id":"https:\/\/www.ideabellezza.it\/magazine\/#\/schema\/person\/image\/","url":"https:\/\/secure.gravatar.com\/avatar\/60e318cb6e6de1184d3834661ba9f6209a8d536ae9c769e3662804fd574471a2?s=96&d=mm&r=g","contentUrl":"https:\/\/secure.gravatar.com\/avatar\/60e318cb6e6de1184d3834661ba9f6209a8d536ae9c769e3662804fd574471a2?s=96&d=mm&r=g","caption":"ideabellezza"},"sameAs":["http:\/\/ideabellezza.it\/magazine\/IdeaBellezza"]},{"@type":"Question","@id":"https:\/\/www.ideabellezza.it\/magazine\/bruciatura-da-sole-rimedi-efficaci\/#faq-question-1753102161428","position":1,"url":"https:\/\/www.ideabellezza.it\/magazine\/bruciatura-da-sole-rimedi-efficaci\/#faq-question-1753102161428","name":"Quanto dura una bruciatura da sole lieve?","answerCount":1,"acceptedAnswer":{"@type":"Answer","text":"Una <strong>bruciatura da sole lieve<\/strong> di solito guarisce in <strong>3-5 giorni<\/strong>, con desquamazione leggera. \u00c8 fondamentale applicare prodotti idratanti e lenitivi fin dai primi sintomi per ridurre tempi e fastidi.","inLanguage":"it-IT"},"inLanguage":"it-IT"},{"@type":"Question","@id":"https:\/\/www.ideabellezza.it\/magazine\/bruciatura-da-sole-rimedi-efficaci\/#faq-question-1753102167596","position":2,"url":"https:\/\/www.ideabellezza.it\/magazine\/bruciatura-da-sole-rimedi-efficaci\/#faq-question-1753102167596","name":"Cosa mettere sulla bruciatura da sole per il sollievo immediato?","answerCount":1,"acceptedAnswer":{"@type":"Answer","text":"Per <strong>alleviare subito il dolore da bruciatura da sole<\/strong>, si consiglia di applicare <strong>gel all\u2019aloe vera<\/strong>, <strong>creme doposole con pantenolo<\/strong> o <strong>spray lenitivi all\u2019acqua termale<\/strong>. Evitare prodotti con alcol o profumi.","inLanguage":"it-IT"},"inLanguage":"it-IT"},{"@type":"Question","@id":"https:\/\/www.ideabellezza.it\/magazine\/bruciatura-da-sole-rimedi-efficaci\/#faq-question-1753102177404","position":3,"url":"https:\/\/www.ideabellezza.it\/magazine\/bruciatura-da-sole-rimedi-efficaci\/#faq-question-1753102177404","name":"La bruciatura da sole in testa \u00e8 pericolosa?","answerCount":1,"acceptedAnswer":{"@type":"Answer","text":"La <strong>bruciatura da sole sul cuoio capelluto<\/strong> pu\u00f2 causare fastidio, prurito e desquamazione. Non \u00e8 pericolosa se trattata in tempo con <strong>shampoo delicati<\/strong> e <strong>prodotti specifici per il cuoio capelluto irritato<\/strong>.","inLanguage":"it-IT"},"inLanguage":"it-IT"},{"@type":"Question","@id":"https:\/\/www.ideabellezza.it\/magazine\/bruciatura-da-sole-rimedi-efficaci\/#faq-question-1753102187149","position":4,"url":"https:\/\/www.ideabellezza.it\/magazine\/bruciatura-da-sole-rimedi-efficaci\/#faq-question-1753102187149","name":"Come far passare la bruciatura da sole pi\u00f9 in fretta?","answerCount":1,"acceptedAnswer":{"@type":"Answer","text":"Per <strong>accelerare la guarigione<\/strong> si pu\u00f2:<br\/>-Idratare frequentemente con prodotti specifici<br\/>-Evitare l\u2019esposizione al sole<br\/>-Bere molta acqua<br\/>-Usare integratori con <strong>vitamina E e antiossidanti<\/strong>","inLanguage":"it-IT"},"inLanguage":"it-IT"},{"@type":"Question","@id":"https:\/\/www.ideabellezza.it\/magazine\/bruciatura-da-sole-rimedi-efficaci\/#faq-question-1753102201784","position":5,"url":"https:\/\/www.ideabellezza.it\/magazine\/bruciatura-da-sole-rimedi-efficaci\/#faq-question-1753102201784","name":"Dopo quanto passa una bruciatura da sole con le bolle?","answerCount":1,"acceptedAnswer":{"@type":"Answer","text":"Se si formano <strong>vesciche o bolle<\/strong>, la bruciatura \u00e8 di secondo grado e pu\u00f2 richiedere <strong>fino a 10-15 giorni<\/strong> per guarire. Mai rompere le bolle: possono causare infezioni o cicatrici.","inLanguage":"it-IT"},"inLanguage":"it-IT"},{"@type":"Question","@id":"https:\/\/www.ideabellezza.it\/magazine\/bruciatura-da-sole-rimedi-efficaci\/#faq-question-1753102213814","position":6,"url":"https:\/\/www.ideabellezza.it\/magazine\/bruciatura-da-sole-rimedi-efficaci\/#faq-question-1753102213814","name":"Cosa succede se non si cura una bruciatura da sole?","answerCount":1,"acceptedAnswer":{"@type":"Answer","text":"Una <strong>bruciatura solare non curata<\/strong> pu\u00f2 causare secchezza, macchie, invecchiamento precoce e, nel tempo, aumentare il rischio di danni cutanei gravi. \u00c8 importante intervenire subito con <strong>rimedi adatti alla propria pelle<\/strong>.","inLanguage":"it-IT"},"inLanguage":"it-IT"}]}},"_links":{"self":[{"href":"https:\/\/www.ideabellezza.it\/magazine\/wp-json\/wp\/v2\/posts\/4043","targetHints":{"allow":["GET"]}}],"collection":[{"href":"https:\/\/www.ideabellezza.it\/magazine\/wp-json\/wp\/v2\/posts"}],"about":[{"href":"https:\/\/www.ideabellezza.it\/magazine\/wp-json\/wp\/v2\/types\/post"}],"author":[{"embeddable":true,"href":"https:\/\/www.ideabellezza.it\/magazine\/wp-json\/wp\/v2\/users\/1"}],"replies":[{"embeddable":true,"href":"https:\/\/www.ideabellezza.it\/magazine\/wp-json\/wp\/v2\/comments?post=4043"}],"version-history":[{"count":5,"href":"https:\/\/www.ideabellezza.it\/magazine\/wp-json\/wp\/v2\/posts\/4043\/revisions"}],"predecessor-version":[{"id":4143,"href":"https:\/\/www.ideabellezza.it\/magazine\/wp-json\/wp\/v2\/posts\/4043\/revisions\/4143"}],"wp:featuredmedia":[{"embeddable":true,"href":"https:\/\/www.ideabellezza.it\/magazine\/wp-json\/wp\/v2\/media\/4048"}],"wp:attachment":[{"href":"https:\/\/www.ideabellezza.it\/magazine\/wp-json\/wp\/v2\/media?parent=4043"}],"wp:term":[{"taxonomy":"category","embeddable":true,"href":"https:\/\/www.ideabellezza.it\/magazine\/wp-json\/wp\/v2\/categories?post=4043"},{"taxonomy":"post_tag","embeddable":true,"href":"https:\/\/www.ideabellezza.it\/magazine\/wp-json\/wp\/v2\/tags?post=4043"}],"curies":[{"name":"wp","href":"https:\/\/api.w.org\/{rel}","templated":true}]}}