{"id":4259,"date":"2025-10-17T11:25:50","date_gmt":"2025-10-17T09:25:50","guid":{"rendered":"https:\/\/magazine.ideabellezza.it\/?p=4259"},"modified":"2025-10-17T11:26:31","modified_gmt":"2025-10-17T09:26:31","slug":"calendario-dellavvento-beauty-come-sceglierlo-o-come-creare-un-calendario-fai-da-te","status":"publish","type":"post","link":"https:\/\/www.ideabellezza.it\/magazine\/calendario-dellavvento-beauty-come-sceglierlo-o-come-creare-un-calendario-fai-da-te\/","title":{"rendered":"Calendario dell\u2019Avvento Beauty 2025: come sceglierlo o come creare un calendario fai-da-te"},"content":{"rendered":"\n<p>Il Natale comincia molto prima del 25 dicembre, soprattutto per chi ama il mondo beauty. Negli ultimi anni il <strong>calendario dell\u2019Avvento beauty<\/strong> \u00e8 diventato un vero e proprio rituale: una sorpresa al giorno, 24 o 25 piccoli momenti di benessere e colore che rendono il conto alla rovescia ancora pi\u00f9 speciale.<\/p>\n\n\n\n<p>Su <a href=\"https:\/\/www.ideabellezza.it\/\" target=\"_blank\" rel=\"noreferrer noopener\">Ideabellezza<\/a> \u00e8 gi\u00e0 disponibile uno dei pi\u00f9 attesi della stagione, il <strong>Little X-Mas Wonder 2025 di Essence<\/strong>, un cofanetto giocoso e irresistibile che racchiude tutto lo spirito delle feste. E per chi ama personalizzare ogni dettaglio, c\u2019\u00e8 anche la possibilit\u00e0 di creare un <strong>calendario dell\u2019Avvento beauty fai-da-te<\/strong>, scegliendo online prodotti make-up, skincare e profumi da combinare con fantasia.<\/p>\n\n\n\n\n\n<figure class=\"wp-block-image size-full\"><img loading=\"lazy\" decoding=\"async\" width=\"900\" height=\"600\" src=\"https:\/\/magazine.ideabellezza.it\/wp-content\/uploads\/2025\/10\/calendario-dellavvento.jpg\" alt=\"calendario dell'avvento\" class=\"wp-image-4266\" title=\"calendario dell'avvento\" srcset=\"https:\/\/magazine.ideabellezza.it\/wp-content\/uploads\/2025\/10\/calendario-dellavvento.jpg 900w, https:\/\/magazine.ideabellezza.it\/wp-content\/uploads\/2025\/10\/calendario-dellavvento-300x200.jpg 300w, https:\/\/magazine.ideabellezza.it\/wp-content\/uploads\/2025\/10\/calendario-dellavvento-768x512.jpg 768w, https:\/\/magazine.ideabellezza.it\/wp-content\/uploads\/2025\/10\/calendario-dellavvento-370x247.jpg 370w, https:\/\/magazine.ideabellezza.it\/wp-content\/uploads\/2025\/10\/calendario-dellavvento-760x507.jpg 760w\" sizes=\"auto, (max-width: 900px) 100vw, 900px\" \/><\/figure>\n\n\n\n<h2 class=\"wp-block-heading\">Il calendario dell\u2019Avvento beauty: un rituale di bellezza quotidiano<\/h2>\n\n\n\n<p>Nato come tradizione per i pi\u00f9 piccoli, il calendario dell\u2019Avvento \u00e8 oggi un must-have per chi ama la cura di s\u00e9. Nella versione beauty diventa un percorso sensoriale: <strong>ogni finestrella racchiude un prodotto da scoprire<\/strong>, una nuova texture o una fragranza che profuma di festa.<\/p>\n\n\n\n<p>Sceglierlo significa regalarsi un momento di benessere quotidiano, un gesto di attenzione verso s\u00e9 stessi o verso chi amiamo in mezzo al ritmo frenetico di dicembre. Ed \u00e8 anche una perfetta idea regalo per chi ama la sorpresa, il colore e l\u2019eleganza di <strong>un rituale che accompagna i giorni pi\u00f9 magici dell\u2019anno<\/strong>.<\/p>\n\n\n\n<hr class=\"wp-block-separator has-alpha-channel-opacity is-style-wide\"\/>\n\n\n\n<h2 class=\"wp-block-heading has-text-align-center\">Little X-Mas Wonder 2025: il calendario dell\u2019Avvento Essence<\/h2>\n\n\n\n<div class=\"wp-block-columns are-vertically-aligned-center is-layout-flex wp-container-core-columns-is-layout-9d6595d7 wp-block-columns-is-layout-flex\">\n<div class=\"wp-block-column is-vertically-aligned-center is-layout-flow wp-block-column-is-layout-flow\" style=\"flex-basis:50%\">\n<p>Tra le proposte pi\u00f9 divertenti e accessibili del momento spicca il <strong>Little X-Mas Wonder 2025 di Essence<\/strong>, acquistabile tra i <a href=\"https:\/\/www.ideabellezza.it\/make-up\/\" target=\"_blank\" rel=\"noreferrer noopener\">prodotti make-up su Idea Bellezza<\/a>. Un cofanetto interamente dedicato al make-up e agli accessori beauty, perfetto per chi ama sperimentare look diversi e giocare con la creativit\u00e0. Il packaging del <a href=\"https:\/\/www.ideabellezza.it\/little-x-mas-wonder-calendario-dell-avvento-2025\/\" target=\"_blank\" rel=\"noreferrer noopener\">calendario dell\u2019avvento 2025 Essence<\/a>, vivace e decorato con grafiche natalizie, racchiude <strong>24 prodotti in edizione limitata<\/strong>: mini smalti, rossetti, illuminanti, accessori per unghie e strumenti per il trucco.<\/p>\n<\/div>\n\n\n\n<div class=\"wp-block-column is-vertically-aligned-center is-layout-flow wp-block-column-is-layout-flow\" style=\"flex-basis:50%\">\n<figure class=\"wp-block-image size-full\"><img loading=\"lazy\" decoding=\"async\" width=\"400\" height=\"400\" src=\"https:\/\/magazine.ideabellezza.it\/wp-content\/uploads\/2025\/10\/LITTLE-X-MAS-WONDER-Calendario-dellAvvento-2025.jpg\" alt=\"LITTLE X-MAS WONDER Calendario dell'Avvento 2025\" class=\"wp-image-4260\" title=\"LITTLE X-MAS WONDER Calendario dell'Avvento 2025\" srcset=\"https:\/\/magazine.ideabellezza.it\/wp-content\/uploads\/2025\/10\/LITTLE-X-MAS-WONDER-Calendario-dellAvvento-2025.jpg 400w, https:\/\/magazine.ideabellezza.it\/wp-content\/uploads\/2025\/10\/LITTLE-X-MAS-WONDER-Calendario-dellAvvento-2025-300x300.jpg 300w, https:\/\/magazine.ideabellezza.it\/wp-content\/uploads\/2025\/10\/LITTLE-X-MAS-WONDER-Calendario-dellAvvento-2025-150x150.jpg 150w, https:\/\/magazine.ideabellezza.it\/wp-content\/uploads\/2025\/10\/LITTLE-X-MAS-WONDER-Calendario-dellAvvento-2025-370x370.jpg 370w, https:\/\/magazine.ideabellezza.it\/wp-content\/uploads\/2025\/10\/LITTLE-X-MAS-WONDER-Calendario-dellAvvento-2025-146x146.jpg 146w\" sizes=\"auto, (max-width: 400px) 100vw, 400px\" \/><\/figure>\n\n\n\n<div class=\"wp-block-buttons is-content-justification-center is-layout-flex wp-container-core-buttons-is-layout-16018d1d wp-block-buttons-is-layout-flex\">\n<div class=\"wp-block-button\"><a class=\"wp-block-button__link has-background wp-element-button\" href=\"https:\/\/www.ideabellezza.it\/little-x-mas-wonder-calendario-dell-avvento-2025\/\" style=\"background-color:#e2007a\" target=\"_blank\" rel=\"noreferrer noopener\">Scopri il Calendario dell&#8217;Avvento 2025 Essence<\/a><\/div>\n<\/div>\n<\/div>\n<\/div>\n\n\n\n<p>Con un <strong>prezzo di 29,90 \u20ac<\/strong>, \u00e8 una scelta ideale per chi cerca un regalo pronto all\u2019uso ma d\u2019effetto, perfetto anche come autoregalo. Il vantaggio? Tutta la magia del Natale racchiusa in un formato compatto e giocoso, da aprire giorno dopo giorno.<\/p>\n\n\n\n<hr class=\"wp-block-separator has-alpha-channel-opacity is-style-wide\"\/>\n\n\n\n<figure class=\"wp-block-image size-full\"><img loading=\"lazy\" decoding=\"async\" width=\"900\" height=\"600\" src=\"https:\/\/magazine.ideabellezza.it\/wp-content\/uploads\/2025\/10\/calendario-avvento-fai-da-te.jpg\" alt=\"calendario avvento fai da te\" class=\"wp-image-4264\" title=\"calendario avvento fai da te\" srcset=\"https:\/\/magazine.ideabellezza.it\/wp-content\/uploads\/2025\/10\/calendario-avvento-fai-da-te.jpg 900w, https:\/\/magazine.ideabellezza.it\/wp-content\/uploads\/2025\/10\/calendario-avvento-fai-da-te-300x200.jpg 300w, https:\/\/magazine.ideabellezza.it\/wp-content\/uploads\/2025\/10\/calendario-avvento-fai-da-te-768x512.jpg 768w, https:\/\/magazine.ideabellezza.it\/wp-content\/uploads\/2025\/10\/calendario-avvento-fai-da-te-370x247.jpg 370w, https:\/\/magazine.ideabellezza.it\/wp-content\/uploads\/2025\/10\/calendario-avvento-fai-da-te-760x507.jpg 760w\" sizes=\"auto, (max-width: 900px) 100vw, 900px\" \/><\/figure>\n\n\n\n<h2 class=\"wp-block-heading\">Come creare un calendario dell\u2019Avvento beauty fai-da-te: la guida completa<\/h2>\n\n\n\n<p>Realizzare un <strong>calendario dell\u2019Avvento beauty fai-da-te<\/strong> \u00e8 un modo raffinato per vivere il Natale con un tocco personale. Non \u00e8 solo un\u2019alternativa al cofanetto gi\u00e0 pronto, ma una vera esperienza creativa che unisce cura, estetica e fantasia. Ecco la guida definitiva per comporlo passo dopo passo utilizzando i prodotti disponibili sullo shop di <strong>Ideabellezza<\/strong>.<\/p>\n\n\n\n<h3 class=\"wp-block-heading\">1. Scegli il tema del tuo calendario dell\u2019avvento<\/h3>\n\n\n\n<p>Un calendario personalizzato deve raccontare una storia. Pu\u00f2 essere dedicato alla <strong><a href=\"https:\/\/www.ideabellezza.it\/trattamenti-viso\/\" target=\"_blank\" rel=\"noreferrer noopener\">skincare<\/a><\/strong>, al <strong>make-up<\/strong> o ai <a href=\"https:\/\/www.ideabellezza.it\/profumi\/\" target=\"_blank\" rel=\"noreferrer noopener\">profumi<\/a>.<br>Ecco tre idee:<\/p>\n\n\n\n<ul class=\"wp-block-list\">\n<li><strong>Calendario skincare routine:<\/strong> <a href=\"https:\/\/www.ideabellezza.it\/trattamenti-viso\/creme-viso\/\" target=\"_blank\" rel=\"noreferrer noopener\">creme viso<\/a> e corpo, <a href=\"https:\/\/www.ideabellezza.it\/trattamenti-viso\/maschere-viso\/\" target=\"_blank\" rel=\"noreferrer noopener\">maschere viso<\/a>, <a href=\"https:\/\/www.ideabellezza.it\/trattamenti-viso\/struccare-e-detergere\/detergenti-viso\/\" target=\"_blank\" rel=\"noreferrer noopener\">detergenti<\/a> e <a href=\"https:\/\/www.ideabellezza.it\/trattamenti-viso\/trattamenti-viso-donna\/sieri-viso\/\" target=\"_blank\" rel=\"noreferrer noopener\">sieri<\/a>.<\/li>\n\n\n\n<li><strong>Calendario make-up party:<\/strong> <a href=\"https:\/\/www.ideabellezza.it\/make-up\/labbra\/rossetti\/\" target=\"_blank\" rel=\"noreferrer noopener\">rossetti<\/a>, <a href=\"https:\/\/www.ideabellezza.it\/make-up\/occhi\/mascara\/\" target=\"_blank\" rel=\"noreferrer noopener\">mascara<\/a>, <a href=\"https:\/\/www.ideabellezza.it\/make-up\/occhi\/eyeliner\/\" target=\"_blank\" rel=\"noreferrer noopener\">eyeliner<\/a>, <a href=\"https:\/\/www.ideabellezza.it\/make-up\/occhi\/ombretti\/\" target=\"_blank\" rel=\"noreferrer noopener\">ombretti<\/a> luminosi e <a href=\"https:\/\/www.ideabellezza.it\/make-up\/unghie\/smalto\/\" target=\"_blank\" rel=\"noreferrer noopener\">smalti<\/a> festivi.<\/li>\n\n\n\n<li><strong>Calendario profumato:<\/strong> <a href=\"https:\/\/www.ideabellezza.it\/profumi\/profumi-donna\/\" target=\"_blank\" rel=\"noreferrer noopener\">profumi donna<\/a> o uomo, <a href=\"https:\/\/www.ideabellezza.it\/corpo-bagno\/\" target=\"_blank\" rel=\"noreferrer noopener\">creme corpo<\/a> profumate abbinate e piccoli accessori profumati.<\/li>\n<\/ul>\n\n\n\n<p>Un filo conduttore ti aiuter\u00e0 a dare armonia visiva e sensoriale all\u2019intero progetto.<\/p>\n\n\n\n<h3 class=\"wp-block-heading\">2. Definisci budget e numero di caselle<\/h3>\n\n\n\n<p>Il formato tradizionale prevede 24 sorprese, ma nulla vieta di creare un calendario da <strong>12 giorni<\/strong> (per la seconda met\u00e0 di dicembre) o da <strong>7 giorni<\/strong> per una \u201csettimana di bellezza\u201d.<\/p>\n\n\n\n<p>Stabilisci il budget complessivo e dividilo per il numero di caselle:<\/p>\n\n\n\n<ul class=\"wp-block-list\">\n<li><strong>Mini budget (3-5 \u20ac al giorno):<\/strong> maschere monodose, campioncini, mini skincare.<\/li>\n\n\n\n<li><strong>Medio (5-10 \u20ac al giorno):<\/strong> lipstick, travel size, profumi da borsetta.<\/li>\n\n\n\n<li><strong>Luxury (oltre 10 \u20ac al giorno):<\/strong> profumi iconici o cofanetti premium.<\/li>\n<\/ul>\n\n\n\n<p>Grazie ai filtri di Ideabellezza puoi selezionare facilmente i prodotti per fascia di prezzo e categoria.<\/p>\n\n\n\n<h3 class=\"wp-block-heading\">3. Seleziona i prodotti<\/h3>\n\n\n\n<p>Ecco la proposta di un mix bilanciato di prodotti per un calendario dell\u2019avvento vario e coerente.<\/p>\n\n\n\n<p><strong>Make-up<\/strong><br>Rossetti, smalti glitter, mascara, <a href=\"https:\/\/www.ideabellezza.it\/make-up\/palette\/palette-occhi\/\" target=\"_blank\" rel=\"noreferrer noopener\">palette occhi<\/a>, <a href=\"https:\/\/www.ideabellezza.it\/make-up\/pennelli-e-spugnette\/\" target=\"_blank\" rel=\"noreferrer noopener\">pennelli e spugnette<\/a>.<\/p>\n\n\n\n<p><strong>Skincare<\/strong><br>Maschere viso, patch occhi, <a href=\"https:\/\/www.ideabellezza.it\/trattamenti-viso\/creme-viso\/creme-idratanti\/\" target=\"_blank\" rel=\"noreferrer noopener\">creme idratanti<\/a> e sieri.<\/p>\n\n\n\n<p><strong>Profumi e body care<\/strong><br>Profumi, <a href=\"https:\/\/www.ideabellezza.it\/corpo-bagno\/trattamenti-corpo\/lozione-corpo\/\" target=\"_blank\" rel=\"noreferrer noopener\">creme corpo<\/a> profumate, <a href=\"https:\/\/www.ideabellezza.it\/corpo-bagno\/trattamenti-corpo\/olio\/\" target=\"_blank\" rel=\"noreferrer noopener\">oli<\/a> e <a href=\"https:\/\/www.ideabellezza.it\/corpo-bagno\/trattamenti-corpo\/esfolianti-scrub\/\" target=\"_blank\" rel=\"noreferrer noopener\">scrub<\/a> delicati.<\/p>\n\n\n\n<p><strong>Accessori beauty<\/strong><br>Specchietti, elastici per capelli, lime, pinzette o piccoli gadget beauty.<\/p>\n\n\n\n<p>Alternare categorie diverse mantiene viva la curiosit\u00e0 e rende il calendario pi\u00f9 dinamico.<\/p>\n\n\n\n<figure class=\"wp-block-image size-full\"><img loading=\"lazy\" decoding=\"async\" width=\"900\" height=\"600\" src=\"https:\/\/magazine.ideabellezza.it\/wp-content\/uploads\/2025\/10\/calendario-avvento-prodotti-beauty.jpg\" alt=\"calendario avvento prodotti beauty\" class=\"wp-image-4265\" title=\"calendario avvento prodotti beauty\" srcset=\"https:\/\/magazine.ideabellezza.it\/wp-content\/uploads\/2025\/10\/calendario-avvento-prodotti-beauty.jpg 900w, https:\/\/magazine.ideabellezza.it\/wp-content\/uploads\/2025\/10\/calendario-avvento-prodotti-beauty-300x200.jpg 300w, https:\/\/magazine.ideabellezza.it\/wp-content\/uploads\/2025\/10\/calendario-avvento-prodotti-beauty-768x512.jpg 768w, https:\/\/magazine.ideabellezza.it\/wp-content\/uploads\/2025\/10\/calendario-avvento-prodotti-beauty-370x247.jpg 370w, https:\/\/magazine.ideabellezza.it\/wp-content\/uploads\/2025\/10\/calendario-avvento-prodotti-beauty-760x507.jpg 760w\" sizes=\"auto, (max-width: 900px) 100vw, 900px\" \/><\/figure>\n\n\n\n<h3 class=\"wp-block-heading\">4. Prepara la presentazione del calendario dell\u2019avvento<\/h3>\n\n\n\n<p>Un calendario beauty fai-da-te deve essere curato anche nell\u2019aspetto estetico.<br>Puoi scegliere tra:<\/p>\n\n\n\n<ul class=\"wp-block-list\">\n<li><strong>Sacchettini in tessuto numerati<\/strong>, per un effetto naturale e riutilizzabile.<\/li>\n\n\n\n<li><strong>Scatoline rigide o mini cassetti<\/strong>, perfetti per uno stile pi\u00f9 sofisticato.<\/li>\n\n\n\n<li><strong>Buste in carta kraft o velina colorata<\/strong>, per un look minimal chic.<\/li>\n<\/ul>\n\n\n\n<p>Numerale da 1 a 24 e aggiungi bigliettini con citazioni o piccoli consigli beauty.<br>Per un tocco scenografico, disponi i pacchetti in una cesta decorata o appendili a un filo luminoso: diventer\u00e0 un angolo decorativo perfetto per la casa.<\/p>\n\n\n\n<h3 class=\"wp-block-heading\">5. Cura i dettagli finali<\/h3>\n\n\n\n<p>I particolari fanno la differenza. Puoi:<\/p>\n\n\n\n<ul class=\"wp-block-list\">\n<li>Vaporizzare un po\u2019 di profumo su un batuffolo di cotone e inserirlo nei pacchetti per un effetto olfattivo immediato.<\/li>\n\n\n\n<li>Scrivere su ogni sacchetto un \u201c<strong>beauty ritual of the day<\/strong>\u201d.<\/li>\n\n\n\n<li>Chiudere con un nastro dorato, rosso o in velluto per richiamare il mood natalizio.<\/li>\n<\/ul>\n\n\n\n<p>Se \u00e8 un regalo, aggiungi una lettera personalizzata o un biglietto che racconti il pensiero dietro la selezione dei prodotti.<\/p>\n\n\n\n<h3 class=\"wp-block-heading\">6. Ordina e assembla in anticipo<\/h3>\n\n\n\n<p>L\u2019ideale \u00e8 iniziare a comporre il calendario <strong>a inizio novembre<\/strong> per ricevere tutto in tempo e approfittare delle offerte di stagione, come il <strong>Black Friday<\/strong>.<br>Ricicla scatoline di cofanetti o packaging curati per creare divisori interni o piccole \u201cfinestrelle\u201d fai-da-te.<\/p>\n\n\n\n<h3 class=\"wp-block-heading\">7. Dai un titolo al tuo calendario<\/h3>\n\n\n\n<p>Un calendario personalizzato racconta un percorso: <strong>dagli un nome che ne esprima l\u2019essenza<\/strong>.<br>Puoi chiamarlo \u201c24 Giorni di Bellezza\u201d, \u201cGlow Countdown\u201d o \u201cLa mia Beauty Routine dell\u2019Avvento\u201d.<br>Stampalo su un cartoncino e applicalo sulla confezione: sar\u00e0 il tocco finale che lo render\u00e0 davvero unico.<\/p>\n\n\n\n<figure class=\"wp-block-image size-full\"><img loading=\"lazy\" decoding=\"async\" width=\"900\" height=\"900\" src=\"https:\/\/magazine.ideabellezza.it\/wp-content\/uploads\/2025\/10\/Calendario-avvento.jpg\" alt=\"calendario avvento\" class=\"wp-image-4262\" title=\"calendario avvento\" srcset=\"https:\/\/magazine.ideabellezza.it\/wp-content\/uploads\/2025\/10\/Calendario-avvento.jpg 900w, https:\/\/magazine.ideabellezza.it\/wp-content\/uploads\/2025\/10\/Calendario-avvento-300x300.jpg 300w, https:\/\/magazine.ideabellezza.it\/wp-content\/uploads\/2025\/10\/Calendario-avvento-150x150.jpg 150w, https:\/\/magazine.ideabellezza.it\/wp-content\/uploads\/2025\/10\/Calendario-avvento-768x768.jpg 768w, https:\/\/magazine.ideabellezza.it\/wp-content\/uploads\/2025\/10\/Calendario-avvento-370x370.jpg 370w, https:\/\/magazine.ideabellezza.it\/wp-content\/uploads\/2025\/10\/Calendario-avvento-146x146.jpg 146w, https:\/\/magazine.ideabellezza.it\/wp-content\/uploads\/2025\/10\/Calendario-avvento-760x760.jpg 760w\" sizes=\"auto, (max-width: 900px) 100vw, 900px\" \/><\/figure>\n\n\n\n<h2 class=\"wp-block-heading\">Idee regalo beauty Natale 2025: oltre il calendario<\/h2>\n\n\n\n<p>Il calendario dell\u2019Avvento \u00e8 solo una delle tante proposte per celebrare le feste. Su <strong>Ideabellezza<\/strong> trovi <a href=\"https:\/\/www.ideabellezza.it\/trattamenti-viso\/cofanetti-viso\/\" target=\"_blank\" rel=\"noreferrer noopener\">cofanetti skincare<\/a>, <a href=\"https:\/\/www.ideabellezza.it\/profumi\/profumi-donna\/cofanetti-donna\/\" target=\"_blank\" rel=\"noreferrer noopener\">cofanetti profumi<\/a> e <a href=\"https:\/\/www.ideabellezza.it\/make-up\/trousse\/\" target=\"_blank\" rel=\"noreferrer noopener\">trousse make-up<\/a> perfetti per ogni gusto e dei migliori brand.<br>Aggiungi magari una <a href=\"https:\/\/www.ideabellezza.it\/articoli-utili\/travel-size\/\" target=\"_blank\" rel=\"noreferrer noopener\">travel size<\/a> o un accessorio beauty per personalizzare ogni dono e creare un set coordinato da incartare sotto l\u2019albero.<\/p>\n\n\n<div class=\"wp-block-image\">\n<figure class=\"aligncenter size-full\"><a href=\"https:\/\/www.ideabellezza.it\/\" target=\"_blank\" rel=\" noreferrer noopener\"><img loading=\"lazy\" decoding=\"async\" width=\"800\" height=\"315\" src=\"https:\/\/magazine.ideabellezza.it\/wp-content\/uploads\/2025\/10\/offerta-prodotti-beauty.jpg\" alt=\"offerta prodotti beauty\" class=\"wp-image-4267\" title=\"offerta prodotti beauty\" srcset=\"https:\/\/magazine.ideabellezza.it\/wp-content\/uploads\/2025\/10\/offerta-prodotti-beauty.jpg 800w, https:\/\/magazine.ideabellezza.it\/wp-content\/uploads\/2025\/10\/offerta-prodotti-beauty-300x118.jpg 300w, https:\/\/magazine.ideabellezza.it\/wp-content\/uploads\/2025\/10\/offerta-prodotti-beauty-768x302.jpg 768w, https:\/\/magazine.ideabellezza.it\/wp-content\/uploads\/2025\/10\/offerta-prodotti-beauty-370x146.jpg 370w, https:\/\/magazine.ideabellezza.it\/wp-content\/uploads\/2025\/10\/offerta-prodotti-beauty-760x299.jpg 760w\" sizes=\"auto, (max-width: 800px) 100vw, 800px\" \/><\/a><\/figure>\n<\/div>\n\n\n<h2 class=\"wp-block-heading\">Dove acquistare il calendario dell\u2019Avvento beauty 2025<\/h2>\n\n\n\n<p>Il <strong>Little X-Mas Wonder 2025 di Essence<\/strong> \u00e8 <strong>acquistabile su Idea Bellezza<\/strong>. Una scelta perfetta per chi desidera vivere il conto alla rovescia verso Natale con un tocco di colore e allegria.<\/p>\n\n\n\n<p>E per chi ama la personalizzazione, su Ideabellezza \u00e8 possibile trovare tutto ci\u00f2 che serve per <strong>creare il proprio calendario fai-da-te<\/strong>: profumi, skincare e make-up da combinare secondo gusto e budget.<\/p>\n\n\n\n<hr class=\"wp-block-separator has-alpha-channel-opacity is-style-wide\"\/>\n\n\n\n<h2 class=\"wp-block-heading\">FAQ \u2013 Domande Frequenti su Calendario dell\u2019Avvento Beauty 2025<\/h2>\n\n\n\n<div class=\"schema-faq wp-block-yoast-faq-block\"><div class=\"schema-faq-section\" id=\"faq-question-1760690994968\"><h3 class=\"schema-faq-question\"><strong>1. Quando esce il calendario dell\u2019Avvento beauty 2025 di Essence?<\/strong><\/h3> <p class=\"schema-faq-answer\">Il <em>Little X-Mas Wonder 2025 di Essence<\/em> \u00e8 disponibile online da ottobre su Ideabellezza.it. L\u2019ideale \u00e8 acquistarlo in anticipo perch\u00e9 si tratta di un\u2019edizione limitata molto richiesta nel periodo natalizio.<\/p> <\/div> <div class=\"schema-faq-section\" id=\"faq-question-1760691014797\"><h3 class=\"schema-faq-question\"><strong>2. Cosa contiene il calendario dell\u2019Avvento beauty Essence 2025?<\/strong><\/h3> <p class=\"schema-faq-answer\">Il <em>Little X-Mas Wonder 2025<\/em> racchiude <strong>24 prodotti beauty in edizione limitata<\/strong>, tra make-up e accessori per viso, occhi, labbra e unghie. Ogni casella nasconde una mini sorpresa perfetta per creare look festivi durante l\u2019attesa del Natale.<\/p> <\/div> <div class=\"schema-faq-section\" id=\"faq-question-1760691065684\"><h3 class=\"schema-faq-question\"><strong>3. Dove comprare il calendario dell\u2019Avvento beauty 2025?<\/strong><\/h3> <p class=\"schema-faq-answer\">Il <em>calendario dell\u2019Avvento beauty 2025 di Essence<\/em> \u00e8 acquistabile su <strong>Ideabellezza.it<\/strong>, e-commerce italiano con ampia selezione di profumi, make-up e skincare. La spedizione \u00e8 rapida e i pagamenti sicuri.<\/p> <\/div> <div class=\"schema-faq-section\" id=\"faq-question-1760691081476\"><h3 class=\"schema-faq-question\"><strong>4. Quanto costa il calendario dell\u2019Avvento beauty Essence 2025?<\/strong><\/h3> <p class=\"schema-faq-answer\">Il <em>Little X-Mas Wonder 2025<\/em> \u00e8 proposto su Ideabellezza a <strong>29,90 \u20ac<\/strong>, un prezzo competitivo per un cofanetto con 24 prodotti full e mini size, ideale come autoregalo o idea regalo beauty per il Natale.<\/p> <\/div> <div class=\"schema-faq-section\" id=\"faq-question-1760691112356\"><h3 class=\"schema-faq-question\"><strong>5. Come creare un calendario dell\u2019Avvento beauty fai-da-te?<\/strong><\/h3> <p class=\"schema-faq-answer\">Per realizzare un <strong>calendario beauty DIY personalizzato<\/strong>, basta scegliere 24 prodotti in mini formato su Ideabellezza: rossetti, maschere viso, profumi, sieri o accessori make-up. Poi confezionali in scatoline o sacchettini numerati e aggiungi nastri o bigliettini decorativi per un effetto natalizio unico.<\/p> <\/div> <div class=\"schema-faq-section\" id=\"faq-question-1760691128314\"><h3 class=\"schema-faq-question\"><strong>6. Quali prodotti scegliere per un calendario dell\u2019Avvento beauty personalizzato?<\/strong><\/h3> <p class=\"schema-faq-answer\">I pi\u00f9 consigliati sono <strong>mini taglie di profumi, rossetti, maschere viso, creme idratanti e smalti<\/strong>. Puoi alternare prodotti skincare, make-up e body care per rendere ogni giorno diverso. Su Ideabellezza trovi centinaia di articoli perfetti per comporre il tuo calendario fai-da-te.<\/p> <\/div> <div class=\"schema-faq-section\" id=\"faq-question-1760691143002\"><h3 class=\"schema-faq-question\"><strong>7. Qual \u00e8 il miglior calendario dell\u2019Avvento beauty 2025?<\/strong><\/h3> <p class=\"schema-faq-answer\">Tra le proposte pi\u00f9 apprezzate c\u2019\u00e8 il <strong>Little X-Mas Wonder 2025 di Essence<\/strong>, disponibile su Ideabellezza: un cofanetto colorato e completo con 24 sorprese beauty in edizione limitata, amatissimo per l\u2019ottimo rapporto qualit\u00e0\/prezzo.<\/p> <\/div> <div class=\"schema-faq-section\" id=\"faq-question-1760691270394\"><h3 class=\"schema-faq-question\"><strong>8. Meglio acquistare un calendario dell\u2019Avvento beauty gi\u00e0 pronto o farlo da s\u00e9?<\/strong><\/h3> <p class=\"schema-faq-answer\">Dipende dal tempo e dal budget a disposizione. Il <em>Little X-Mas Wonder di Essence<\/em> \u00e8 perfetto per chi desidera una soluzione pratica e gi\u00e0 confezionata, mentre il <strong>calendario fai-da-te beauty<\/strong> permette di personalizzare ogni casella con prodotti scelti su Ideabellezza, rendendo l\u2019esperienza pi\u00f9 creativa e personale.<\/p> <\/div> <\/div>\n","protected":false},"excerpt":{"rendered":"<p>Scopri il calendario dell\u2019Avvento beauty Essence 2025 su Ideabellezza o crea il tuo calendario fai-da-te con make-up, skincare e profumi natalizi.<\/p>\n","protected":false},"author":1,"featured_media":4263,"comment_status":"closed","ping_status":"open","sticky":true,"template":"","format":"standard","meta":{"footnotes":""},"categories":[18],"tags":[],"class_list":["post-4259","post","type-post","status-publish","format-standard","has-post-thumbnail","hentry","category-how-to"],"yoast_head":"<!-- This site is optimized with the Yoast SEO plugin v25.2 - https:\/\/yoast.com\/wordpress\/plugins\/seo\/ -->\n<title>Calendario dell\u2019Avvento Beauty 2025: sceglierlo o crearlo fai-da-te -<\/title>\n<meta name=\"description\" content=\"Scopri il calendario dell\u2019Avvento beauty Essence 2025 su Ideabellezza o crea il tuo calendario fai-da-te con make-up, skincare e profumi.\" \/>\n<meta name=\"robots\" content=\"index, follow, max-snippet:-1, max-image-preview:large, max-video-preview:-1\" \/>\n<link rel=\"canonical\" href=\"https:\/\/www.ideabellezza.it\/magazine\/calendario-dellavvento-beauty-come-sceglierlo-o-come-creare-un-calendario-fai-da-te\/\" \/>\n<meta property=\"og:locale\" content=\"it_IT\" \/>\n<meta property=\"og:type\" content=\"article\" \/>\n<meta property=\"og:title\" content=\"Calendario dell\u2019Avvento Beauty 2025: sceglierlo o crearlo fai-da-te -\" \/>\n<meta property=\"og:description\" content=\"Scopri il calendario dell\u2019Avvento beauty Essence 2025 su Ideabellezza o crea il tuo calendario fai-da-te con make-up, skincare e profumi.\" \/>\n<meta property=\"og:url\" content=\"https:\/\/www.ideabellezza.it\/magazine\/calendario-dellavvento-beauty-come-sceglierlo-o-come-creare-un-calendario-fai-da-te\/\" \/>\n<meta property=\"article:published_time\" content=\"2025-10-17T09:25:50+00:00\" \/>\n<meta property=\"article:modified_time\" content=\"2025-10-17T09:26:31+00:00\" \/>\n<meta property=\"og:image\" content=\"https:\/\/magazine.ideabellezza.it\/wp-content\/uploads\/2025\/10\/calendario-avvento-beauty.jpg\" \/>\n\t<meta property=\"og:image:width\" content=\"900\" \/>\n\t<meta property=\"og:image:height\" content=\"700\" \/>\n\t<meta property=\"og:image:type\" content=\"image\/jpeg\" \/>\n<meta name=\"author\" content=\"ideabellezza\" \/>\n<meta name=\"twitter:card\" content=\"summary_large_image\" \/>\n<meta name=\"twitter:label1\" content=\"Scritto da\" \/>\n\t<meta name=\"twitter:data1\" content=\"ideabellezza\" \/>\n\t<meta name=\"twitter:label2\" content=\"Tempo di lettura stimato\" \/>\n\t<meta name=\"twitter:data2\" content=\"10 minuti\" \/>\n<script type=\"application\/ld+json\" class=\"yoast-schema-graph\">{\"@context\":\"https:\/\/schema.org\",\"@graph\":[{\"@type\":[\"WebPage\",\"FAQPage\"],\"@id\":\"https:\/\/magazine.ideabellezza.it\/calendario-dellavvento-beauty-come-sceglierlo-o-come-creare-un-calendario-fai-da-te\/\",\"url\":\"https:\/\/www.ideabellezza.it\/magazine\/calendario-dellavvento-beauty-come-sceglierlo-o-come-creare-un-calendario-fai-da-te\/\",\"name\":\"Calendario dell\u2019Avvento Beauty 2025: sceglierlo o crearlo fai-da-te -\",\"isPartOf\":{\"@id\":\"https:\/\/www.ideabellezza.it\/magazine\/#website\"},\"primaryImageOfPage\":{\"@id\":\"https:\/\/www.ideabellezza.it\/magazine\/calendario-dellavvento-beauty-come-sceglierlo-o-come-creare-un-calendario-fai-da-te\/#primaryimage\"},\"image\":{\"@id\":\"https:\/\/www.ideabellezza.it\/magazine\/calendario-dellavvento-beauty-come-sceglierlo-o-come-creare-un-calendario-fai-da-te\/#primaryimage\"},\"thumbnailUrl\":\"https:\/\/magazine.ideabellezza.it\/wp-content\/uploads\/2025\/10\/calendario-avvento-beauty.jpg\",\"datePublished\":\"2025-10-17T09:25:50+00:00\",\"dateModified\":\"2025-10-17T09:26:31+00:00\",\"author\":{\"@id\":\"https:\/\/www.ideabellezza.it\/magazine\/#\/schema\/person\/17b0f47546a3fc5dc1033bb23feffc65\"},\"description\":\"Scopri il calendario dell\u2019Avvento beauty Essence 2025 su Ideabellezza o crea il tuo calendario fai-da-te con make-up, skincare e profumi.\",\"mainEntity\":[{\"@id\":\"https:\/\/www.ideabellezza.it\/magazine\/calendario-dellavvento-beauty-come-sceglierlo-o-come-creare-un-calendario-fai-da-te\/#faq-question-1760690994968\"},{\"@id\":\"https:\/\/www.ideabellezza.it\/magazine\/calendario-dellavvento-beauty-come-sceglierlo-o-come-creare-un-calendario-fai-da-te\/#faq-question-1760691014797\"},{\"@id\":\"https:\/\/www.ideabellezza.it\/magazine\/calendario-dellavvento-beauty-come-sceglierlo-o-come-creare-un-calendario-fai-da-te\/#faq-question-1760691065684\"},{\"@id\":\"https:\/\/www.ideabellezza.it\/magazine\/calendario-dellavvento-beauty-come-sceglierlo-o-come-creare-un-calendario-fai-da-te\/#faq-question-1760691081476\"},{\"@id\":\"https:\/\/www.ideabellezza.it\/magazine\/calendario-dellavvento-beauty-come-sceglierlo-o-come-creare-un-calendario-fai-da-te\/#faq-question-1760691112356\"},{\"@id\":\"https:\/\/www.ideabellezza.it\/magazine\/calendario-dellavvento-beauty-come-sceglierlo-o-come-creare-un-calendario-fai-da-te\/#faq-question-1760691128314\"},{\"@id\":\"https:\/\/www.ideabellezza.it\/magazine\/calendario-dellavvento-beauty-come-sceglierlo-o-come-creare-un-calendario-fai-da-te\/#faq-question-1760691143002\"},{\"@id\":\"https:\/\/www.ideabellezza.it\/magazine\/calendario-dellavvento-beauty-come-sceglierlo-o-come-creare-un-calendario-fai-da-te\/#faq-question-1760691270394\"}],\"inLanguage\":\"it-IT\",\"potentialAction\":[{\"@type\":\"ReadAction\",\"target\":[\"https:\/\/www.ideabellezza.it\/magazine\/calendario-dellavvento-beauty-come-sceglierlo-o-come-creare-un-calendario-fai-da-te\/\"]}]},{\"@type\":\"ImageObject\",\"inLanguage\":\"it-IT\",\"@id\":\"https:\/\/www.ideabellezza.it\/magazine\/calendario-dellavvento-beauty-come-sceglierlo-o-come-creare-un-calendario-fai-da-te\/#primaryimage\",\"url\":\"https:\/\/magazine.ideabellezza.it\/wp-content\/uploads\/2025\/10\/calendario-avvento-beauty.jpg\",\"contentUrl\":\"https:\/\/magazine.ideabellezza.it\/wp-content\/uploads\/2025\/10\/calendario-avvento-beauty.jpg\",\"width\":900,\"height\":700,\"caption\":\"calendario avvento beauty\"},{\"@type\":\"WebSite\",\"@id\":\"https:\/\/www.ideabellezza.it\/magazine\/#website\",\"url\":\"https:\/\/www.ideabellezza.it\/magazine\/\",\"name\":\"\",\"description\":\"\",\"potentialAction\":[{\"@type\":\"SearchAction\",\"target\":{\"@type\":\"EntryPoint\",\"urlTemplate\":\"https:\/\/www.ideabellezza.it\/magazine\/?s={search_term_string}\"},\"query-input\":{\"@type\":\"PropertyValueSpecification\",\"valueRequired\":true,\"valueName\":\"search_term_string\"}}],\"inLanguage\":\"it-IT\"},{\"@type\":\"Person\",\"@id\":\"https:\/\/www.ideabellezza.it\/magazine\/#\/schema\/person\/17b0f47546a3fc5dc1033bb23feffc65\",\"name\":\"ideabellezza\",\"image\":{\"@type\":\"ImageObject\",\"inLanguage\":\"it-IT\",\"@id\":\"https:\/\/www.ideabellezza.it\/magazine\/#\/schema\/person\/image\/\",\"url\":\"https:\/\/secure.gravatar.com\/avatar\/60e318cb6e6de1184d3834661ba9f6209a8d536ae9c769e3662804fd574471a2?s=96&d=mm&r=g\",\"contentUrl\":\"https:\/\/secure.gravatar.com\/avatar\/60e318cb6e6de1184d3834661ba9f6209a8d536ae9c769e3662804fd574471a2?s=96&d=mm&r=g\",\"caption\":\"ideabellezza\"},\"sameAs\":[\"http:\/\/ideabellezza.it\/magazine\/IdeaBellezza\"]},{\"@type\":\"Question\",\"@id\":\"https:\/\/www.ideabellezza.it\/magazine\/calendario-dellavvento-beauty-come-sceglierlo-o-come-creare-un-calendario-fai-da-te\/#faq-question-1760690994968\",\"position\":1,\"url\":\"https:\/\/www.ideabellezza.it\/magazine\/calendario-dellavvento-beauty-come-sceglierlo-o-come-creare-un-calendario-fai-da-te\/#faq-question-1760690994968\",\"name\":\"1. Quando esce il calendario dell\u2019Avvento beauty 2025 di Essence?\",\"answerCount\":1,\"acceptedAnswer\":{\"@type\":\"Answer\",\"text\":\"Il <em>Little X-Mas Wonder 2025 di Essence<\/em> \u00e8 disponibile online da ottobre su Ideabellezza.it. L\u2019ideale \u00e8 acquistarlo in anticipo perch\u00e9 si tratta di un\u2019edizione limitata molto richiesta nel periodo natalizio.\",\"inLanguage\":\"it-IT\"},\"inLanguage\":\"it-IT\"},{\"@type\":\"Question\",\"@id\":\"https:\/\/www.ideabellezza.it\/magazine\/calendario-dellavvento-beauty-come-sceglierlo-o-come-creare-un-calendario-fai-da-te\/#faq-question-1760691014797\",\"position\":2,\"url\":\"https:\/\/www.ideabellezza.it\/magazine\/calendario-dellavvento-beauty-come-sceglierlo-o-come-creare-un-calendario-fai-da-te\/#faq-question-1760691014797\",\"name\":\"2. Cosa contiene il calendario dell\u2019Avvento beauty Essence 2025?\",\"answerCount\":1,\"acceptedAnswer\":{\"@type\":\"Answer\",\"text\":\"Il <em>Little X-Mas Wonder 2025<\/em> racchiude <strong>24 prodotti beauty in edizione limitata<\/strong>, tra make-up e accessori per viso, occhi, labbra e unghie. Ogni casella nasconde una mini sorpresa perfetta per creare look festivi durante l\u2019attesa del Natale.\",\"inLanguage\":\"it-IT\"},\"inLanguage\":\"it-IT\"},{\"@type\":\"Question\",\"@id\":\"https:\/\/www.ideabellezza.it\/magazine\/calendario-dellavvento-beauty-come-sceglierlo-o-come-creare-un-calendario-fai-da-te\/#faq-question-1760691065684\",\"position\":3,\"url\":\"https:\/\/www.ideabellezza.it\/magazine\/calendario-dellavvento-beauty-come-sceglierlo-o-come-creare-un-calendario-fai-da-te\/#faq-question-1760691065684\",\"name\":\"3. Dove comprare il calendario dell\u2019Avvento beauty 2025?\",\"answerCount\":1,\"acceptedAnswer\":{\"@type\":\"Answer\",\"text\":\"Il <em>calendario dell\u2019Avvento beauty 2025 di Essence<\/em> \u00e8 acquistabile su <strong>Ideabellezza.it<\/strong>, e-commerce italiano con ampia selezione di profumi, make-up e skincare. La spedizione \u00e8 rapida e i pagamenti sicuri.\",\"inLanguage\":\"it-IT\"},\"inLanguage\":\"it-IT\"},{\"@type\":\"Question\",\"@id\":\"https:\/\/www.ideabellezza.it\/magazine\/calendario-dellavvento-beauty-come-sceglierlo-o-come-creare-un-calendario-fai-da-te\/#faq-question-1760691081476\",\"position\":4,\"url\":\"https:\/\/www.ideabellezza.it\/magazine\/calendario-dellavvento-beauty-come-sceglierlo-o-come-creare-un-calendario-fai-da-te\/#faq-question-1760691081476\",\"name\":\"4. Quanto costa il calendario dell\u2019Avvento beauty Essence 2025?\",\"answerCount\":1,\"acceptedAnswer\":{\"@type\":\"Answer\",\"text\":\"Il <em>Little X-Mas Wonder 2025<\/em> \u00e8 proposto su Ideabellezza a <strong>29,90 \u20ac<\/strong>, un prezzo competitivo per un cofanetto con 24 prodotti full e mini size, ideale come autoregalo o idea regalo beauty per il Natale.\",\"inLanguage\":\"it-IT\"},\"inLanguage\":\"it-IT\"},{\"@type\":\"Question\",\"@id\":\"https:\/\/www.ideabellezza.it\/magazine\/calendario-dellavvento-beauty-come-sceglierlo-o-come-creare-un-calendario-fai-da-te\/#faq-question-1760691112356\",\"position\":5,\"url\":\"https:\/\/www.ideabellezza.it\/magazine\/calendario-dellavvento-beauty-come-sceglierlo-o-come-creare-un-calendario-fai-da-te\/#faq-question-1760691112356\",\"name\":\"5. Come creare un calendario dell\u2019Avvento beauty fai-da-te?\",\"answerCount\":1,\"acceptedAnswer\":{\"@type\":\"Answer\",\"text\":\"Per realizzare un <strong>calendario beauty DIY personalizzato<\/strong>, basta scegliere 24 prodotti in mini formato su Ideabellezza: rossetti, maschere viso, profumi, sieri o accessori make-up. Poi confezionali in scatoline o sacchettini numerati e aggiungi nastri o bigliettini decorativi per un effetto natalizio unico.\",\"inLanguage\":\"it-IT\"},\"inLanguage\":\"it-IT\"},{\"@type\":\"Question\",\"@id\":\"https:\/\/www.ideabellezza.it\/magazine\/calendario-dellavvento-beauty-come-sceglierlo-o-come-creare-un-calendario-fai-da-te\/#faq-question-1760691128314\",\"position\":6,\"url\":\"https:\/\/www.ideabellezza.it\/magazine\/calendario-dellavvento-beauty-come-sceglierlo-o-come-creare-un-calendario-fai-da-te\/#faq-question-1760691128314\",\"name\":\"6. Quali prodotti scegliere per un calendario dell\u2019Avvento beauty personalizzato?\",\"answerCount\":1,\"acceptedAnswer\":{\"@type\":\"Answer\",\"text\":\"I pi\u00f9 consigliati sono <strong>mini taglie di profumi, rossetti, maschere viso, creme idratanti e smalti<\/strong>. Puoi alternare prodotti skincare, make-up e body care per rendere ogni giorno diverso. Su Ideabellezza trovi centinaia di articoli perfetti per comporre il tuo calendario fai-da-te.\",\"inLanguage\":\"it-IT\"},\"inLanguage\":\"it-IT\"},{\"@type\":\"Question\",\"@id\":\"https:\/\/www.ideabellezza.it\/magazine\/calendario-dellavvento-beauty-come-sceglierlo-o-come-creare-un-calendario-fai-da-te\/#faq-question-1760691143002\",\"position\":7,\"url\":\"https:\/\/www.ideabellezza.it\/magazine\/calendario-dellavvento-beauty-come-sceglierlo-o-come-creare-un-calendario-fai-da-te\/#faq-question-1760691143002\",\"name\":\"7. Qual \u00e8 il miglior calendario dell\u2019Avvento beauty 2025?\",\"answerCount\":1,\"acceptedAnswer\":{\"@type\":\"Answer\",\"text\":\"Tra le proposte pi\u00f9 apprezzate c\u2019\u00e8 il <strong>Little X-Mas Wonder 2025 di Essence<\/strong>, disponibile su Ideabellezza: un cofanetto colorato e completo con 24 sorprese beauty in edizione limitata, amatissimo per l\u2019ottimo rapporto qualit\u00e0\/prezzo.\",\"inLanguage\":\"it-IT\"},\"inLanguage\":\"it-IT\"},{\"@type\":\"Question\",\"@id\":\"https:\/\/www.ideabellezza.it\/magazine\/calendario-dellavvento-beauty-come-sceglierlo-o-come-creare-un-calendario-fai-da-te\/#faq-question-1760691270394\",\"position\":8,\"url\":\"https:\/\/www.ideabellezza.it\/magazine\/calendario-dellavvento-beauty-come-sceglierlo-o-come-creare-un-calendario-fai-da-te\/#faq-question-1760691270394\",\"name\":\"8. Meglio acquistare un calendario dell\u2019Avvento beauty gi\u00e0 pronto o farlo da s\u00e9?\",\"answerCount\":1,\"acceptedAnswer\":{\"@type\":\"Answer\",\"text\":\"Dipende dal tempo e dal budget a disposizione. Il <em>Little X-Mas Wonder di Essence<\/em> \u00e8 perfetto per chi desidera una soluzione pratica e gi\u00e0 confezionata, mentre il <strong>calendario fai-da-te beauty<\/strong> permette di personalizzare ogni casella con prodotti scelti su Ideabellezza, rendendo l\u2019esperienza pi\u00f9 creativa e personale.\",\"inLanguage\":\"it-IT\"},\"inLanguage\":\"it-IT\"}]}<\/script>\n<!-- \/ Yoast SEO plugin. -->","yoast_head_json":{"title":"Calendario dell\u2019Avvento Beauty 2025: sceglierlo o crearlo fai-da-te -","description":"Scopri il calendario dell\u2019Avvento beauty Essence 2025 su Ideabellezza o crea il tuo calendario fai-da-te con make-up, skincare e profumi.","robots":{"index":"index","follow":"follow","max-snippet":"max-snippet:-1","max-image-preview":"max-image-preview:large","max-video-preview":"max-video-preview:-1"},"canonical":"https:\/\/www.ideabellezza.it\/magazine\/calendario-dellavvento-beauty-come-sceglierlo-o-come-creare-un-calendario-fai-da-te\/","og_locale":"it_IT","og_type":"article","og_title":"Calendario dell\u2019Avvento Beauty 2025: sceglierlo o crearlo fai-da-te -","og_description":"Scopri il calendario dell\u2019Avvento beauty Essence 2025 su Ideabellezza o crea il tuo calendario fai-da-te con make-up, skincare e profumi.","og_url":"https:\/\/www.ideabellezza.it\/magazine\/calendario-dellavvento-beauty-come-sceglierlo-o-come-creare-un-calendario-fai-da-te\/","article_published_time":"2025-10-17T09:25:50+00:00","article_modified_time":"2025-10-17T09:26:31+00:00","og_image":[{"width":900,"height":700,"url":"https:\/\/magazine.ideabellezza.it\/wp-content\/uploads\/2025\/10\/calendario-avvento-beauty.jpg","type":"image\/jpeg"}],"author":"ideabellezza","twitter_card":"summary_large_image","twitter_misc":{"Scritto da":"ideabellezza","Tempo di lettura stimato":"10 minuti"},"schema":{"@context":"https:\/\/schema.org","@graph":[{"@type":["WebPage","FAQPage"],"@id":"https:\/\/magazine.ideabellezza.it\/calendario-dellavvento-beauty-come-sceglierlo-o-come-creare-un-calendario-fai-da-te\/","url":"https:\/\/www.ideabellezza.it\/magazine\/calendario-dellavvento-beauty-come-sceglierlo-o-come-creare-un-calendario-fai-da-te\/","name":"Calendario dell\u2019Avvento Beauty 2025: sceglierlo o crearlo fai-da-te -","isPartOf":{"@id":"https:\/\/www.ideabellezza.it\/magazine\/#website"},"primaryImageOfPage":{"@id":"https:\/\/www.ideabellezza.it\/magazine\/calendario-dellavvento-beauty-come-sceglierlo-o-come-creare-un-calendario-fai-da-te\/#primaryimage"},"image":{"@id":"https:\/\/www.ideabellezza.it\/magazine\/calendario-dellavvento-beauty-come-sceglierlo-o-come-creare-un-calendario-fai-da-te\/#primaryimage"},"thumbnailUrl":"https:\/\/magazine.ideabellezza.it\/wp-content\/uploads\/2025\/10\/calendario-avvento-beauty.jpg","datePublished":"2025-10-17T09:25:50+00:00","dateModified":"2025-10-17T09:26:31+00:00","author":{"@id":"https:\/\/www.ideabellezza.it\/magazine\/#\/schema\/person\/17b0f47546a3fc5dc1033bb23feffc65"},"description":"Scopri il calendario dell\u2019Avvento beauty Essence 2025 su Ideabellezza o crea il tuo calendario fai-da-te con make-up, skincare e profumi.","mainEntity":[{"@id":"https:\/\/www.ideabellezza.it\/magazine\/calendario-dellavvento-beauty-come-sceglierlo-o-come-creare-un-calendario-fai-da-te\/#faq-question-1760690994968"},{"@id":"https:\/\/www.ideabellezza.it\/magazine\/calendario-dellavvento-beauty-come-sceglierlo-o-come-creare-un-calendario-fai-da-te\/#faq-question-1760691014797"},{"@id":"https:\/\/www.ideabellezza.it\/magazine\/calendario-dellavvento-beauty-come-sceglierlo-o-come-creare-un-calendario-fai-da-te\/#faq-question-1760691065684"},{"@id":"https:\/\/www.ideabellezza.it\/magazine\/calendario-dellavvento-beauty-come-sceglierlo-o-come-creare-un-calendario-fai-da-te\/#faq-question-1760691081476"},{"@id":"https:\/\/www.ideabellezza.it\/magazine\/calendario-dellavvento-beauty-come-sceglierlo-o-come-creare-un-calendario-fai-da-te\/#faq-question-1760691112356"},{"@id":"https:\/\/www.ideabellezza.it\/magazine\/calendario-dellavvento-beauty-come-sceglierlo-o-come-creare-un-calendario-fai-da-te\/#faq-question-1760691128314"},{"@id":"https:\/\/www.ideabellezza.it\/magazine\/calendario-dellavvento-beauty-come-sceglierlo-o-come-creare-un-calendario-fai-da-te\/#faq-question-1760691143002"},{"@id":"https:\/\/www.ideabellezza.it\/magazine\/calendario-dellavvento-beauty-come-sceglierlo-o-come-creare-un-calendario-fai-da-te\/#faq-question-1760691270394"}],"inLanguage":"it-IT","potentialAction":[{"@type":"ReadAction","target":["https:\/\/www.ideabellezza.it\/magazine\/calendario-dellavvento-beauty-come-sceglierlo-o-come-creare-un-calendario-fai-da-te\/"]}]},{"@type":"ImageObject","inLanguage":"it-IT","@id":"https:\/\/www.ideabellezza.it\/magazine\/calendario-dellavvento-beauty-come-sceglierlo-o-come-creare-un-calendario-fai-da-te\/#primaryimage","url":"https:\/\/magazine.ideabellezza.it\/wp-content\/uploads\/2025\/10\/calendario-avvento-beauty.jpg","contentUrl":"https:\/\/magazine.ideabellezza.it\/wp-content\/uploads\/2025\/10\/calendario-avvento-beauty.jpg","width":900,"height":700,"caption":"calendario avvento beauty"},{"@type":"WebSite","@id":"https:\/\/www.ideabellezza.it\/magazine\/#website","url":"https:\/\/www.ideabellezza.it\/magazine\/","name":"","description":"","potentialAction":[{"@type":"SearchAction","target":{"@type":"EntryPoint","urlTemplate":"https:\/\/www.ideabellezza.it\/magazine\/?s={search_term_string}"},"query-input":{"@type":"PropertyValueSpecification","valueRequired":true,"valueName":"search_term_string"}}],"inLanguage":"it-IT"},{"@type":"Person","@id":"https:\/\/www.ideabellezza.it\/magazine\/#\/schema\/person\/17b0f47546a3fc5dc1033bb23feffc65","name":"ideabellezza","image":{"@type":"ImageObject","inLanguage":"it-IT","@id":"https:\/\/www.ideabellezza.it\/magazine\/#\/schema\/person\/image\/","url":"https:\/\/secure.gravatar.com\/avatar\/60e318cb6e6de1184d3834661ba9f6209a8d536ae9c769e3662804fd574471a2?s=96&d=mm&r=g","contentUrl":"https:\/\/secure.gravatar.com\/avatar\/60e318cb6e6de1184d3834661ba9f6209a8d536ae9c769e3662804fd574471a2?s=96&d=mm&r=g","caption":"ideabellezza"},"sameAs":["http:\/\/ideabellezza.it\/magazine\/IdeaBellezza"]},{"@type":"Question","@id":"https:\/\/www.ideabellezza.it\/magazine\/calendario-dellavvento-beauty-come-sceglierlo-o-come-creare-un-calendario-fai-da-te\/#faq-question-1760690994968","position":1,"url":"https:\/\/www.ideabellezza.it\/magazine\/calendario-dellavvento-beauty-come-sceglierlo-o-come-creare-un-calendario-fai-da-te\/#faq-question-1760690994968","name":"1. Quando esce il calendario dell\u2019Avvento beauty 2025 di Essence?","answerCount":1,"acceptedAnswer":{"@type":"Answer","text":"Il <em>Little X-Mas Wonder 2025 di Essence<\/em> \u00e8 disponibile online da ottobre su Ideabellezza.it. L\u2019ideale \u00e8 acquistarlo in anticipo perch\u00e9 si tratta di un\u2019edizione limitata molto richiesta nel periodo natalizio.","inLanguage":"it-IT"},"inLanguage":"it-IT"},{"@type":"Question","@id":"https:\/\/www.ideabellezza.it\/magazine\/calendario-dellavvento-beauty-come-sceglierlo-o-come-creare-un-calendario-fai-da-te\/#faq-question-1760691014797","position":2,"url":"https:\/\/www.ideabellezza.it\/magazine\/calendario-dellavvento-beauty-come-sceglierlo-o-come-creare-un-calendario-fai-da-te\/#faq-question-1760691014797","name":"2. Cosa contiene il calendario dell\u2019Avvento beauty Essence 2025?","answerCount":1,"acceptedAnswer":{"@type":"Answer","text":"Il <em>Little X-Mas Wonder 2025<\/em> racchiude <strong>24 prodotti beauty in edizione limitata<\/strong>, tra make-up e accessori per viso, occhi, labbra e unghie. Ogni casella nasconde una mini sorpresa perfetta per creare look festivi durante l\u2019attesa del Natale.","inLanguage":"it-IT"},"inLanguage":"it-IT"},{"@type":"Question","@id":"https:\/\/www.ideabellezza.it\/magazine\/calendario-dellavvento-beauty-come-sceglierlo-o-come-creare-un-calendario-fai-da-te\/#faq-question-1760691065684","position":3,"url":"https:\/\/www.ideabellezza.it\/magazine\/calendario-dellavvento-beauty-come-sceglierlo-o-come-creare-un-calendario-fai-da-te\/#faq-question-1760691065684","name":"3. Dove comprare il calendario dell\u2019Avvento beauty 2025?","answerCount":1,"acceptedAnswer":{"@type":"Answer","text":"Il <em>calendario dell\u2019Avvento beauty 2025 di Essence<\/em> \u00e8 acquistabile su <strong>Ideabellezza.it<\/strong>, e-commerce italiano con ampia selezione di profumi, make-up e skincare. La spedizione \u00e8 rapida e i pagamenti sicuri.","inLanguage":"it-IT"},"inLanguage":"it-IT"},{"@type":"Question","@id":"https:\/\/www.ideabellezza.it\/magazine\/calendario-dellavvento-beauty-come-sceglierlo-o-come-creare-un-calendario-fai-da-te\/#faq-question-1760691081476","position":4,"url":"https:\/\/www.ideabellezza.it\/magazine\/calendario-dellavvento-beauty-come-sceglierlo-o-come-creare-un-calendario-fai-da-te\/#faq-question-1760691081476","name":"4. Quanto costa il calendario dell\u2019Avvento beauty Essence 2025?","answerCount":1,"acceptedAnswer":{"@type":"Answer","text":"Il <em>Little X-Mas Wonder 2025<\/em> \u00e8 proposto su Ideabellezza a <strong>29,90 \u20ac<\/strong>, un prezzo competitivo per un cofanetto con 24 prodotti full e mini size, ideale come autoregalo o idea regalo beauty per il Natale.","inLanguage":"it-IT"},"inLanguage":"it-IT"},{"@type":"Question","@id":"https:\/\/www.ideabellezza.it\/magazine\/calendario-dellavvento-beauty-come-sceglierlo-o-come-creare-un-calendario-fai-da-te\/#faq-question-1760691112356","position":5,"url":"https:\/\/www.ideabellezza.it\/magazine\/calendario-dellavvento-beauty-come-sceglierlo-o-come-creare-un-calendario-fai-da-te\/#faq-question-1760691112356","name":"5. Come creare un calendario dell\u2019Avvento beauty fai-da-te?","answerCount":1,"acceptedAnswer":{"@type":"Answer","text":"Per realizzare un <strong>calendario beauty DIY personalizzato<\/strong>, basta scegliere 24 prodotti in mini formato su Ideabellezza: rossetti, maschere viso, profumi, sieri o accessori make-up. Poi confezionali in scatoline o sacchettini numerati e aggiungi nastri o bigliettini decorativi per un effetto natalizio unico.","inLanguage":"it-IT"},"inLanguage":"it-IT"},{"@type":"Question","@id":"https:\/\/www.ideabellezza.it\/magazine\/calendario-dellavvento-beauty-come-sceglierlo-o-come-creare-un-calendario-fai-da-te\/#faq-question-1760691128314","position":6,"url":"https:\/\/www.ideabellezza.it\/magazine\/calendario-dellavvento-beauty-come-sceglierlo-o-come-creare-un-calendario-fai-da-te\/#faq-question-1760691128314","name":"6. Quali prodotti scegliere per un calendario dell\u2019Avvento beauty personalizzato?","answerCount":1,"acceptedAnswer":{"@type":"Answer","text":"I pi\u00f9 consigliati sono <strong>mini taglie di profumi, rossetti, maschere viso, creme idratanti e smalti<\/strong>. Puoi alternare prodotti skincare, make-up e body care per rendere ogni giorno diverso. Su Ideabellezza trovi centinaia di articoli perfetti per comporre il tuo calendario fai-da-te.","inLanguage":"it-IT"},"inLanguage":"it-IT"},{"@type":"Question","@id":"https:\/\/www.ideabellezza.it\/magazine\/calendario-dellavvento-beauty-come-sceglierlo-o-come-creare-un-calendario-fai-da-te\/#faq-question-1760691143002","position":7,"url":"https:\/\/www.ideabellezza.it\/magazine\/calendario-dellavvento-beauty-come-sceglierlo-o-come-creare-un-calendario-fai-da-te\/#faq-question-1760691143002","name":"7. Qual \u00e8 il miglior calendario dell\u2019Avvento beauty 2025?","answerCount":1,"acceptedAnswer":{"@type":"Answer","text":"Tra le proposte pi\u00f9 apprezzate c\u2019\u00e8 il <strong>Little X-Mas Wonder 2025 di Essence<\/strong>, disponibile su Ideabellezza: un cofanetto colorato e completo con 24 sorprese beauty in edizione limitata, amatissimo per l\u2019ottimo rapporto qualit\u00e0\/prezzo.","inLanguage":"it-IT"},"inLanguage":"it-IT"},{"@type":"Question","@id":"https:\/\/www.ideabellezza.it\/magazine\/calendario-dellavvento-beauty-come-sceglierlo-o-come-creare-un-calendario-fai-da-te\/#faq-question-1760691270394","position":8,"url":"https:\/\/www.ideabellezza.it\/magazine\/calendario-dellavvento-beauty-come-sceglierlo-o-come-creare-un-calendario-fai-da-te\/#faq-question-1760691270394","name":"8. Meglio acquistare un calendario dell\u2019Avvento beauty gi\u00e0 pronto o farlo da s\u00e9?","answerCount":1,"acceptedAnswer":{"@type":"Answer","text":"Dipende dal tempo e dal budget a disposizione. Il <em>Little X-Mas Wonder di Essence<\/em> \u00e8 perfetto per chi desidera una soluzione pratica e gi\u00e0 confezionata, mentre il <strong>calendario fai-da-te beauty<\/strong> permette di personalizzare ogni casella con prodotti scelti su Ideabellezza, rendendo l\u2019esperienza pi\u00f9 creativa e personale.","inLanguage":"it-IT"},"inLanguage":"it-IT"}]}},"_links":{"self":[{"href":"https:\/\/www.ideabellezza.it\/magazine\/wp-json\/wp\/v2\/posts\/4259","targetHints":{"allow":["GET"]}}],"collection":[{"href":"https:\/\/www.ideabellezza.it\/magazine\/wp-json\/wp\/v2\/posts"}],"about":[{"href":"https:\/\/www.ideabellezza.it\/magazine\/wp-json\/wp\/v2\/types\/post"}],"author":[{"embeddable":true,"href":"https:\/\/www.ideabellezza.it\/magazine\/wp-json\/wp\/v2\/users\/1"}],"replies":[{"embeddable":true,"href":"https:\/\/www.ideabellezza.it\/magazine\/wp-json\/wp\/v2\/comments?post=4259"}],"version-history":[{"count":2,"href":"https:\/\/www.ideabellezza.it\/magazine\/wp-json\/wp\/v2\/posts\/4259\/revisions"}],"predecessor-version":[{"id":4268,"href":"https:\/\/www.ideabellezza.it\/magazine\/wp-json\/wp\/v2\/posts\/4259\/revisions\/4268"}],"wp:featuredmedia":[{"embeddable":true,"href":"https:\/\/www.ideabellezza.it\/magazine\/wp-json\/wp\/v2\/media\/4263"}],"wp:attachment":[{"href":"https:\/\/www.ideabellezza.it\/magazine\/wp-json\/wp\/v2\/media?parent=4259"}],"wp:term":[{"taxonomy":"category","embeddable":true,"href":"https:\/\/www.ideabellezza.it\/magazine\/wp-json\/wp\/v2\/categories?post=4259"},{"taxonomy":"post_tag","embeddable":true,"href":"https:\/\/www.ideabellezza.it\/magazine\/wp-json\/wp\/v2\/tags?post=4259"}],"curies":[{"name":"wp","href":"https:\/\/api.w.org\/{rel}","templated":true}]}}