{"id":4270,"date":"2025-10-30T16:17:39","date_gmt":"2025-10-30T15:17:39","guid":{"rendered":"https:\/\/magazine.ideabellezza.it\/?p=4270"},"modified":"2025-10-30T16:18:16","modified_gmt":"2025-10-30T15:18:16","slug":"trucco-dark-idee-look-e-prodotti-per-un-make-up-intenso-e-magnetico","status":"publish","type":"post","link":"https:\/\/www.ideabellezza.it\/magazine\/trucco-dark-idee-look-e-prodotti-per-un-make-up-intenso-e-magnetico\/","title":{"rendered":"Trucco dark: idee, look e prodotti per un make-up intenso e magnetico"},"content":{"rendered":"\n<p>Il <strong>trucco dark donna<\/strong> \u00e8 una delle tendenze beauty pi\u00f9 affascinanti e versatili degli ultimi anni. Non \u00e8 solo un make-up, ma un linguaggio estetico che parla di personalit\u00e0, audacia ed eleganza. Le sfumature scure, i contrasti marcati e l\u2019effetto magnetico dello sguardo lo rendono perfetto per chi desidera un look deciso e sofisticato. Dal <strong>trucco dark gothic<\/strong> alle versioni pi\u00f9 minimal e raffinate, questa corrente ha conquistato passerelle, red carpet e social, adattandosi a ogni volto e occasione. Che si tratti di un evento serale o di un make-up da tutti i giorni, il <strong>trucco dark<\/strong> \u00e8 sinonimo di fascino e individualit\u00e0. Ecco come ricrearlo con i <a href=\"https:\/\/www.ideabellezza.it\/make-up\/\" target=\"_blank\" rel=\"noreferrer noopener\">prodotti make-up in vendita su Idea Bellezza<\/a>.<\/p>\n\n\n\n\n\n<figure class=\"wp-block-image size-full\"><img loading=\"lazy\" decoding=\"async\" width=\"900\" height=\"504\" src=\"https:\/\/magazine.ideabellezza.it\/wp-content\/uploads\/2025\/10\/trucco-gotico.jpg\" alt=\"trucco gotico\" class=\"wp-image-4272\" title=\"trucco gotico\" srcset=\"https:\/\/magazine.ideabellezza.it\/wp-content\/uploads\/2025\/10\/trucco-gotico.jpg 900w, https:\/\/magazine.ideabellezza.it\/wp-content\/uploads\/2025\/10\/trucco-gotico-300x168.jpg 300w, https:\/\/magazine.ideabellezza.it\/wp-content\/uploads\/2025\/10\/trucco-gotico-768x430.jpg 768w, https:\/\/magazine.ideabellezza.it\/wp-content\/uploads\/2025\/10\/trucco-gotico-370x207.jpg 370w, https:\/\/magazine.ideabellezza.it\/wp-content\/uploads\/2025\/10\/trucco-gotico-760x426.jpg 760w, https:\/\/magazine.ideabellezza.it\/wp-content\/uploads\/2025\/10\/trucco-gotico-270x152.jpg 270w\" sizes=\"auto, (max-width: 900px) 100vw, 900px\" \/><\/figure>\n\n\n\n<h2 class=\"wp-block-heading\">Cos\u2019\u00e8 il trucco dark e da dove nasce<\/h2>\n\n\n\n<p>Il <strong>trucco dark donna<\/strong> nasce come espressione di ribellione e identit\u00e0 personale. Le sue origini risalgono agli anni \u201980, quando le sottoculture punk e gotiche usarono il make-up come simbolo di libert\u00e0 e anticonformismo. Oggi, quell\u2019estetica si \u00e8 trasformata in un linguaggio sofisticato che unisce mistero e raffinatezza. L\u2019obiettivo non \u00e8 \u201cmascherarsi\u201d, ma <strong>esaltare i tratti del viso<\/strong> attraverso giochi di luce e ombra.<\/p>\n\n\n\n<figure class=\"wp-block-table\"><table class=\"has-fixed-layout\"><thead><tr><td><strong>Elemento<\/strong><\/td><td><strong>Trucco dark classico<\/strong><\/td><td><strong>Trucco dark moderno<\/strong><\/td><\/tr><\/thead><tbody><tr><td><strong>Pelle<\/strong><\/td><td>Molto chiara e opaca<\/td><td>Naturale, levigata e leggermente luminosa<\/td><\/tr><tr><td><strong>Occhi<\/strong><\/td><td>Smokey nero o violaceo<\/td><td>Sfumature intense ma pi\u00f9 soft<\/td><\/tr><tr><td><strong>Labbra<\/strong><\/td><td>Nere o rosso sangue<\/td><td>Borgogna, prugna, cioccolato<\/td><\/tr><tr><td><strong>Texture<\/strong><\/td><td>Matte e polverose<\/td><td>Satin e vellutate<\/td><\/tr><\/tbody><\/table><\/figure>\n\n\n\n<div class=\"wp-block-columns are-vertically-aligned-center is-layout-flex wp-container-core-columns-is-layout-9d6595d7 wp-block-columns-is-layout-flex\">\n<div class=\"wp-block-column is-vertically-aligned-center is-layout-flow wp-block-column-is-layout-flow\">\n<figure class=\"wp-block-image size-full\"><a href=\"https:\/\/www.ideabellezza.it\/ombretto-cotto-mono\/\" target=\"_blank\" rel=\" noreferrer noopener\"><img loading=\"lazy\" decoding=\"async\" width=\"400\" height=\"400\" src=\"https:\/\/magazine.ideabellezza.it\/wp-content\/uploads\/2025\/10\/Ombretto-Cotto-Mono.jpg\" alt=\"Ombretto Cotto Mono\" class=\"wp-image-4278\" title=\"Ombretto Cotto Mono\" srcset=\"https:\/\/magazine.ideabellezza.it\/wp-content\/uploads\/2025\/10\/Ombretto-Cotto-Mono.jpg 400w, https:\/\/magazine.ideabellezza.it\/wp-content\/uploads\/2025\/10\/Ombretto-Cotto-Mono-300x300.jpg 300w, https:\/\/magazine.ideabellezza.it\/wp-content\/uploads\/2025\/10\/Ombretto-Cotto-Mono-150x150.jpg 150w, https:\/\/magazine.ideabellezza.it\/wp-content\/uploads\/2025\/10\/Ombretto-Cotto-Mono-370x370.jpg 370w, https:\/\/magazine.ideabellezza.it\/wp-content\/uploads\/2025\/10\/Ombretto-Cotto-Mono-146x146.jpg 146w\" sizes=\"auto, (max-width: 400px) 100vw, 400px\" \/><\/a><\/figure>\n\n\n\n<div class=\"wp-block-buttons is-content-justification-center is-layout-flex wp-container-core-buttons-is-layout-16018d1d wp-block-buttons-is-layout-flex\">\n<div class=\"wp-block-button has-custom-width wp-block-button__width-100\"><a class=\"wp-block-button__link has-background wp-element-button\" style=\"background-color:#e2007a\">Ombretto Antracite<\/a><\/div>\n<\/div>\n<\/div>\n\n\n\n<div class=\"wp-block-column is-vertically-aligned-center is-layout-flow wp-block-column-is-layout-flow\">\n<figure class=\"wp-block-image size-full\"><a href=\"https:\/\/www.ideabellezza.it\/locked-kiss-ink-24hr-lipcolour\/\" target=\"_blank\" rel=\" noreferrer noopener\"><img loading=\"lazy\" decoding=\"async\" width=\"400\" height=\"400\" src=\"https:\/\/magazine.ideabellezza.it\/wp-content\/uploads\/2025\/10\/Locked-Kiss-Ink-24hr-Lipcolour.jpg\" alt=\"Locked Kiss Ink 24hr Lipcolour\" class=\"wp-image-4277\" title=\"Locked Kiss Ink 24hr Lipcolour\" srcset=\"https:\/\/magazine.ideabellezza.it\/wp-content\/uploads\/2025\/10\/Locked-Kiss-Ink-24hr-Lipcolour.jpg 400w, https:\/\/magazine.ideabellezza.it\/wp-content\/uploads\/2025\/10\/Locked-Kiss-Ink-24hr-Lipcolour-300x300.jpg 300w, https:\/\/magazine.ideabellezza.it\/wp-content\/uploads\/2025\/10\/Locked-Kiss-Ink-24hr-Lipcolour-150x150.jpg 150w, https:\/\/magazine.ideabellezza.it\/wp-content\/uploads\/2025\/10\/Locked-Kiss-Ink-24hr-Lipcolour-370x370.jpg 370w, https:\/\/magazine.ideabellezza.it\/wp-content\/uploads\/2025\/10\/Locked-Kiss-Ink-24hr-Lipcolour-146x146.jpg 146w\" sizes=\"auto, (max-width: 400px) 100vw, 400px\" \/><\/a><\/figure>\n\n\n\n<div class=\"wp-block-buttons is-content-justification-center is-layout-flex wp-container-core-buttons-is-layout-16018d1d wp-block-buttons-is-layout-flex\">\n<div class=\"wp-block-button has-custom-width wp-block-button__width-100\"><a class=\"wp-block-button__link has-background wp-element-button\" style=\"background-color:#e2007a\">Rossetto liquido Viola<\/a><\/div>\n<\/div>\n<\/div>\n\n\n\n<div class=\"wp-block-column is-vertically-aligned-center is-layout-flow wp-block-column-is-layout-flow\">\n<figure class=\"wp-block-image size-full\"><a href=\"https:\/\/www.ideabellezza.it\/mascara-lash-clash\/\" target=\"_blank\" rel=\" noreferrer noopener\"><img loading=\"lazy\" decoding=\"async\" width=\"600\" height=\"600\" src=\"https:\/\/magazine.ideabellezza.it\/wp-content\/uploads\/2025\/10\/Mascara-Lash-Clash.jpg\" alt=\"Mascara Lash Clash\" class=\"wp-image-4279\" title=\"Mascara Lash Clash\" srcset=\"https:\/\/magazine.ideabellezza.it\/wp-content\/uploads\/2025\/10\/Mascara-Lash-Clash.jpg 600w, https:\/\/magazine.ideabellezza.it\/wp-content\/uploads\/2025\/10\/Mascara-Lash-Clash-300x300.jpg 300w, https:\/\/magazine.ideabellezza.it\/wp-content\/uploads\/2025\/10\/Mascara-Lash-Clash-150x150.jpg 150w, https:\/\/magazine.ideabellezza.it\/wp-content\/uploads\/2025\/10\/Mascara-Lash-Clash-370x370.jpg 370w, https:\/\/magazine.ideabellezza.it\/wp-content\/uploads\/2025\/10\/Mascara-Lash-Clash-146x146.jpg 146w\" sizes=\"auto, (max-width: 600px) 100vw, 600px\" \/><\/a><\/figure>\n\n\n\n<div class=\"wp-block-buttons is-content-justification-center is-layout-flex wp-container-core-buttons-is-layout-16018d1d wp-block-buttons-is-layout-flex\">\n<div class=\"wp-block-button has-custom-width wp-block-button__width-100\"><a class=\"wp-block-button__link has-background wp-element-button\" style=\"background-color:#e2007a\">Mascara Lash Clash<\/a><\/div>\n<\/div>\n<\/div>\n<\/div>\n\n\n\n<p><strong><em>Beauty tip<\/em>:<\/strong> se hai la carnagione chiara, prediligi toni freddi (grigio, viola, blu). Se hai un incarnato pi\u00f9 caldo, punta su marroni e rossi profondi per armonizzare l\u2019insieme.<\/p>\n\n\n\n<figure class=\"wp-block-image size-full\"><img loading=\"lazy\" decoding=\"async\" width=\"900\" height=\"386\" src=\"https:\/\/magazine.ideabellezza.it\/wp-content\/uploads\/2025\/10\/trucco-dark.jpg\" alt=\"trucco dark\" class=\"wp-image-4275\" title=\"trucco dark\" srcset=\"https:\/\/magazine.ideabellezza.it\/wp-content\/uploads\/2025\/10\/trucco-dark.jpg 900w, https:\/\/magazine.ideabellezza.it\/wp-content\/uploads\/2025\/10\/trucco-dark-300x129.jpg 300w, https:\/\/magazine.ideabellezza.it\/wp-content\/uploads\/2025\/10\/trucco-dark-768x329.jpg 768w, https:\/\/magazine.ideabellezza.it\/wp-content\/uploads\/2025\/10\/trucco-dark-370x159.jpg 370w, https:\/\/magazine.ideabellezza.it\/wp-content\/uploads\/2025\/10\/trucco-dark-760x326.jpg 760w\" sizes=\"auto, (max-width: 900px) 100vw, 900px\" \/><\/figure>\n\n\n\n<h2 class=\"wp-block-heading\">Trucco dark donna: eleganza, mistero e personalit\u00e0<\/h2>\n\n\n\n<p>Il fascino del <strong>trucco dark donna<\/strong> sta nella sua capacit\u00e0 di trasformare completamente il volto con pochi prodotti chiave. \u00c8 un look che comunica potenza e sensualit\u00e0, ideale per le personalit\u00e0 decise ma raffinate.<\/p>\n\n\n\n<div class=\"wp-block-columns is-layout-flex wp-container-core-columns-is-layout-9d6595d7 wp-block-columns-is-layout-flex\">\n<div class=\"wp-block-column is-layout-flow wp-block-column-is-layout-flow\" style=\"flex-basis:50%\">\n<div class=\"wp-block-group\"><div class=\"wp-block-group__inner-container is-layout-constrained wp-block-group-is-layout-constrained\">\n<p class=\"has-text-align-center\"><strong>Occhi dark<\/strong><\/p>\n\n\n\n<ul class=\"wp-block-list\">\n<li>Usa un <strong><a href=\"https:\/\/www.ideabellezza.it\/make-up\/occhi\/base-e-primer-per-occhi\/\" target=\"_blank\" rel=\"noreferrer noopener\">primer<\/a><\/strong> per intensificare i pigmenti.<\/li>\n\n\n\n<li>Applica un <strong><a href=\"https:\/\/www.ideabellezza.it\/make-up\/occhi\/ombretti\/\" target=\"_blank\" rel=\"noreferrer noopener\">ombretto<\/a> antracite o prugna<\/strong> sulla palpebra mobile e sfuma verso l\u2019esterno.<\/li>\n\n\n\n<li>Delinea la rima superiore e inferiore con <strong><a href=\"https:\/\/www.ideabellezza.it\/make-up\/occhi\/matite-occhi\/\" target=\"_blank\" rel=\"noreferrer noopener\">matita<\/a> nera<\/strong> o <a href=\"https:\/\/www.ideabellezza.it\/make-up\/occhi\/eyeliner\/\" target=\"_blank\" rel=\"noreferrer noopener\">eyeliner<\/a>.<\/li>\n\n\n\n<li>Completa con <strong><a href=\"https:\/\/www.ideabellezza.it\/make-up\/occhi\/mascara\/\" target=\"_blank\" rel=\"noreferrer noopener\">mascara<\/a> volumizzante<\/strong> o <a href=\"https:\/\/www.ideabellezza.it\/make-up\/occhi\/ciglia-finte\/\" target=\"_blank\" rel=\"noreferrer noopener\">ciglia finte<\/a> naturali.<\/li>\n<\/ul>\n<\/div><\/div>\n<\/div>\n\n\n\n<div class=\"wp-block-column is-layout-flow wp-block-column-is-layout-flow\" style=\"flex-basis:50%\">\n<div class=\"wp-block-group\"><div class=\"wp-block-group__inner-container is-layout-constrained wp-block-group-is-layout-constrained\">\n<p class=\"has-text-align-center\"><strong>Labbra dark<\/strong><\/p>\n\n\n\n<ul class=\"wp-block-list\">\n<li>Scegli <a href=\"https:\/\/www.ideabellezza.it\/make-up\/labbra\/rossetti\/\">rossetti<\/a> <strong>bordeaux<\/strong>, <strong>viola melanzana<\/strong> o <strong>marrone cioccolato<\/strong>.<\/li>\n\n\n\n<li>Per un effetto pi\u00f9 portabile, tampona il colore con le dita per un finish sfumato.<\/li>\n\n\n\n<li>Definisci sempre i bordi con una <strong><a href=\"https:\/\/www.ideabellezza.it\/make-up\/labbra\/matite-labbra\/\" target=\"_blank\" rel=\"noreferrer noopener\">matita labbra<\/a> in tono<\/strong>.<\/li>\n<\/ul>\n<\/div><\/div>\n<\/div>\n<\/div>\n\n\n\n<div class=\"wp-block-columns are-vertically-aligned-center is-layout-flex wp-container-core-columns-is-layout-9d6595d7 wp-block-columns-is-layout-flex\">\n<div class=\"wp-block-column is-vertically-aligned-center is-layout-flow wp-block-column-is-layout-flow\">\n<figure class=\"wp-block-image size-full\"><a href=\"https:\/\/www.ideabellezza.it\/color-era-eyeshadow-ombretto-colore-intenso\/\" target=\"_blank\" rel=\" noreferrer noopener\"><img loading=\"lazy\" decoding=\"async\" width=\"400\" height=\"400\" src=\"https:\/\/magazine.ideabellezza.it\/wp-content\/uploads\/2025\/10\/Color-Era-Eyeshadow-Ombretto-Colore-Intenso.jpg\" alt=\"Color Era Eyeshadow - Ombretto Colore Intenso\" class=\"wp-image-4280\" title=\"Color Era Eyeshadow - Ombretto Colore Intenso\" srcset=\"https:\/\/magazine.ideabellezza.it\/wp-content\/uploads\/2025\/10\/Color-Era-Eyeshadow-Ombretto-Colore-Intenso.jpg 400w, https:\/\/magazine.ideabellezza.it\/wp-content\/uploads\/2025\/10\/Color-Era-Eyeshadow-Ombretto-Colore-Intenso-300x300.jpg 300w, https:\/\/magazine.ideabellezza.it\/wp-content\/uploads\/2025\/10\/Color-Era-Eyeshadow-Ombretto-Colore-Intenso-150x150.jpg 150w, https:\/\/magazine.ideabellezza.it\/wp-content\/uploads\/2025\/10\/Color-Era-Eyeshadow-Ombretto-Colore-Intenso-370x370.jpg 370w, https:\/\/magazine.ideabellezza.it\/wp-content\/uploads\/2025\/10\/Color-Era-Eyeshadow-Ombretto-Colore-Intenso-146x146.jpg 146w\" sizes=\"auto, (max-width: 400px) 100vw, 400px\" \/><\/a><\/figure>\n\n\n\n<div class=\"wp-block-buttons is-content-justification-center is-layout-flex wp-container-core-buttons-is-layout-16018d1d wp-block-buttons-is-layout-flex\">\n<div class=\"wp-block-button has-custom-width wp-block-button__width-100\"><a class=\"wp-block-button__link has-background wp-element-button\" style=\"background-color:#e2007a\">Ombretto colore intenso<\/a><\/div>\n<\/div>\n<\/div>\n\n\n\n<div class=\"wp-block-column is-vertically-aligned-center is-layout-flow wp-block-column-is-layout-flow\">\n<figure class=\"wp-block-image size-full\"><a href=\"https:\/\/www.ideabellezza.it\/my-happytoy-eyeliner\/\" target=\"_blank\" rel=\" noreferrer noopener\"><img loading=\"lazy\" decoding=\"async\" width=\"400\" height=\"400\" src=\"https:\/\/magazine.ideabellezza.it\/wp-content\/uploads\/2025\/10\/My-Happytoy-Eyeliner.jpg\" alt=\"My Happytoy Eyeliner\" class=\"wp-image-4282\" title=\"My Happytoy Eyeliner\" srcset=\"https:\/\/magazine.ideabellezza.it\/wp-content\/uploads\/2025\/10\/My-Happytoy-Eyeliner.jpg 400w, https:\/\/magazine.ideabellezza.it\/wp-content\/uploads\/2025\/10\/My-Happytoy-Eyeliner-300x300.jpg 300w, https:\/\/magazine.ideabellezza.it\/wp-content\/uploads\/2025\/10\/My-Happytoy-Eyeliner-150x150.jpg 150w, https:\/\/magazine.ideabellezza.it\/wp-content\/uploads\/2025\/10\/My-Happytoy-Eyeliner-370x370.jpg 370w, https:\/\/magazine.ideabellezza.it\/wp-content\/uploads\/2025\/10\/My-Happytoy-Eyeliner-146x146.jpg 146w\" sizes=\"auto, (max-width: 400px) 100vw, 400px\" \/><\/a><\/figure>\n\n\n\n<div class=\"wp-block-buttons is-content-justification-center is-layout-flex wp-container-core-buttons-is-layout-16018d1d wp-block-buttons-is-layout-flex\">\n<div class=\"wp-block-button has-custom-width wp-block-button__width-100\"><a class=\"wp-block-button__link has-background wp-element-button\" style=\"background-color:#e2007a\">Eyeliner a penna nero<\/a><\/div>\n<\/div>\n<\/div>\n\n\n\n<div class=\"wp-block-column is-vertically-aligned-center is-layout-flow wp-block-column-is-layout-flow\">\n<figure class=\"wp-block-image size-full\"><a href=\"https:\/\/www.ideabellezza.it\/macximal-silky-matte-lipstick\/\" target=\"_blank\" rel=\" noreferrer noopener\"><img loading=\"lazy\" decoding=\"async\" width=\"400\" height=\"400\" src=\"https:\/\/magazine.ideabellezza.it\/wp-content\/uploads\/2025\/10\/MACximal-Silky-Matte-Lipstick.jpg\" alt=\"MACximal Silky Matte Lipstick\" class=\"wp-image-4281\" title=\"MACximal Silky Matte Lipstick\" srcset=\"https:\/\/magazine.ideabellezza.it\/wp-content\/uploads\/2025\/10\/MACximal-Silky-Matte-Lipstick.jpg 400w, https:\/\/magazine.ideabellezza.it\/wp-content\/uploads\/2025\/10\/MACximal-Silky-Matte-Lipstick-300x300.jpg 300w, https:\/\/magazine.ideabellezza.it\/wp-content\/uploads\/2025\/10\/MACximal-Silky-Matte-Lipstick-150x150.jpg 150w, https:\/\/magazine.ideabellezza.it\/wp-content\/uploads\/2025\/10\/MACximal-Silky-Matte-Lipstick-370x370.jpg 370w, https:\/\/magazine.ideabellezza.it\/wp-content\/uploads\/2025\/10\/MACximal-Silky-Matte-Lipstick-146x146.jpg 146w\" sizes=\"auto, (max-width: 400px) 100vw, 400px\" \/><\/a><\/figure>\n\n\n\n<div class=\"wp-block-buttons is-content-justification-center is-layout-flex wp-container-core-buttons-is-layout-16018d1d wp-block-buttons-is-layout-flex\">\n<div class=\"wp-block-button has-custom-width wp-block-button__width-100\"><a class=\"wp-block-button__link has-background wp-element-button\" style=\"background-color:#e2007a\">Rossetto matte viola<\/a><\/div>\n<\/div>\n<\/div>\n<\/div>\n\n\n\n<p><strong><em>Consiglio make-up artist<\/em>:<\/strong> non esagerare con entrambi i punti focali. Se enfatizzi gli occhi, lascia le labbra pi\u00f9 neutre e viceversa. Il segreto del trucco dark \u00e8 l\u2019equilibrio.<\/p>\n\n\n\n<figure class=\"wp-block-image size-full\"><img loading=\"lazy\" decoding=\"async\" width=\"900\" height=\"504\" src=\"https:\/\/magazine.ideabellezza.it\/wp-content\/uploads\/2025\/10\/trucco-occhi-dark.jpg\" alt=\"trucco occhi dark\" class=\"wp-image-4274\" title=\"trucco occhi dark\" srcset=\"https:\/\/magazine.ideabellezza.it\/wp-content\/uploads\/2025\/10\/trucco-occhi-dark.jpg 900w, https:\/\/magazine.ideabellezza.it\/wp-content\/uploads\/2025\/10\/trucco-occhi-dark-300x168.jpg 300w, https:\/\/magazine.ideabellezza.it\/wp-content\/uploads\/2025\/10\/trucco-occhi-dark-768x430.jpg 768w, https:\/\/magazine.ideabellezza.it\/wp-content\/uploads\/2025\/10\/trucco-occhi-dark-370x207.jpg 370w, https:\/\/magazine.ideabellezza.it\/wp-content\/uploads\/2025\/10\/trucco-occhi-dark-760x426.jpg 760w, https:\/\/magazine.ideabellezza.it\/wp-content\/uploads\/2025\/10\/trucco-occhi-dark-270x152.jpg 270w\" sizes=\"auto, (max-width: 900px) 100vw, 900px\" \/><\/figure>\n\n\n\n<h2 class=\"wp-block-heading\">Trucco dark gothic: ispirazioni dal mondo gotico<\/h2>\n\n\n\n<p>Il <strong>trucco dark gothic<\/strong> riprende l\u2019estetica misteriosa e romantica del mondo gotico, reinterpretandola in chiave contemporanea. Non pi\u00f9 solo nero e pallore estremo, ma <strong>armonie di contrasti e texture vellutate<\/strong>.<\/p>\n\n\n\n<p><strong>Ispirazioni iconiche<\/strong><\/p>\n\n\n\n<ul class=\"wp-block-list\">\n<li><strong>Anni \u201990 revival:<\/strong> incarnato vellutato, eyeliner grafico e labbra scure.<\/li>\n\n\n\n<li><strong>Gothic romantic:<\/strong> sguardo profondo con ombre porpora e labbra rosso scuro.<\/li>\n\n\n\n<li><strong>Modern goth:<\/strong> mix di base luminosa, ombretto nero sfumato e gloss trasparente.<\/li>\n<\/ul>\n\n\n\n<figure class=\"wp-block-table\"><table class=\"has-fixed-layout\"><thead><tr><td><strong>Look gotico<\/strong><\/td><td><strong>Caratteristiche principali<\/strong><\/td><td><strong>Quando sceglierlo<\/strong><\/td><\/tr><\/thead><tbody><tr><td><strong>Romantico<\/strong><\/td><td>Labbra rosse, ombretto prugna, incarnato chiaro<\/td><td>Cene eleganti o eventi serali<\/td><\/tr><tr><td><strong>Dark metal<\/strong><\/td><td>Eyeliner marcato, occhi neri, labbra vinaccia<\/td><td>Occasioni notturne o shooting<\/td><\/tr><tr><td><strong>Minimal goth<\/strong><\/td><td>Smokey soft e <a href=\"https:\/\/www.ideabellezza.it\/make-up\/labbra\/gloss\/\" target=\"_blank\" rel=\"noreferrer noopener\">gloss<\/a> nude<\/td><td>Make-up quotidiano deciso<\/td><\/tr><\/tbody><\/table><\/figure>\n\n\n\n<div class=\"wp-block-columns are-vertically-aligned-center is-layout-flex wp-container-core-columns-is-layout-9d6595d7 wp-block-columns-is-layout-flex\">\n<div class=\"wp-block-column is-vertically-aligned-center is-layout-flow wp-block-column-is-layout-flow\">\n<figure class=\"wp-block-image size-full\"><a href=\"https:\/\/www.ideabellezza.it\/lip-maestro-satin\/\" target=\"_blank\" rel=\" noreferrer noopener\"><img loading=\"lazy\" decoding=\"async\" width=\"400\" height=\"400\" src=\"https:\/\/magazine.ideabellezza.it\/wp-content\/uploads\/2025\/10\/Lip-Maestro-Satin.jpg\" alt=\"Lip Maestro Satin\" class=\"wp-image-4285\" title=\"Lip Maestro Satin\" srcset=\"https:\/\/magazine.ideabellezza.it\/wp-content\/uploads\/2025\/10\/Lip-Maestro-Satin.jpg 400w, https:\/\/magazine.ideabellezza.it\/wp-content\/uploads\/2025\/10\/Lip-Maestro-Satin-300x300.jpg 300w, https:\/\/magazine.ideabellezza.it\/wp-content\/uploads\/2025\/10\/Lip-Maestro-Satin-150x150.jpg 150w, https:\/\/magazine.ideabellezza.it\/wp-content\/uploads\/2025\/10\/Lip-Maestro-Satin-370x370.jpg 370w, https:\/\/magazine.ideabellezza.it\/wp-content\/uploads\/2025\/10\/Lip-Maestro-Satin-146x146.jpg 146w\" sizes=\"auto, (max-width: 400px) 100vw, 400px\" \/><\/a><\/figure>\n\n\n\n<div class=\"wp-block-buttons is-content-justification-center is-layout-flex wp-container-core-buttons-is-layout-16018d1d wp-block-buttons-is-layout-flex\">\n<div class=\"wp-block-button has-custom-width wp-block-button__width-100\"><a class=\"wp-block-button__link has-background wp-element-button\" style=\"background-color:#e2007a\">Tinta labbra rossa<\/a><\/div>\n<\/div>\n<\/div>\n\n\n\n<div class=\"wp-block-column is-vertically-aligned-center is-layout-flow wp-block-column-is-layout-flow\">\n<figure class=\"wp-block-image size-full\"><a href=\"https:\/\/www.ideabellezza.it\/eye-shadow-carbon\/\" target=\"_blank\" rel=\" noreferrer noopener\"><img loading=\"lazy\" decoding=\"async\" width=\"400\" height=\"400\" src=\"https:\/\/magazine.ideabellezza.it\/wp-content\/uploads\/2025\/10\/Eye-Shadow-Carbon.jpg\" alt=\"Eye Shadow Carbon\" class=\"wp-image-4284\" title=\"Eye Shadow Carbon\" srcset=\"https:\/\/magazine.ideabellezza.it\/wp-content\/uploads\/2025\/10\/Eye-Shadow-Carbon.jpg 400w, https:\/\/magazine.ideabellezza.it\/wp-content\/uploads\/2025\/10\/Eye-Shadow-Carbon-300x300.jpg 300w, https:\/\/magazine.ideabellezza.it\/wp-content\/uploads\/2025\/10\/Eye-Shadow-Carbon-150x150.jpg 150w, https:\/\/magazine.ideabellezza.it\/wp-content\/uploads\/2025\/10\/Eye-Shadow-Carbon-370x370.jpg 370w, https:\/\/magazine.ideabellezza.it\/wp-content\/uploads\/2025\/10\/Eye-Shadow-Carbon-146x146.jpg 146w\" sizes=\"auto, (max-width: 400px) 100vw, 400px\" \/><\/a><\/figure>\n\n\n\n<div class=\"wp-block-buttons is-content-justification-center is-layout-flex wp-container-core-buttons-is-layout-16018d1d wp-block-buttons-is-layout-flex\">\n<div class=\"wp-block-button has-custom-width wp-block-button__width-100\"><a class=\"wp-block-button__link has-background wp-element-button\" style=\"background-color:#e2007a\">Ombretto carbone<\/a><\/div>\n<\/div>\n<\/div>\n\n\n\n<div class=\"wp-block-column is-vertically-aligned-center is-layout-flow wp-block-column-is-layout-flow\">\n<figure class=\"wp-block-image size-full\"><a href=\"https:\/\/www.ideabellezza.it\/gloss-matrix\/\" target=\"_blank\" rel=\" noreferrer noopener\"><img loading=\"lazy\" decoding=\"async\" width=\"400\" height=\"400\" src=\"https:\/\/magazine.ideabellezza.it\/wp-content\/uploads\/2025\/10\/Gloss-Matrix.jpg\" alt=\"Gloss Matrix\" class=\"wp-image-4283\" title=\"Gloss Matrix\" srcset=\"https:\/\/magazine.ideabellezza.it\/wp-content\/uploads\/2025\/10\/Gloss-Matrix.jpg 400w, https:\/\/magazine.ideabellezza.it\/wp-content\/uploads\/2025\/10\/Gloss-Matrix-300x300.jpg 300w, https:\/\/magazine.ideabellezza.it\/wp-content\/uploads\/2025\/10\/Gloss-Matrix-150x150.jpg 150w, https:\/\/magazine.ideabellezza.it\/wp-content\/uploads\/2025\/10\/Gloss-Matrix-370x370.jpg 370w, https:\/\/magazine.ideabellezza.it\/wp-content\/uploads\/2025\/10\/Gloss-Matrix-146x146.jpg 146w\" sizes=\"auto, (max-width: 400px) 100vw, 400px\" \/><\/a><\/figure>\n\n\n\n<div class=\"wp-block-buttons is-content-justification-center is-layout-flex wp-container-core-buttons-is-layout-16018d1d wp-block-buttons-is-layout-flex\">\n<div class=\"wp-block-button has-custom-width wp-block-button__width-100\"><a class=\"wp-block-button__link has-background wp-element-button\" style=\"background-color:#e2007a\">Gloss trasparente<\/a><\/div>\n<\/div>\n<\/div>\n<\/div>\n\n\n\n<p><strong><em>Beauty tip<\/em>:<\/strong> per rendere il trucco gotico semplice e contemporaneo, aggiungi un tocco di <strong><a href=\"https:\/\/www.ideabellezza.it\/make-up\/viso\/illuminanti\/\" target=\"_blank\" rel=\"noreferrer noopener\">illuminante<\/a> freddo<\/strong> sugli zigomi. Smorzer\u00e0 la durezza del look, rendendolo pi\u00f9 equilibrato e chic.<\/p>\n\n\n<div class=\"wp-block-image\">\n<figure class=\"aligncenter size-full\"><img loading=\"lazy\" decoding=\"async\" width=\"900\" height=\"504\" src=\"https:\/\/magazine.ideabellezza.it\/wp-content\/uploads\/2025\/10\/trucco-labbra-dark.jpg\" alt=\"trucco labbra dark\" class=\"wp-image-4273\" title=\"trucco labbra dark\" srcset=\"https:\/\/magazine.ideabellezza.it\/wp-content\/uploads\/2025\/10\/trucco-labbra-dark.jpg 900w, https:\/\/magazine.ideabellezza.it\/wp-content\/uploads\/2025\/10\/trucco-labbra-dark-300x168.jpg 300w, https:\/\/magazine.ideabellezza.it\/wp-content\/uploads\/2025\/10\/trucco-labbra-dark-768x430.jpg 768w, https:\/\/magazine.ideabellezza.it\/wp-content\/uploads\/2025\/10\/trucco-labbra-dark-370x207.jpg 370w, https:\/\/magazine.ideabellezza.it\/wp-content\/uploads\/2025\/10\/trucco-labbra-dark-760x426.jpg 760w, https:\/\/magazine.ideabellezza.it\/wp-content\/uploads\/2025\/10\/trucco-labbra-dark-270x152.jpg 270w\" sizes=\"auto, (max-width: 900px) 100vw, 900px\" \/><\/figure>\n<\/div>\n\n\n<h2 class=\"wp-block-heading\">Come realizzare un trucco dark passo per passo<\/h2>\n\n\n\n<p>Creare un <strong>trucco dark donna<\/strong> impeccabile non \u00e8 complicato se si seguono le giuste fasi:<\/p>\n\n\n\n<p><strong>Step 1 \u2013 <a href=\"https:\/\/www.ideabellezza.it\/make-up\/viso\/\" target=\"_blank\" rel=\"noreferrer noopener\">Trucco viso<\/a><\/strong><\/p>\n\n\n\n<ul class=\"wp-block-list\">\n<li>Detergi e idrata la pelle.<\/li>\n\n\n\n<li>Applica un <strong><a href=\"https:\/\/www.ideabellezza.it\/make-up\/viso\/primer-fissanti\/\" target=\"_blank\" rel=\"noreferrer noopener\">primer viso<\/a> opacizzante<\/strong> per uniformare la grana.<\/li>\n\n\n\n<li>Usa un <strong><a href=\"https:\/\/www.ideabellezza.it\/make-up\/viso\/fondotinta\/\" target=\"_blank\" rel=\"noreferrer noopener\">fondotinta<\/a> matte<\/strong> per un effetto vellutato.<\/li>\n\n\n\n<li>Fissa con <strong><a href=\"https:\/\/www.ideabellezza.it\/make-up\/viso\/ciprie-polveri-libere\/\" target=\"_blank\" rel=\"noreferrer noopener\">cipria<\/a> trasparente<\/strong> per garantire tenuta.<\/li>\n<\/ul>\n\n\n\n<div class=\"wp-block-columns are-vertically-aligned-center is-layout-flex wp-container-core-columns-is-layout-9d6595d7 wp-block-columns-is-layout-flex\">\n<div class=\"wp-block-column is-vertically-aligned-center is-layout-flow wp-block-column-is-layout-flow\">\n<figure class=\"wp-block-image size-full\"><a href=\"https:\/\/www.ideabellezza.it\/not-not-ordinary-treatment-base-opacizzante\/\" target=\"_blank\" rel=\" noreferrer noopener\"><img loading=\"lazy\" decoding=\"async\" width=\"400\" height=\"400\" src=\"https:\/\/magazine.ideabellezza.it\/wp-content\/uploads\/2025\/10\/Not-Not-Ordinary-Treatment-Base-Opacizzante.jpg\" alt=\"Not - Not Ordinary Treatment Base Opacizzante\" class=\"wp-image-4286\" title=\"Not - Not Ordinary Treatment Base Opacizzante\" srcset=\"https:\/\/magazine.ideabellezza.it\/wp-content\/uploads\/2025\/10\/Not-Not-Ordinary-Treatment-Base-Opacizzante.jpg 400w, https:\/\/magazine.ideabellezza.it\/wp-content\/uploads\/2025\/10\/Not-Not-Ordinary-Treatment-Base-Opacizzante-300x300.jpg 300w, https:\/\/magazine.ideabellezza.it\/wp-content\/uploads\/2025\/10\/Not-Not-Ordinary-Treatment-Base-Opacizzante-150x150.jpg 150w, https:\/\/magazine.ideabellezza.it\/wp-content\/uploads\/2025\/10\/Not-Not-Ordinary-Treatment-Base-Opacizzante-370x370.jpg 370w, https:\/\/magazine.ideabellezza.it\/wp-content\/uploads\/2025\/10\/Not-Not-Ordinary-Treatment-Base-Opacizzante-146x146.jpg 146w\" sizes=\"auto, (max-width: 400px) 100vw, 400px\" \/><\/a><\/figure>\n\n\n\n<div class=\"wp-block-buttons is-content-justification-center is-layout-flex wp-container-core-buttons-is-layout-16018d1d wp-block-buttons-is-layout-flex\">\n<div class=\"wp-block-button has-custom-width wp-block-button__width-100\"><a class=\"wp-block-button__link has-background wp-element-button\" style=\"background-color:#e2007a\">Primer opacizzante<\/a><\/div>\n<\/div>\n<\/div>\n\n\n\n<div class=\"wp-block-column is-vertically-aligned-center is-layout-flow wp-block-column-is-layout-flow\">\n<figure class=\"wp-block-image size-full\"><a href=\"https:\/\/www.ideabellezza.it\/dior-forever-fondotinta-mat-clean\/\" target=\"_blank\" rel=\" noreferrer noopener\"><img loading=\"lazy\" decoding=\"async\" width=\"400\" height=\"400\" src=\"https:\/\/magazine.ideabellezza.it\/wp-content\/uploads\/2025\/10\/Dior-Forever-Fondotinta-Mat-Clean.jpg\" alt=\"Dior Forever - Fondotinta Mat Clean\" class=\"wp-image-4287\" title=\"Dior Forever - Fondotinta Mat Clean\" srcset=\"https:\/\/magazine.ideabellezza.it\/wp-content\/uploads\/2025\/10\/Dior-Forever-Fondotinta-Mat-Clean.jpg 400w, https:\/\/magazine.ideabellezza.it\/wp-content\/uploads\/2025\/10\/Dior-Forever-Fondotinta-Mat-Clean-300x300.jpg 300w, https:\/\/magazine.ideabellezza.it\/wp-content\/uploads\/2025\/10\/Dior-Forever-Fondotinta-Mat-Clean-150x150.jpg 150w, https:\/\/magazine.ideabellezza.it\/wp-content\/uploads\/2025\/10\/Dior-Forever-Fondotinta-Mat-Clean-370x370.jpg 370w, https:\/\/magazine.ideabellezza.it\/wp-content\/uploads\/2025\/10\/Dior-Forever-Fondotinta-Mat-Clean-146x146.jpg 146w\" sizes=\"auto, (max-width: 400px) 100vw, 400px\" \/><\/a><\/figure>\n\n\n\n<div class=\"wp-block-buttons is-content-justification-center is-layout-flex wp-container-core-buttons-is-layout-16018d1d wp-block-buttons-is-layout-flex\">\n<div class=\"wp-block-button has-custom-width wp-block-button__width-100\"><a class=\"wp-block-button__link has-background wp-element-button\" style=\"background-color:#e2007a\">Fondotinta matte<\/a><\/div>\n<\/div>\n<\/div>\n\n\n\n<div class=\"wp-block-column is-vertically-aligned-center is-layout-flow wp-block-column-is-layout-flow\">\n<figure class=\"wp-block-image size-full\"><a href=\"https:\/\/www.ideabellezza.it\/setting-powder-cipria-trasparente-fissante-mattificante\/\" target=\"_blank\" rel=\" noreferrer noopener\"><img loading=\"lazy\" decoding=\"async\" width=\"400\" height=\"400\" src=\"https:\/\/magazine.ideabellezza.it\/wp-content\/uploads\/2025\/10\/Setting-Powder-\u2013-Cipria-Trasparente-Fissante-Mattificante.jpg\" alt=\"Setting Powder \u2013 Cipria Trasparente Fissante Mattificante\" class=\"wp-image-4288\" title=\"Setting Powder \u2013 Cipria Trasparente Fissante Mattificante\" srcset=\"https:\/\/magazine.ideabellezza.it\/wp-content\/uploads\/2025\/10\/Setting-Powder-\u2013-Cipria-Trasparente-Fissante-Mattificante.jpg 400w, https:\/\/magazine.ideabellezza.it\/wp-content\/uploads\/2025\/10\/Setting-Powder-\u2013-Cipria-Trasparente-Fissante-Mattificante-300x300.jpg 300w, https:\/\/magazine.ideabellezza.it\/wp-content\/uploads\/2025\/10\/Setting-Powder-\u2013-Cipria-Trasparente-Fissante-Mattificante-150x150.jpg 150w, https:\/\/magazine.ideabellezza.it\/wp-content\/uploads\/2025\/10\/Setting-Powder-\u2013-Cipria-Trasparente-Fissante-Mattificante-370x370.jpg 370w, https:\/\/magazine.ideabellezza.it\/wp-content\/uploads\/2025\/10\/Setting-Powder-\u2013-Cipria-Trasparente-Fissante-Mattificante-146x146.jpg 146w\" sizes=\"auto, (max-width: 400px) 100vw, 400px\" \/><\/a><\/figure>\n\n\n\n<div class=\"wp-block-buttons is-content-justification-center is-layout-flex wp-container-core-buttons-is-layout-16018d1d wp-block-buttons-is-layout-flex\">\n<div class=\"wp-block-button has-custom-width wp-block-button__width-100\"><a class=\"wp-block-button__link has-background wp-element-button\" style=\"background-color:#e2007a\">Cipria trasparente<\/a><\/div>\n<\/div>\n<\/div>\n<\/div>\n\n\n\n<p><strong>Step 2 \u2013 <a href=\"https:\/\/www.ideabellezza.it\/make-up\/occhi\/\" target=\"_blank\" rel=\"noreferrer noopener\">Trucco occhi<\/a><\/strong><\/p>\n\n\n\n<ol start=\"1\" class=\"wp-block-list\">\n<li>Stendi un <strong>primer occhi<\/strong>.<\/li>\n\n\n\n<li>Applica un ombretto scuro sulla palpebra mobile.<\/li>\n\n\n\n<li>Sfuma con un tono pi\u00f9 chiaro nella piega dell\u2019occhio.<\/li>\n\n\n\n<li>Aggiungi <strong>matita nera nella rima interna<\/strong>.<\/li>\n\n\n\n<li>Completa con <a href=\"https:\/\/www.ideabellezza.it\/magazine\/come-applicare-eyeliner-trucchi-e-consigli-utili\/\" target=\"_blank\" rel=\"noreferrer noopener\">l\u2019applicazione di eyeliner liquido<\/a> e <strong>mascara waterproof<\/strong>.<\/li>\n<\/ol>\n\n\n\n<div class=\"wp-block-columns are-vertically-aligned-center is-layout-flex wp-container-core-columns-is-layout-9d6595d7 wp-block-columns-is-layout-flex\">\n<div class=\"wp-block-column is-vertically-aligned-center is-layout-flow wp-block-column-is-layout-flow\">\n<figure class=\"wp-block-image size-full\"><a href=\"https:\/\/www.ideabellezza.it\/eye-fix-primer-base-occhi\/\" target=\"_blank\" rel=\" noreferrer noopener\"><img loading=\"lazy\" decoding=\"async\" width=\"400\" height=\"400\" src=\"https:\/\/magazine.ideabellezza.it\/wp-content\/uploads\/2025\/10\/Eye-fix-Primer-Base-Occhi.jpg\" alt=\"Eye-fix Primer Base Occhi\" class=\"wp-image-4294\" title=\"Eye-fix Primer Base Occhi\" srcset=\"https:\/\/magazine.ideabellezza.it\/wp-content\/uploads\/2025\/10\/Eye-fix-Primer-Base-Occhi.jpg 400w, https:\/\/magazine.ideabellezza.it\/wp-content\/uploads\/2025\/10\/Eye-fix-Primer-Base-Occhi-300x300.jpg 300w, https:\/\/magazine.ideabellezza.it\/wp-content\/uploads\/2025\/10\/Eye-fix-Primer-Base-Occhi-150x150.jpg 150w, https:\/\/magazine.ideabellezza.it\/wp-content\/uploads\/2025\/10\/Eye-fix-Primer-Base-Occhi-370x370.jpg 370w, https:\/\/magazine.ideabellezza.it\/wp-content\/uploads\/2025\/10\/Eye-fix-Primer-Base-Occhi-146x146.jpg 146w\" sizes=\"auto, (max-width: 400px) 100vw, 400px\" \/><\/a><\/figure>\n\n\n\n<div class=\"wp-block-buttons is-content-justification-center is-layout-flex wp-container-core-buttons-is-layout-16018d1d wp-block-buttons-is-layout-flex\">\n<div class=\"wp-block-button has-custom-width wp-block-button__width-100\"><a class=\"wp-block-button__link has-background wp-element-button\" style=\"background-color:#e2007a\">Primer occhi<\/a><\/div>\n<\/div>\n<\/div>\n\n\n\n<div class=\"wp-block-column is-vertically-aligned-center is-layout-flow wp-block-column-is-layout-flow\">\n<figure class=\"wp-block-image size-full\"><a href=\"https:\/\/www.ideabellezza.it\/rebeleyes-matita-occhi-waterproof\/\" target=\"_blank\" rel=\" noreferrer noopener\"><img loading=\"lazy\" decoding=\"async\" width=\"400\" height=\"400\" src=\"https:\/\/magazine.ideabellezza.it\/wp-content\/uploads\/2025\/10\/Rebeleyes-Matita-Occhi-Waterproof.jpg\" alt=\"Rebeleyes - Matita Occhi Waterproof\" class=\"wp-image-4292\" title=\"Rebeleyes - Matita Occhi Waterproof\" srcset=\"https:\/\/magazine.ideabellezza.it\/wp-content\/uploads\/2025\/10\/Rebeleyes-Matita-Occhi-Waterproof.jpg 400w, https:\/\/magazine.ideabellezza.it\/wp-content\/uploads\/2025\/10\/Rebeleyes-Matita-Occhi-Waterproof-300x300.jpg 300w, https:\/\/magazine.ideabellezza.it\/wp-content\/uploads\/2025\/10\/Rebeleyes-Matita-Occhi-Waterproof-150x150.jpg 150w, https:\/\/magazine.ideabellezza.it\/wp-content\/uploads\/2025\/10\/Rebeleyes-Matita-Occhi-Waterproof-370x370.jpg 370w, https:\/\/magazine.ideabellezza.it\/wp-content\/uploads\/2025\/10\/Rebeleyes-Matita-Occhi-Waterproof-146x146.jpg 146w\" sizes=\"auto, (max-width: 400px) 100vw, 400px\" \/><\/a><\/figure>\n\n\n\n<div class=\"wp-block-buttons is-content-justification-center is-layout-flex wp-container-core-buttons-is-layout-16018d1d wp-block-buttons-is-layout-flex\">\n<div class=\"wp-block-button has-custom-width wp-block-button__width-100\"><a class=\"wp-block-button__link has-background wp-element-button\" style=\"background-color:#e2007a\">Matita occhi nera<\/a><\/div>\n<\/div>\n<\/div>\n\n\n\n<div class=\"wp-block-column is-vertically-aligned-center is-layout-flow wp-block-column-is-layout-flow\">\n<figure class=\"wp-block-image size-full\"><a href=\"https:\/\/www.ideabellezza.it\/mascara-sub-aqueo-very-waterproof-141\/\" target=\"_blank\" rel=\" noreferrer noopener\"><img loading=\"lazy\" decoding=\"async\" width=\"400\" height=\"400\" src=\"https:\/\/magazine.ideabellezza.it\/wp-content\/uploads\/2025\/10\/Mascara-Sub-aqueo-Very-Waterproof-141.jpg\" alt=\"Mascara Sub-aqueo Very Waterproof 141\" class=\"wp-image-4293\" title=\"Mascara Sub-aqueo Very Waterproof 141\" srcset=\"https:\/\/magazine.ideabellezza.it\/wp-content\/uploads\/2025\/10\/Mascara-Sub-aqueo-Very-Waterproof-141.jpg 400w, https:\/\/magazine.ideabellezza.it\/wp-content\/uploads\/2025\/10\/Mascara-Sub-aqueo-Very-Waterproof-141-300x300.jpg 300w, https:\/\/magazine.ideabellezza.it\/wp-content\/uploads\/2025\/10\/Mascara-Sub-aqueo-Very-Waterproof-141-150x150.jpg 150w, https:\/\/magazine.ideabellezza.it\/wp-content\/uploads\/2025\/10\/Mascara-Sub-aqueo-Very-Waterproof-141-370x370.jpg 370w, https:\/\/magazine.ideabellezza.it\/wp-content\/uploads\/2025\/10\/Mascara-Sub-aqueo-Very-Waterproof-141-146x146.jpg 146w\" sizes=\"auto, (max-width: 400px) 100vw, 400px\" \/><\/a><\/figure>\n\n\n\n<div class=\"wp-block-buttons is-content-justification-center is-layout-flex wp-container-core-buttons-is-layout-16018d1d wp-block-buttons-is-layout-flex\">\n<div class=\"wp-block-button has-custom-width wp-block-button__width-100\"><a class=\"wp-block-button__link has-background wp-element-button\" style=\"background-color:#e2007a\">Mascara waterproof<\/a><\/div>\n<\/div>\n<\/div>\n<\/div>\n\n\n\n<p><strong>Step 3 \u2013 <a href=\"https:\/\/www.ideabellezza.it\/make-up\/labbra\/\" target=\"_blank\" rel=\"noreferrer noopener\">Trucco labbra<\/a><\/strong><\/p>\n\n\n\n<ul class=\"wp-block-list\">\n<li>Disegna il contorno con una <strong>matita tono su tono<\/strong>.<\/li>\n\n\n\n<li>Passa alla <a href=\"https:\/\/www.ideabellezza.it\/magazine\/come-scegliere-il-colore-giusto-del-rossetto\/\" target=\"_blank\" rel=\"noreferrer noopener\">scelta del colore giusto del rossetto<\/a>, puntando su borgogna o nero.<\/li>\n\n\n\n<li>Per un effetto velluto, tampona con una velina.<\/li>\n<\/ul>\n\n\n\n<div class=\"wp-block-columns are-vertically-aligned-center is-layout-flex wp-container-core-columns-is-layout-9d6595d7 wp-block-columns-is-layout-flex\">\n<div class=\"wp-block-column is-vertically-aligned-center is-layout-flow wp-block-column-is-layout-flow\">\n<figure class=\"wp-block-image size-full\"><a href=\"https:\/\/www.ideabellezza.it\/contour-g-matita-labbra\/\" target=\"_blank\" rel=\" noreferrer noopener\"><img loading=\"lazy\" decoding=\"async\" width=\"400\" height=\"400\" src=\"https:\/\/magazine.ideabellezza.it\/wp-content\/uploads\/2025\/10\/Contour-G-Matita-Labbra.jpg\" alt=\"Contour G Matita Labbra\" class=\"wp-image-4297\" title=\"Contour G Matita Labbra\" srcset=\"https:\/\/magazine.ideabellezza.it\/wp-content\/uploads\/2025\/10\/Contour-G-Matita-Labbra.jpg 400w, https:\/\/magazine.ideabellezza.it\/wp-content\/uploads\/2025\/10\/Contour-G-Matita-Labbra-300x300.jpg 300w, https:\/\/magazine.ideabellezza.it\/wp-content\/uploads\/2025\/10\/Contour-G-Matita-Labbra-150x150.jpg 150w, https:\/\/magazine.ideabellezza.it\/wp-content\/uploads\/2025\/10\/Contour-G-Matita-Labbra-370x370.jpg 370w, https:\/\/magazine.ideabellezza.it\/wp-content\/uploads\/2025\/10\/Contour-G-Matita-Labbra-146x146.jpg 146w\" sizes=\"auto, (max-width: 400px) 100vw, 400px\" \/><\/a><\/figure>\n\n\n\n<div class=\"wp-block-buttons is-content-justification-center is-layout-flex wp-container-core-buttons-is-layout-16018d1d wp-block-buttons-is-layout-flex\">\n<div class=\"wp-block-button has-custom-width wp-block-button__width-100\"><a class=\"wp-block-button__link has-background wp-element-button\" style=\"background-color:#e2007a\">Matita labbra Borgogna<\/a><\/div>\n<\/div>\n<\/div>\n\n\n\n<div class=\"wp-block-column is-vertically-aligned-center is-layout-flow wp-block-column-is-layout-flow\">\n<figure class=\"wp-block-image size-full\"><a href=\"https:\/\/www.ideabellezza.it\/super-stay-vinyl-ink\/\" target=\"_blank\" rel=\" noreferrer noopener\"><img loading=\"lazy\" decoding=\"async\" width=\"400\" height=\"400\" src=\"https:\/\/magazine.ideabellezza.it\/wp-content\/uploads\/2025\/10\/Super-Stay-Vinyl-Ink.jpg\" alt=\"Super Stay - Vinyl Ink\" class=\"wp-image-4296\" title=\"Super Stay - Vinyl Ink\" srcset=\"https:\/\/magazine.ideabellezza.it\/wp-content\/uploads\/2025\/10\/Super-Stay-Vinyl-Ink.jpg 400w, https:\/\/magazine.ideabellezza.it\/wp-content\/uploads\/2025\/10\/Super-Stay-Vinyl-Ink-300x300.jpg 300w, https:\/\/magazine.ideabellezza.it\/wp-content\/uploads\/2025\/10\/Super-Stay-Vinyl-Ink-150x150.jpg 150w, https:\/\/magazine.ideabellezza.it\/wp-content\/uploads\/2025\/10\/Super-Stay-Vinyl-Ink-370x370.jpg 370w, https:\/\/magazine.ideabellezza.it\/wp-content\/uploads\/2025\/10\/Super-Stay-Vinyl-Ink-146x146.jpg 146w\" sizes=\"auto, (max-width: 400px) 100vw, 400px\" \/><\/a><\/figure>\n\n\n\n<div class=\"wp-block-buttons is-content-justification-center is-layout-flex wp-container-core-buttons-is-layout-16018d1d wp-block-buttons-is-layout-flex\">\n<div class=\"wp-block-button has-custom-width wp-block-button__width-100\"><a class=\"wp-block-button__link has-background wp-element-button\" style=\"background-color:#e2007a\">Tinta labbra lunga durata<\/a><\/div>\n<\/div>\n<\/div>\n\n\n\n<div class=\"wp-block-column is-vertically-aligned-center is-layout-flow wp-block-column-is-layout-flow\">\n<figure class=\"wp-block-image size-full\"><a href=\"https:\/\/www.ideabellezza.it\/le-phyto-gloss-gloss\/\" target=\"_blank\" rel=\" noreferrer noopener\"><img loading=\"lazy\" decoding=\"async\" width=\"400\" height=\"400\" src=\"https:\/\/magazine.ideabellezza.it\/wp-content\/uploads\/2025\/10\/Le-Phyto-gloss-Gloss.jpg\" alt=\"Le Phyto-gloss - Gloss\" class=\"wp-image-4295\" title=\"Le Phyto-gloss - Gloss\" srcset=\"https:\/\/magazine.ideabellezza.it\/wp-content\/uploads\/2025\/10\/Le-Phyto-gloss-Gloss.jpg 400w, https:\/\/magazine.ideabellezza.it\/wp-content\/uploads\/2025\/10\/Le-Phyto-gloss-Gloss-300x300.jpg 300w, https:\/\/magazine.ideabellezza.it\/wp-content\/uploads\/2025\/10\/Le-Phyto-gloss-Gloss-150x150.jpg 150w, https:\/\/magazine.ideabellezza.it\/wp-content\/uploads\/2025\/10\/Le-Phyto-gloss-Gloss-370x370.jpg 370w, https:\/\/magazine.ideabellezza.it\/wp-content\/uploads\/2025\/10\/Le-Phyto-gloss-Gloss-146x146.jpg 146w\" sizes=\"auto, (max-width: 400px) 100vw, 400px\" \/><\/a><\/figure>\n\n\n\n<div class=\"wp-block-buttons is-content-justification-center is-layout-flex wp-container-core-buttons-is-layout-16018d1d wp-block-buttons-is-layout-flex\">\n<div class=\"wp-block-button has-custom-width wp-block-button__width-100\"><a class=\"wp-block-button__link has-background wp-element-button\" style=\"background-color:#e2007a\">Lipgloss<\/a><\/div>\n<\/div>\n<\/div>\n<\/div>\n\n\n\n<p><strong><em>Pro tip<\/em>:<\/strong> se desideri un look pi\u00f9 soft, sostituisci il nero con un <strong>marrone profondo<\/strong> e aggiungi un gloss per un finish contemporaneo.<\/p>\n\n\n<div class=\"wp-block-image\">\n<figure class=\"aligncenter size-full\"><a href=\"https:\/\/www.ideabellezza.it\/make-up\/\" target=\"_blank\" rel=\" noreferrer noopener\"><img loading=\"lazy\" decoding=\"async\" width=\"800\" height=\"315\" src=\"https:\/\/magazine.ideabellezza.it\/wp-content\/uploads\/2025\/10\/prodotti-trucco-dark-in-offerta.jpg\" alt=\"prodotti trucco dark in offerta\" class=\"wp-image-4271\" title=\"prodotti trucco dark in offerta\" srcset=\"https:\/\/magazine.ideabellezza.it\/wp-content\/uploads\/2025\/10\/prodotti-trucco-dark-in-offerta.jpg 800w, https:\/\/magazine.ideabellezza.it\/wp-content\/uploads\/2025\/10\/prodotti-trucco-dark-in-offerta-300x118.jpg 300w, https:\/\/magazine.ideabellezza.it\/wp-content\/uploads\/2025\/10\/prodotti-trucco-dark-in-offerta-768x302.jpg 768w, https:\/\/magazine.ideabellezza.it\/wp-content\/uploads\/2025\/10\/prodotti-trucco-dark-in-offerta-370x146.jpg 370w, https:\/\/magazine.ideabellezza.it\/wp-content\/uploads\/2025\/10\/prodotti-trucco-dark-in-offerta-760x299.jpg 760w\" sizes=\"auto, (max-width: 800px) 100vw, 800px\" \/><\/a><\/figure>\n<\/div>\n\n\n<h2 class=\"wp-block-heading\">Prodotti consigliati per un make-up dark perfetto<\/h2>\n\n\n\n<p>Per ottenere un <strong>trucco gotico donna<\/strong> duraturo e armonioso, \u00e8 importante scegliere formule ad alte prestazioni:<\/p>\n\n\n\n<figure class=\"wp-block-table\"><table class=\"has-fixed-layout\"><thead><tr><td><strong>Categoria<\/strong><\/td><td><strong>Prodotto ideale<\/strong><\/td><td><strong>Caratteristica chiave<\/strong><\/td><\/tr><\/thead><tbody><tr><td>Fondotinta<\/td><td>Effetto matte a lunga tenuta<\/td><td>Uniforma e resiste al calore<\/td><\/tr><tr><td>Primer occhi<\/td><td>Formula levigante<\/td><td>Aumenta la durata dell\u2019ombretto<\/td><\/tr><tr><td>Ombretti<\/td><td>Texture vellutata e pigmentata<\/td><td>Intensit\u00e0 e sfumabilit\u00e0<\/td><\/tr><tr><td>Matita nera<\/td><td>Waterproof e cremosa<\/td><td>Definisce senza sbavare<\/td><\/tr><tr><td>Rossetto<\/td><td>Finish matte o satinato<\/td><td>Colore profondo e uniforme<\/td><\/tr><tr><td><a href=\"https:\/\/www.ideabellezza.it\/make-up\/viso\/primer-fissanti\/\" target=\"_blank\" rel=\"noreferrer noopener\">Fissatore spray<\/a><\/td><td>Nebbia leggera e invisibile<\/td><td>Mantiene il make-up intatto<\/td><\/tr><\/tbody><\/table><\/figure>\n\n\n\n<div class=\"wp-block-columns are-vertically-aligned-center is-layout-flex wp-container-core-columns-is-layout-9d6595d7 wp-block-columns-is-layout-flex\">\n<div class=\"wp-block-column is-vertically-aligned-center is-layout-flow wp-block-column-is-layout-flow\">\n<figure class=\"wp-block-image size-full\"><a href=\"https:\/\/www.ideabellezza.it\/sisley-phyto-teint-perfection-fondotinta-opacizzante\/\" target=\"_blank\" rel=\" noreferrer noopener\"><img loading=\"lazy\" decoding=\"async\" width=\"400\" height=\"400\" src=\"https:\/\/magazine.ideabellezza.it\/wp-content\/uploads\/2025\/10\/Sisley-Phyto-teint-Perfection-\u2013-Fondotinta-Opacizzante.jpg\" alt=\"Sisley Phyto-teint Perfection \u2013 Fondotinta Opacizzante\" class=\"wp-image-4300\" title=\"Sisley Phyto-teint Perfection \u2013 Fondotinta Opacizzante\" srcset=\"https:\/\/magazine.ideabellezza.it\/wp-content\/uploads\/2025\/10\/Sisley-Phyto-teint-Perfection-\u2013-Fondotinta-Opacizzante.jpg 400w, https:\/\/magazine.ideabellezza.it\/wp-content\/uploads\/2025\/10\/Sisley-Phyto-teint-Perfection-\u2013-Fondotinta-Opacizzante-300x300.jpg 300w, https:\/\/magazine.ideabellezza.it\/wp-content\/uploads\/2025\/10\/Sisley-Phyto-teint-Perfection-\u2013-Fondotinta-Opacizzante-150x150.jpg 150w, https:\/\/magazine.ideabellezza.it\/wp-content\/uploads\/2025\/10\/Sisley-Phyto-teint-Perfection-\u2013-Fondotinta-Opacizzante-370x370.jpg 370w, https:\/\/magazine.ideabellezza.it\/wp-content\/uploads\/2025\/10\/Sisley-Phyto-teint-Perfection-\u2013-Fondotinta-Opacizzante-146x146.jpg 146w\" sizes=\"auto, (max-width: 400px) 100vw, 400px\" \/><\/a><\/figure>\n\n\n\n<div class=\"wp-block-buttons is-content-justification-center is-layout-flex wp-container-core-buttons-is-layout-16018d1d wp-block-buttons-is-layout-flex\">\n<div class=\"wp-block-button has-custom-width wp-block-button__width-100\"><a class=\"wp-block-button__link has-background wp-element-button\" style=\"background-color:#e2007a\">Fondotinta opacizzante<\/a><\/div>\n<\/div>\n<\/div>\n\n\n\n<div class=\"wp-block-column is-vertically-aligned-center is-layout-flow wp-block-column-is-layout-flow\">\n<figure class=\"wp-block-image size-full\"><a href=\"https:\/\/www.ideabellezza.it\/cutie-palette-wild-berry\/\" target=\"_blank\" rel=\" noreferrer noopener\"><img loading=\"lazy\" decoding=\"async\" width=\"400\" height=\"400\" src=\"https:\/\/magazine.ideabellezza.it\/wp-content\/uploads\/2025\/10\/Cutie-Palette-Wild-Berry.jpg\" alt=\"Cutie Palette Wild Berry\" class=\"wp-image-4299\" title=\"Cutie Palette Wild Berry\" srcset=\"https:\/\/magazine.ideabellezza.it\/wp-content\/uploads\/2025\/10\/Cutie-Palette-Wild-Berry.jpg 400w, https:\/\/magazine.ideabellezza.it\/wp-content\/uploads\/2025\/10\/Cutie-Palette-Wild-Berry-300x300.jpg 300w, https:\/\/magazine.ideabellezza.it\/wp-content\/uploads\/2025\/10\/Cutie-Palette-Wild-Berry-150x150.jpg 150w, https:\/\/magazine.ideabellezza.it\/wp-content\/uploads\/2025\/10\/Cutie-Palette-Wild-Berry-370x370.jpg 370w, https:\/\/magazine.ideabellezza.it\/wp-content\/uploads\/2025\/10\/Cutie-Palette-Wild-Berry-146x146.jpg 146w\" sizes=\"auto, (max-width: 400px) 100vw, 400px\" \/><\/a><\/figure>\n\n\n\n<div class=\"wp-block-buttons is-content-justification-center is-layout-flex wp-container-core-buttons-is-layout-16018d1d wp-block-buttons-is-layout-flex\">\n<div class=\"wp-block-button has-custom-width wp-block-button__width-100\"><a class=\"wp-block-button__link has-background wp-element-button\" style=\"background-color:#e2007a\">Palette occhi<\/a><\/div>\n<\/div>\n<\/div>\n\n\n\n<div class=\"wp-block-column is-vertically-aligned-center is-layout-flow wp-block-column-is-layout-flow\">\n<figure class=\"wp-block-image size-full\"><a href=\"https:\/\/www.ideabellezza.it\/rouge-g-satin-ricarica\/\" target=\"_blank\" rel=\" noreferrer noopener\"><img loading=\"lazy\" decoding=\"async\" width=\"400\" height=\"400\" src=\"https:\/\/magazine.ideabellezza.it\/wp-content\/uploads\/2025\/10\/Rouge-G-Satin-\u2013-Ricarica.jpg\" alt=\"Rouge G Satin \u2013 Ricarica\" class=\"wp-image-4298\" title=\"Rouge G Satin \u2013 Ricarica\" srcset=\"https:\/\/magazine.ideabellezza.it\/wp-content\/uploads\/2025\/10\/Rouge-G-Satin-\u2013-Ricarica.jpg 400w, https:\/\/magazine.ideabellezza.it\/wp-content\/uploads\/2025\/10\/Rouge-G-Satin-\u2013-Ricarica-300x300.jpg 300w, https:\/\/magazine.ideabellezza.it\/wp-content\/uploads\/2025\/10\/Rouge-G-Satin-\u2013-Ricarica-150x150.jpg 150w, https:\/\/magazine.ideabellezza.it\/wp-content\/uploads\/2025\/10\/Rouge-G-Satin-\u2013-Ricarica-370x370.jpg 370w, https:\/\/magazine.ideabellezza.it\/wp-content\/uploads\/2025\/10\/Rouge-G-Satin-\u2013-Ricarica-146x146.jpg 146w\" sizes=\"auto, (max-width: 400px) 100vw, 400px\" \/><\/a><\/figure>\n\n\n\n<div class=\"wp-block-buttons is-content-justification-center is-layout-flex wp-container-core-buttons-is-layout-16018d1d wp-block-buttons-is-layout-flex\">\n<div class=\"wp-block-button has-custom-width wp-block-button__width-100\"><a class=\"wp-block-button__link has-background wp-element-button\" style=\"background-color:#e2007a\">Rossetto satinato<\/a><\/div>\n<\/div>\n<\/div>\n<\/div>\n\n\n\n<p><strong><em>Beauty tip<\/em>:<\/strong> combina texture diverse, come ombretti opachi e rossetti satinati, per creare <strong>contrasti visivi<\/strong> che valorizzano il viso e rendono il trucco dark tridimensionale.<\/p>\n\n\n\n<p>Il <strong>trucco dark donna<\/strong> non \u00e8 solo un look, ma un modo per raccontare se stessi. Elegante, audace e sempre magnetico, questo make-up valorizza ogni volto con intensit\u00e0 e carattere.<br>Che tu preferisca la teatralit\u00e0 del <strong>trucco dark gothic<\/strong> o la raffinatezza di un <strong>trucco gotico semplice<\/strong>, sperimenta texture, colori e contrasti per trovare la tua versione ideale.<br>Su <a href=\"https:\/\/www.ideabellezza.it\/\" target=\"_blank\" rel=\"noreferrer noopener\">IdeaBellezza.it<\/a> ti aspettano tanti <a href=\"https:\/\/www.ideabellezza.it\/make-up\/\" target=\"_blank\" rel=\"noreferrer noopener\">prodotti make-up in offerta<\/a>: rossetti, ombretti e eyeliner dei migliori brand, perfetti per creare il tuo look dark personalizzato. Lasciati ispirare, osa con il colore e illumina l\u2019ombra: il tuo make-up dark perfetto inizia da qui. <\/p>\n\n\n\n<hr class=\"wp-block-separator has-alpha-channel-opacity is-style-wide\"\/>\n\n\n\n<h2 class=\"wp-block-heading\">FAQ \u2013 Domande frequenti sul trucco dark donna<\/h2>\n\n\n\n<div class=\"schema-faq wp-block-yoast-faq-block\"><div class=\"schema-faq-section\" id=\"faq-question-1761816646401\"><h3 class=\"schema-faq-question\"><strong>1. Cos\u2019\u00e8 il trucco dark e perch\u00e9 \u00e8 tornato di moda?<\/strong><\/h3> <p class=\"schema-faq-answer\">Il <strong>trucco dark donna<\/strong> \u00e8 uno stile make-up che punta su colori intensi e contrasti marcati, come ombretti neri, rossetti scuri e basi opache. \u00c8 tornato di tendenza grazie al revival gotico e all\u2019influenza delle passerelle e dei social, che lo hanno reinterpretato in chiave elegante e contemporanea.<\/p> <\/div> <div class=\"schema-faq-section\" id=\"faq-question-1761816655114\"><h3 class=\"schema-faq-question\"><strong>2. Come realizzare un trucco gotico semplice per tutti i giorni?<\/strong><\/h3> <p class=\"schema-faq-answer\">Per un <strong>trucco gotico semplice<\/strong>, basta concentrarsi su un solo elemento del viso. Scegli un <strong>rossetto borgogna o viola scuro<\/strong> e abbinalo a una base luminosa e a un mascara nero intenso. L\u2019effetto sar\u00e0 sofisticato, senza risultare eccessivo.<\/p> <\/div> <div class=\"schema-faq-section\" id=\"faq-question-1761816668884\"><h3 class=\"schema-faq-question\"><strong>3. Quali prodotti servono per un trucco dark gotico perfetto?<\/strong><\/h3> <p class=\"schema-faq-answer\">Per un <strong>trucco dark gothic<\/strong> servono pochi prodotti essenziali:<br\/>-Fondotinta matte a lunga tenuta<br\/>-Ombretti scuri e sfumabili (nero, prugna, grigio fumo)<br\/>-Matita nera waterproof<br\/>-Mascara volumizzante<br\/>-Rossetto scuro o vinaccia<br\/>-Illuminante freddo per dare tridimensionalit\u00e0<\/p> <\/div> <div class=\"schema-faq-section\" id=\"faq-question-1761816691353\"><h3 class=\"schema-faq-question\"><strong>4. Il trucco dark sta bene a tutte le donne?<\/strong><\/h3> <p class=\"schema-faq-answer\">S\u00ec, il <strong>trucco dark donna<\/strong> si adatta a ogni incarnato e stile, basta modulare l\u2019intensit\u00e0. Le pelli chiare risaltano con toni freddi (grigio, viola), mentre quelle ambrate o mediterranee valorizzano i toni caldi come il marrone cioccolato o il bordeaux.<\/p> <\/div> <div class=\"schema-faq-section\" id=\"faq-question-1761816697105\"><h3 class=\"schema-faq-question\"><strong>5. Come evitare che il trucco dark appaia pesante o cupo?<\/strong><\/h3> <p class=\"schema-faq-answer\">Per evitare un effetto troppo marcato, crea un equilibrio tra occhi e labbra: se gli occhi sono molto intensi, lascia le labbra neutre e viceversa. Inoltre, applica un tocco di <strong>illuminante<\/strong> sugli zigomi e nell\u2019angolo interno dell\u2019occhio per ravvivare il make-up.<\/p> <\/div> <div class=\"schema-faq-section\" id=\"faq-question-1761816707366\"><h3 class=\"schema-faq-question\"><strong>6. Quanto dura un trucco dark e come farlo resistere pi\u00f9 a lungo?<\/strong><\/h3> <p class=\"schema-faq-answer\">Un <strong>trucco gotico donna<\/strong> pu\u00f2 durare fino a 12 ore se si utilizzano primer, prodotti waterproof e spray fissante. Per mantenerlo intatto, evita di toccare spesso il viso e porta con te una cipria compatta per ritocchi veloci.<\/p> <\/div> <div class=\"schema-faq-section\" id=\"faq-question-1761816715562\"><h3 class=\"schema-faq-question\"><strong>7. Si pu\u00f2 abbinare il trucco dark ai look da giorno?<\/strong><\/h3> <p class=\"schema-faq-answer\">Assolutamente s\u00ec. Per il giorno, preferisci un <strong>trucco dark soft<\/strong>: ombretti taupe o marroni, eyeliner sfumato e rossetto vinaccia leggero. Di sera, puoi intensificare tutto con toni pi\u00f9 profondi e texture matte.<\/p> <\/div> <div class=\"schema-faq-section\" id=\"faq-question-1761816724561\"><h3 class=\"schema-faq-question\"><strong>8. Dove acquistare i migliori prodotti per il trucco dark?<\/strong><\/h3> <p class=\"schema-faq-answer\">Su <a href=\"https:\/\/www.ideabellezza.it\/\" target=\"_blank\" rel=\"noreferrer noopener\">Idea Bellezza<\/a> trovi tutto il necessario per creare un <strong>trucco dark gothic professionale<\/strong>: palette occhi pigmentate, rossetti intensi, matite waterproof e fondotinta a lunga tenuta delle migliori marche make-up. Tutti i prodotti sono selezionati per garantire performance, qualit\u00e0 e durata impeccabili.<\/p> <\/div> <\/div>\n","protected":false},"excerpt":{"rendered":"<p>Il trucco dark \u00e8 sinonimo di fascino e spiccata personalit\u00e0. Ecco come ricrearlo con i prodotti make-up in vendita su Idea Bellezza.<\/p>\n","protected":false},"author":1,"featured_media":4276,"comment_status":"closed","ping_status":"closed","sticky":true,"template":"","format":"standard","meta":{"footnotes":""},"categories":[16],"tags":[],"class_list":["post-4270","post","type-post","status-publish","format-standard","has-post-thumbnail","hentry","category-passione-make-up"],"yoast_head":"<!-- This site is optimized with the Yoast SEO plugin v25.2 - https:\/\/yoast.com\/wordpress\/plugins\/seo\/ -->\n<title>Trucco dark: idee, look e prodotti per un make-up intenso -<\/title>\n<meta name=\"description\" content=\"Il trucco dark \u00e8 sinonimo di fascino e spiccata personalit\u00e0. Ecco come ricrearlo con i prodotti make-up in vendita su Idea Bellezza.\" \/>\n<meta name=\"robots\" content=\"index, follow, max-snippet:-1, max-image-preview:large, max-video-preview:-1\" \/>\n<link rel=\"canonical\" href=\"https:\/\/www.ideabellezza.it\/magazine\/trucco-dark-idee-look-e-prodotti-per-un-make-up-intenso-e-magnetico\/\" \/>\n<meta property=\"og:locale\" content=\"it_IT\" \/>\n<meta property=\"og:type\" content=\"article\" \/>\n<meta property=\"og:title\" content=\"Trucco dark: idee, look e prodotti per un make-up intenso -\" \/>\n<meta property=\"og:description\" content=\"Il trucco dark \u00e8 sinonimo di fascino e spiccata personalit\u00e0. Ecco come ricrearlo con i prodotti make-up in vendita su Idea Bellezza.\" \/>\n<meta property=\"og:url\" content=\"https:\/\/www.ideabellezza.it\/magazine\/trucco-dark-idee-look-e-prodotti-per-un-make-up-intenso-e-magnetico\/\" \/>\n<meta property=\"article:published_time\" content=\"2025-10-30T15:17:39+00:00\" \/>\n<meta property=\"article:modified_time\" content=\"2025-10-30T15:18:16+00:00\" \/>\n<meta property=\"og:image\" content=\"https:\/\/magazine.ideabellezza.it\/wp-content\/uploads\/2025\/10\/trucco-dark-donna.jpg\" \/>\n\t<meta property=\"og:image:width\" content=\"900\" \/>\n\t<meta property=\"og:image:height\" content=\"700\" \/>\n\t<meta property=\"og:image:type\" content=\"image\/jpeg\" \/>\n<meta name=\"author\" content=\"ideabellezza\" \/>\n<meta name=\"twitter:card\" content=\"summary_large_image\" \/>\n<meta name=\"twitter:label1\" content=\"Scritto da\" \/>\n\t<meta name=\"twitter:data1\" content=\"ideabellezza\" \/>\n\t<meta name=\"twitter:label2\" content=\"Tempo di lettura stimato\" \/>\n\t<meta name=\"twitter:data2\" content=\"13 minuti\" \/>\n<script type=\"application\/ld+json\" class=\"yoast-schema-graph\">{\"@context\":\"https:\/\/schema.org\",\"@graph\":[{\"@type\":[\"WebPage\",\"FAQPage\"],\"@id\":\"https:\/\/magazine.ideabellezza.it\/trucco-dark-idee-look-e-prodotti-per-un-make-up-intenso-e-magnetico\/\",\"url\":\"https:\/\/www.ideabellezza.it\/magazine\/trucco-dark-idee-look-e-prodotti-per-un-make-up-intenso-e-magnetico\/\",\"name\":\"Trucco dark: idee, look e prodotti per un make-up intenso -\",\"isPartOf\":{\"@id\":\"https:\/\/www.ideabellezza.it\/magazine\/#website\"},\"primaryImageOfPage\":{\"@id\":\"https:\/\/www.ideabellezza.it\/magazine\/trucco-dark-idee-look-e-prodotti-per-un-make-up-intenso-e-magnetico\/#primaryimage\"},\"image\":{\"@id\":\"https:\/\/www.ideabellezza.it\/magazine\/trucco-dark-idee-look-e-prodotti-per-un-make-up-intenso-e-magnetico\/#primaryimage\"},\"thumbnailUrl\":\"https:\/\/magazine.ideabellezza.it\/wp-content\/uploads\/2025\/10\/trucco-dark-donna.jpg\",\"datePublished\":\"2025-10-30T15:17:39+00:00\",\"dateModified\":\"2025-10-30T15:18:16+00:00\",\"author\":{\"@id\":\"https:\/\/www.ideabellezza.it\/magazine\/#\/schema\/person\/17b0f47546a3fc5dc1033bb23feffc65\"},\"description\":\"Il trucco dark \u00e8 sinonimo di fascino e spiccata personalit\u00e0. Ecco come ricrearlo con i prodotti make-up in vendita su Idea Bellezza.\",\"mainEntity\":[{\"@id\":\"https:\/\/www.ideabellezza.it\/magazine\/trucco-dark-idee-look-e-prodotti-per-un-make-up-intenso-e-magnetico\/#faq-question-1761816646401\"},{\"@id\":\"https:\/\/www.ideabellezza.it\/magazine\/trucco-dark-idee-look-e-prodotti-per-un-make-up-intenso-e-magnetico\/#faq-question-1761816655114\"},{\"@id\":\"https:\/\/www.ideabellezza.it\/magazine\/trucco-dark-idee-look-e-prodotti-per-un-make-up-intenso-e-magnetico\/#faq-question-1761816668884\"},{\"@id\":\"https:\/\/www.ideabellezza.it\/magazine\/trucco-dark-idee-look-e-prodotti-per-un-make-up-intenso-e-magnetico\/#faq-question-1761816691353\"},{\"@id\":\"https:\/\/www.ideabellezza.it\/magazine\/trucco-dark-idee-look-e-prodotti-per-un-make-up-intenso-e-magnetico\/#faq-question-1761816697105\"},{\"@id\":\"https:\/\/www.ideabellezza.it\/magazine\/trucco-dark-idee-look-e-prodotti-per-un-make-up-intenso-e-magnetico\/#faq-question-1761816707366\"},{\"@id\":\"https:\/\/www.ideabellezza.it\/magazine\/trucco-dark-idee-look-e-prodotti-per-un-make-up-intenso-e-magnetico\/#faq-question-1761816715562\"},{\"@id\":\"https:\/\/www.ideabellezza.it\/magazine\/trucco-dark-idee-look-e-prodotti-per-un-make-up-intenso-e-magnetico\/#faq-question-1761816724561\"}],\"inLanguage\":\"it-IT\",\"potentialAction\":[{\"@type\":\"ReadAction\",\"target\":[\"https:\/\/www.ideabellezza.it\/magazine\/trucco-dark-idee-look-e-prodotti-per-un-make-up-intenso-e-magnetico\/\"]}]},{\"@type\":\"ImageObject\",\"inLanguage\":\"it-IT\",\"@id\":\"https:\/\/www.ideabellezza.it\/magazine\/trucco-dark-idee-look-e-prodotti-per-un-make-up-intenso-e-magnetico\/#primaryimage\",\"url\":\"https:\/\/magazine.ideabellezza.it\/wp-content\/uploads\/2025\/10\/trucco-dark-donna.jpg\",\"contentUrl\":\"https:\/\/magazine.ideabellezza.it\/wp-content\/uploads\/2025\/10\/trucco-dark-donna.jpg\",\"width\":900,\"height\":700,\"caption\":\"trucco dark donna\"},{\"@type\":\"WebSite\",\"@id\":\"https:\/\/www.ideabellezza.it\/magazine\/#website\",\"url\":\"https:\/\/www.ideabellezza.it\/magazine\/\",\"name\":\"\",\"description\":\"\",\"potentialAction\":[{\"@type\":\"SearchAction\",\"target\":{\"@type\":\"EntryPoint\",\"urlTemplate\":\"https:\/\/www.ideabellezza.it\/magazine\/?s={search_term_string}\"},\"query-input\":{\"@type\":\"PropertyValueSpecification\",\"valueRequired\":true,\"valueName\":\"search_term_string\"}}],\"inLanguage\":\"it-IT\"},{\"@type\":\"Person\",\"@id\":\"https:\/\/www.ideabellezza.it\/magazine\/#\/schema\/person\/17b0f47546a3fc5dc1033bb23feffc65\",\"name\":\"ideabellezza\",\"image\":{\"@type\":\"ImageObject\",\"inLanguage\":\"it-IT\",\"@id\":\"https:\/\/www.ideabellezza.it\/magazine\/#\/schema\/person\/image\/\",\"url\":\"https:\/\/secure.gravatar.com\/avatar\/60e318cb6e6de1184d3834661ba9f6209a8d536ae9c769e3662804fd574471a2?s=96&d=mm&r=g\",\"contentUrl\":\"https:\/\/secure.gravatar.com\/avatar\/60e318cb6e6de1184d3834661ba9f6209a8d536ae9c769e3662804fd574471a2?s=96&d=mm&r=g\",\"caption\":\"ideabellezza\"},\"sameAs\":[\"http:\/\/ideabellezza.it\/magazine\/IdeaBellezza\"]},{\"@type\":\"Question\",\"@id\":\"https:\/\/www.ideabellezza.it\/magazine\/trucco-dark-idee-look-e-prodotti-per-un-make-up-intenso-e-magnetico\/#faq-question-1761816646401\",\"position\":1,\"url\":\"https:\/\/www.ideabellezza.it\/magazine\/trucco-dark-idee-look-e-prodotti-per-un-make-up-intenso-e-magnetico\/#faq-question-1761816646401\",\"name\":\"1. Cos\u2019\u00e8 il trucco dark e perch\u00e9 \u00e8 tornato di moda?\",\"answerCount\":1,\"acceptedAnswer\":{\"@type\":\"Answer\",\"text\":\"Il <strong>trucco dark donna<\/strong> \u00e8 uno stile make-up che punta su colori intensi e contrasti marcati, come ombretti neri, rossetti scuri e basi opache. \u00c8 tornato di tendenza grazie al revival gotico e all\u2019influenza delle passerelle e dei social, che lo hanno reinterpretato in chiave elegante e contemporanea.\",\"inLanguage\":\"it-IT\"},\"inLanguage\":\"it-IT\"},{\"@type\":\"Question\",\"@id\":\"https:\/\/www.ideabellezza.it\/magazine\/trucco-dark-idee-look-e-prodotti-per-un-make-up-intenso-e-magnetico\/#faq-question-1761816655114\",\"position\":2,\"url\":\"https:\/\/www.ideabellezza.it\/magazine\/trucco-dark-idee-look-e-prodotti-per-un-make-up-intenso-e-magnetico\/#faq-question-1761816655114\",\"name\":\"2. Come realizzare un trucco gotico semplice per tutti i giorni?\",\"answerCount\":1,\"acceptedAnswer\":{\"@type\":\"Answer\",\"text\":\"Per un <strong>trucco gotico semplice<\/strong>, basta concentrarsi su un solo elemento del viso. Scegli un <strong>rossetto borgogna o viola scuro<\/strong> e abbinalo a una base luminosa e a un mascara nero intenso. L\u2019effetto sar\u00e0 sofisticato, senza risultare eccessivo.\",\"inLanguage\":\"it-IT\"},\"inLanguage\":\"it-IT\"},{\"@type\":\"Question\",\"@id\":\"https:\/\/www.ideabellezza.it\/magazine\/trucco-dark-idee-look-e-prodotti-per-un-make-up-intenso-e-magnetico\/#faq-question-1761816668884\",\"position\":3,\"url\":\"https:\/\/www.ideabellezza.it\/magazine\/trucco-dark-idee-look-e-prodotti-per-un-make-up-intenso-e-magnetico\/#faq-question-1761816668884\",\"name\":\"3. Quali prodotti servono per un trucco dark gotico perfetto?\",\"answerCount\":1,\"acceptedAnswer\":{\"@type\":\"Answer\",\"text\":\"Per un <strong>trucco dark gothic<\/strong> servono pochi prodotti essenziali:<br\/>-Fondotinta matte a lunga tenuta<br\/>-Ombretti scuri e sfumabili (nero, prugna, grigio fumo)<br\/>-Matita nera waterproof<br\/>-Mascara volumizzante<br\/>-Rossetto scuro o vinaccia<br\/>-Illuminante freddo per dare tridimensionalit\u00e0\",\"inLanguage\":\"it-IT\"},\"inLanguage\":\"it-IT\"},{\"@type\":\"Question\",\"@id\":\"https:\/\/www.ideabellezza.it\/magazine\/trucco-dark-idee-look-e-prodotti-per-un-make-up-intenso-e-magnetico\/#faq-question-1761816691353\",\"position\":4,\"url\":\"https:\/\/www.ideabellezza.it\/magazine\/trucco-dark-idee-look-e-prodotti-per-un-make-up-intenso-e-magnetico\/#faq-question-1761816691353\",\"name\":\"4. Il trucco dark sta bene a tutte le donne?\",\"answerCount\":1,\"acceptedAnswer\":{\"@type\":\"Answer\",\"text\":\"S\u00ec, il <strong>trucco dark donna<\/strong> si adatta a ogni incarnato e stile, basta modulare l\u2019intensit\u00e0. Le pelli chiare risaltano con toni freddi (grigio, viola), mentre quelle ambrate o mediterranee valorizzano i toni caldi come il marrone cioccolato o il bordeaux.\",\"inLanguage\":\"it-IT\"},\"inLanguage\":\"it-IT\"},{\"@type\":\"Question\",\"@id\":\"https:\/\/www.ideabellezza.it\/magazine\/trucco-dark-idee-look-e-prodotti-per-un-make-up-intenso-e-magnetico\/#faq-question-1761816697105\",\"position\":5,\"url\":\"https:\/\/www.ideabellezza.it\/magazine\/trucco-dark-idee-look-e-prodotti-per-un-make-up-intenso-e-magnetico\/#faq-question-1761816697105\",\"name\":\"5. Come evitare che il trucco dark appaia pesante o cupo?\",\"answerCount\":1,\"acceptedAnswer\":{\"@type\":\"Answer\",\"text\":\"Per evitare un effetto troppo marcato, crea un equilibrio tra occhi e labbra: se gli occhi sono molto intensi, lascia le labbra neutre e viceversa. Inoltre, applica un tocco di <strong>illuminante<\/strong> sugli zigomi e nell\u2019angolo interno dell\u2019occhio per ravvivare il make-up.\",\"inLanguage\":\"it-IT\"},\"inLanguage\":\"it-IT\"},{\"@type\":\"Question\",\"@id\":\"https:\/\/www.ideabellezza.it\/magazine\/trucco-dark-idee-look-e-prodotti-per-un-make-up-intenso-e-magnetico\/#faq-question-1761816707366\",\"position\":6,\"url\":\"https:\/\/www.ideabellezza.it\/magazine\/trucco-dark-idee-look-e-prodotti-per-un-make-up-intenso-e-magnetico\/#faq-question-1761816707366\",\"name\":\"6. Quanto dura un trucco dark e come farlo resistere pi\u00f9 a lungo?\",\"answerCount\":1,\"acceptedAnswer\":{\"@type\":\"Answer\",\"text\":\"Un <strong>trucco gotico donna<\/strong> pu\u00f2 durare fino a 12 ore se si utilizzano primer, prodotti waterproof e spray fissante. Per mantenerlo intatto, evita di toccare spesso il viso e porta con te una cipria compatta per ritocchi veloci.\",\"inLanguage\":\"it-IT\"},\"inLanguage\":\"it-IT\"},{\"@type\":\"Question\",\"@id\":\"https:\/\/www.ideabellezza.it\/magazine\/trucco-dark-idee-look-e-prodotti-per-un-make-up-intenso-e-magnetico\/#faq-question-1761816715562\",\"position\":7,\"url\":\"https:\/\/www.ideabellezza.it\/magazine\/trucco-dark-idee-look-e-prodotti-per-un-make-up-intenso-e-magnetico\/#faq-question-1761816715562\",\"name\":\"7. Si pu\u00f2 abbinare il trucco dark ai look da giorno?\",\"answerCount\":1,\"acceptedAnswer\":{\"@type\":\"Answer\",\"text\":\"Assolutamente s\u00ec. Per il giorno, preferisci un <strong>trucco dark soft<\/strong>: ombretti taupe o marroni, eyeliner sfumato e rossetto vinaccia leggero. Di sera, puoi intensificare tutto con toni pi\u00f9 profondi e texture matte.\",\"inLanguage\":\"it-IT\"},\"inLanguage\":\"it-IT\"},{\"@type\":\"Question\",\"@id\":\"https:\/\/www.ideabellezza.it\/magazine\/trucco-dark-idee-look-e-prodotti-per-un-make-up-intenso-e-magnetico\/#faq-question-1761816724561\",\"position\":8,\"url\":\"https:\/\/www.ideabellezza.it\/magazine\/trucco-dark-idee-look-e-prodotti-per-un-make-up-intenso-e-magnetico\/#faq-question-1761816724561\",\"name\":\"8. Dove acquistare i migliori prodotti per il trucco dark?\",\"answerCount\":1,\"acceptedAnswer\":{\"@type\":\"Answer\",\"text\":\"Su <a href=\\\"https:\/\/www.ideabellezza.it\/\\\" target=\\\"_blank\\\" rel=\\\"noreferrer noopener\\\">Idea Bellezza<\/a> trovi tutto il necessario per creare un <strong>trucco dark gothic professionale<\/strong>: palette occhi pigmentate, rossetti intensi, matite waterproof e fondotinta a lunga tenuta delle migliori marche make-up. Tutti i prodotti sono selezionati per garantire performance, qualit\u00e0 e durata impeccabili.\",\"inLanguage\":\"it-IT\"},\"inLanguage\":\"it-IT\"}]}<\/script>\n<!-- \/ Yoast SEO plugin. -->","yoast_head_json":{"title":"Trucco dark: idee, look e prodotti per un make-up intenso -","description":"Il trucco dark \u00e8 sinonimo di fascino e spiccata personalit\u00e0. Ecco come ricrearlo con i prodotti make-up in vendita su Idea Bellezza.","robots":{"index":"index","follow":"follow","max-snippet":"max-snippet:-1","max-image-preview":"max-image-preview:large","max-video-preview":"max-video-preview:-1"},"canonical":"https:\/\/www.ideabellezza.it\/magazine\/trucco-dark-idee-look-e-prodotti-per-un-make-up-intenso-e-magnetico\/","og_locale":"it_IT","og_type":"article","og_title":"Trucco dark: idee, look e prodotti per un make-up intenso -","og_description":"Il trucco dark \u00e8 sinonimo di fascino e spiccata personalit\u00e0. Ecco come ricrearlo con i prodotti make-up in vendita su Idea Bellezza.","og_url":"https:\/\/www.ideabellezza.it\/magazine\/trucco-dark-idee-look-e-prodotti-per-un-make-up-intenso-e-magnetico\/","article_published_time":"2025-10-30T15:17:39+00:00","article_modified_time":"2025-10-30T15:18:16+00:00","og_image":[{"width":900,"height":700,"url":"https:\/\/magazine.ideabellezza.it\/wp-content\/uploads\/2025\/10\/trucco-dark-donna.jpg","type":"image\/jpeg"}],"author":"ideabellezza","twitter_card":"summary_large_image","twitter_misc":{"Scritto da":"ideabellezza","Tempo di lettura stimato":"13 minuti"},"schema":{"@context":"https:\/\/schema.org","@graph":[{"@type":["WebPage","FAQPage"],"@id":"https:\/\/magazine.ideabellezza.it\/trucco-dark-idee-look-e-prodotti-per-un-make-up-intenso-e-magnetico\/","url":"https:\/\/www.ideabellezza.it\/magazine\/trucco-dark-idee-look-e-prodotti-per-un-make-up-intenso-e-magnetico\/","name":"Trucco dark: idee, look e prodotti per un make-up intenso -","isPartOf":{"@id":"https:\/\/www.ideabellezza.it\/magazine\/#website"},"primaryImageOfPage":{"@id":"https:\/\/www.ideabellezza.it\/magazine\/trucco-dark-idee-look-e-prodotti-per-un-make-up-intenso-e-magnetico\/#primaryimage"},"image":{"@id":"https:\/\/www.ideabellezza.it\/magazine\/trucco-dark-idee-look-e-prodotti-per-un-make-up-intenso-e-magnetico\/#primaryimage"},"thumbnailUrl":"https:\/\/magazine.ideabellezza.it\/wp-content\/uploads\/2025\/10\/trucco-dark-donna.jpg","datePublished":"2025-10-30T15:17:39+00:00","dateModified":"2025-10-30T15:18:16+00:00","author":{"@id":"https:\/\/www.ideabellezza.it\/magazine\/#\/schema\/person\/17b0f47546a3fc5dc1033bb23feffc65"},"description":"Il trucco dark \u00e8 sinonimo di fascino e spiccata personalit\u00e0. Ecco come ricrearlo con i prodotti make-up in vendita su Idea Bellezza.","mainEntity":[{"@id":"https:\/\/www.ideabellezza.it\/magazine\/trucco-dark-idee-look-e-prodotti-per-un-make-up-intenso-e-magnetico\/#faq-question-1761816646401"},{"@id":"https:\/\/www.ideabellezza.it\/magazine\/trucco-dark-idee-look-e-prodotti-per-un-make-up-intenso-e-magnetico\/#faq-question-1761816655114"},{"@id":"https:\/\/www.ideabellezza.it\/magazine\/trucco-dark-idee-look-e-prodotti-per-un-make-up-intenso-e-magnetico\/#faq-question-1761816668884"},{"@id":"https:\/\/www.ideabellezza.it\/magazine\/trucco-dark-idee-look-e-prodotti-per-un-make-up-intenso-e-magnetico\/#faq-question-1761816691353"},{"@id":"https:\/\/www.ideabellezza.it\/magazine\/trucco-dark-idee-look-e-prodotti-per-un-make-up-intenso-e-magnetico\/#faq-question-1761816697105"},{"@id":"https:\/\/www.ideabellezza.it\/magazine\/trucco-dark-idee-look-e-prodotti-per-un-make-up-intenso-e-magnetico\/#faq-question-1761816707366"},{"@id":"https:\/\/www.ideabellezza.it\/magazine\/trucco-dark-idee-look-e-prodotti-per-un-make-up-intenso-e-magnetico\/#faq-question-1761816715562"},{"@id":"https:\/\/www.ideabellezza.it\/magazine\/trucco-dark-idee-look-e-prodotti-per-un-make-up-intenso-e-magnetico\/#faq-question-1761816724561"}],"inLanguage":"it-IT","potentialAction":[{"@type":"ReadAction","target":["https:\/\/www.ideabellezza.it\/magazine\/trucco-dark-idee-look-e-prodotti-per-un-make-up-intenso-e-magnetico\/"]}]},{"@type":"ImageObject","inLanguage":"it-IT","@id":"https:\/\/www.ideabellezza.it\/magazine\/trucco-dark-idee-look-e-prodotti-per-un-make-up-intenso-e-magnetico\/#primaryimage","url":"https:\/\/magazine.ideabellezza.it\/wp-content\/uploads\/2025\/10\/trucco-dark-donna.jpg","contentUrl":"https:\/\/magazine.ideabellezza.it\/wp-content\/uploads\/2025\/10\/trucco-dark-donna.jpg","width":900,"height":700,"caption":"trucco dark donna"},{"@type":"WebSite","@id":"https:\/\/www.ideabellezza.it\/magazine\/#website","url":"https:\/\/www.ideabellezza.it\/magazine\/","name":"","description":"","potentialAction":[{"@type":"SearchAction","target":{"@type":"EntryPoint","urlTemplate":"https:\/\/www.ideabellezza.it\/magazine\/?s={search_term_string}"},"query-input":{"@type":"PropertyValueSpecification","valueRequired":true,"valueName":"search_term_string"}}],"inLanguage":"it-IT"},{"@type":"Person","@id":"https:\/\/www.ideabellezza.it\/magazine\/#\/schema\/person\/17b0f47546a3fc5dc1033bb23feffc65","name":"ideabellezza","image":{"@type":"ImageObject","inLanguage":"it-IT","@id":"https:\/\/www.ideabellezza.it\/magazine\/#\/schema\/person\/image\/","url":"https:\/\/secure.gravatar.com\/avatar\/60e318cb6e6de1184d3834661ba9f6209a8d536ae9c769e3662804fd574471a2?s=96&d=mm&r=g","contentUrl":"https:\/\/secure.gravatar.com\/avatar\/60e318cb6e6de1184d3834661ba9f6209a8d536ae9c769e3662804fd574471a2?s=96&d=mm&r=g","caption":"ideabellezza"},"sameAs":["http:\/\/ideabellezza.it\/magazine\/IdeaBellezza"]},{"@type":"Question","@id":"https:\/\/www.ideabellezza.it\/magazine\/trucco-dark-idee-look-e-prodotti-per-un-make-up-intenso-e-magnetico\/#faq-question-1761816646401","position":1,"url":"https:\/\/www.ideabellezza.it\/magazine\/trucco-dark-idee-look-e-prodotti-per-un-make-up-intenso-e-magnetico\/#faq-question-1761816646401","name":"1. Cos\u2019\u00e8 il trucco dark e perch\u00e9 \u00e8 tornato di moda?","answerCount":1,"acceptedAnswer":{"@type":"Answer","text":"Il <strong>trucco dark donna<\/strong> \u00e8 uno stile make-up che punta su colori intensi e contrasti marcati, come ombretti neri, rossetti scuri e basi opache. \u00c8 tornato di tendenza grazie al revival gotico e all\u2019influenza delle passerelle e dei social, che lo hanno reinterpretato in chiave elegante e contemporanea.","inLanguage":"it-IT"},"inLanguage":"it-IT"},{"@type":"Question","@id":"https:\/\/www.ideabellezza.it\/magazine\/trucco-dark-idee-look-e-prodotti-per-un-make-up-intenso-e-magnetico\/#faq-question-1761816655114","position":2,"url":"https:\/\/www.ideabellezza.it\/magazine\/trucco-dark-idee-look-e-prodotti-per-un-make-up-intenso-e-magnetico\/#faq-question-1761816655114","name":"2. Come realizzare un trucco gotico semplice per tutti i giorni?","answerCount":1,"acceptedAnswer":{"@type":"Answer","text":"Per un <strong>trucco gotico semplice<\/strong>, basta concentrarsi su un solo elemento del viso. Scegli un <strong>rossetto borgogna o viola scuro<\/strong> e abbinalo a una base luminosa e a un mascara nero intenso. L\u2019effetto sar\u00e0 sofisticato, senza risultare eccessivo.","inLanguage":"it-IT"},"inLanguage":"it-IT"},{"@type":"Question","@id":"https:\/\/www.ideabellezza.it\/magazine\/trucco-dark-idee-look-e-prodotti-per-un-make-up-intenso-e-magnetico\/#faq-question-1761816668884","position":3,"url":"https:\/\/www.ideabellezza.it\/magazine\/trucco-dark-idee-look-e-prodotti-per-un-make-up-intenso-e-magnetico\/#faq-question-1761816668884","name":"3. Quali prodotti servono per un trucco dark gotico perfetto?","answerCount":1,"acceptedAnswer":{"@type":"Answer","text":"Per un <strong>trucco dark gothic<\/strong> servono pochi prodotti essenziali:<br\/>-Fondotinta matte a lunga tenuta<br\/>-Ombretti scuri e sfumabili (nero, prugna, grigio fumo)<br\/>-Matita nera waterproof<br\/>-Mascara volumizzante<br\/>-Rossetto scuro o vinaccia<br\/>-Illuminante freddo per dare tridimensionalit\u00e0","inLanguage":"it-IT"},"inLanguage":"it-IT"},{"@type":"Question","@id":"https:\/\/www.ideabellezza.it\/magazine\/trucco-dark-idee-look-e-prodotti-per-un-make-up-intenso-e-magnetico\/#faq-question-1761816691353","position":4,"url":"https:\/\/www.ideabellezza.it\/magazine\/trucco-dark-idee-look-e-prodotti-per-un-make-up-intenso-e-magnetico\/#faq-question-1761816691353","name":"4. Il trucco dark sta bene a tutte le donne?","answerCount":1,"acceptedAnswer":{"@type":"Answer","text":"S\u00ec, il <strong>trucco dark donna<\/strong> si adatta a ogni incarnato e stile, basta modulare l\u2019intensit\u00e0. Le pelli chiare risaltano con toni freddi (grigio, viola), mentre quelle ambrate o mediterranee valorizzano i toni caldi come il marrone cioccolato o il bordeaux.","inLanguage":"it-IT"},"inLanguage":"it-IT"},{"@type":"Question","@id":"https:\/\/www.ideabellezza.it\/magazine\/trucco-dark-idee-look-e-prodotti-per-un-make-up-intenso-e-magnetico\/#faq-question-1761816697105","position":5,"url":"https:\/\/www.ideabellezza.it\/magazine\/trucco-dark-idee-look-e-prodotti-per-un-make-up-intenso-e-magnetico\/#faq-question-1761816697105","name":"5. Come evitare che il trucco dark appaia pesante o cupo?","answerCount":1,"acceptedAnswer":{"@type":"Answer","text":"Per evitare un effetto troppo marcato, crea un equilibrio tra occhi e labbra: se gli occhi sono molto intensi, lascia le labbra neutre e viceversa. Inoltre, applica un tocco di <strong>illuminante<\/strong> sugli zigomi e nell\u2019angolo interno dell\u2019occhio per ravvivare il make-up.","inLanguage":"it-IT"},"inLanguage":"it-IT"},{"@type":"Question","@id":"https:\/\/www.ideabellezza.it\/magazine\/trucco-dark-idee-look-e-prodotti-per-un-make-up-intenso-e-magnetico\/#faq-question-1761816707366","position":6,"url":"https:\/\/www.ideabellezza.it\/magazine\/trucco-dark-idee-look-e-prodotti-per-un-make-up-intenso-e-magnetico\/#faq-question-1761816707366","name":"6. Quanto dura un trucco dark e come farlo resistere pi\u00f9 a lungo?","answerCount":1,"acceptedAnswer":{"@type":"Answer","text":"Un <strong>trucco gotico donna<\/strong> pu\u00f2 durare fino a 12 ore se si utilizzano primer, prodotti waterproof e spray fissante. Per mantenerlo intatto, evita di toccare spesso il viso e porta con te una cipria compatta per ritocchi veloci.","inLanguage":"it-IT"},"inLanguage":"it-IT"},{"@type":"Question","@id":"https:\/\/www.ideabellezza.it\/magazine\/trucco-dark-idee-look-e-prodotti-per-un-make-up-intenso-e-magnetico\/#faq-question-1761816715562","position":7,"url":"https:\/\/www.ideabellezza.it\/magazine\/trucco-dark-idee-look-e-prodotti-per-un-make-up-intenso-e-magnetico\/#faq-question-1761816715562","name":"7. Si pu\u00f2 abbinare il trucco dark ai look da giorno?","answerCount":1,"acceptedAnswer":{"@type":"Answer","text":"Assolutamente s\u00ec. Per il giorno, preferisci un <strong>trucco dark soft<\/strong>: ombretti taupe o marroni, eyeliner sfumato e rossetto vinaccia leggero. Di sera, puoi intensificare tutto con toni pi\u00f9 profondi e texture matte.","inLanguage":"it-IT"},"inLanguage":"it-IT"},{"@type":"Question","@id":"https:\/\/www.ideabellezza.it\/magazine\/trucco-dark-idee-look-e-prodotti-per-un-make-up-intenso-e-magnetico\/#faq-question-1761816724561","position":8,"url":"https:\/\/www.ideabellezza.it\/magazine\/trucco-dark-idee-look-e-prodotti-per-un-make-up-intenso-e-magnetico\/#faq-question-1761816724561","name":"8. Dove acquistare i migliori prodotti per il trucco dark?","answerCount":1,"acceptedAnswer":{"@type":"Answer","text":"Su <a href=\"https:\/\/www.ideabellezza.it\/\" target=\"_blank\" rel=\"noreferrer noopener\">Idea Bellezza<\/a> trovi tutto il necessario per creare un <strong>trucco dark gothic professionale<\/strong>: palette occhi pigmentate, rossetti intensi, matite waterproof e fondotinta a lunga tenuta delle migliori marche make-up. Tutti i prodotti sono selezionati per garantire performance, qualit\u00e0 e durata impeccabili.","inLanguage":"it-IT"},"inLanguage":"it-IT"}]}},"_links":{"self":[{"href":"https:\/\/www.ideabellezza.it\/magazine\/wp-json\/wp\/v2\/posts\/4270","targetHints":{"allow":["GET"]}}],"collection":[{"href":"https:\/\/www.ideabellezza.it\/magazine\/wp-json\/wp\/v2\/posts"}],"about":[{"href":"https:\/\/www.ideabellezza.it\/magazine\/wp-json\/wp\/v2\/types\/post"}],"author":[{"embeddable":true,"href":"https:\/\/www.ideabellezza.it\/magazine\/wp-json\/wp\/v2\/users\/1"}],"replies":[{"embeddable":true,"href":"https:\/\/www.ideabellezza.it\/magazine\/wp-json\/wp\/v2\/comments?post=4270"}],"version-history":[{"count":2,"href":"https:\/\/www.ideabellezza.it\/magazine\/wp-json\/wp\/v2\/posts\/4270\/revisions"}],"predecessor-version":[{"id":4302,"href":"https:\/\/www.ideabellezza.it\/magazine\/wp-json\/wp\/v2\/posts\/4270\/revisions\/4302"}],"wp:featuredmedia":[{"embeddable":true,"href":"https:\/\/www.ideabellezza.it\/magazine\/wp-json\/wp\/v2\/media\/4276"}],"wp:attachment":[{"href":"https:\/\/www.ideabellezza.it\/magazine\/wp-json\/wp\/v2\/media?parent=4270"}],"wp:term":[{"taxonomy":"category","embeddable":true,"href":"https:\/\/www.ideabellezza.it\/magazine\/wp-json\/wp\/v2\/categories?post=4270"},{"taxonomy":"post_tag","embeddable":true,"href":"https:\/\/www.ideabellezza.it\/magazine\/wp-json\/wp\/v2\/tags?post=4270"}],"curies":[{"name":"wp","href":"https:\/\/api.w.org\/{rel}","templated":true}]}}