{"id":4733,"date":"2026-03-18T14:28:26","date_gmt":"2026-03-18T13:28:26","guid":{"rendered":"https:\/\/magazine.ideabellezza.it\/?p=4733"},"modified":"2026-03-18T14:29:13","modified_gmt":"2026-03-18T13:29:13","slug":"pelle-che-prude-dopo-la-doccia-perche-succede-e-come-idratarla-nel-modo-giusto","status":"publish","type":"post","link":"https:\/\/www.ideabellezza.it\/magazine\/pelle-che-prude-dopo-la-doccia-perche-succede-e-come-idratarla-nel-modo-giusto\/","title":{"rendered":"Pelle che prude dopo la doccia: perch\u00e9 succede e come idratarla nel modo giusto"},"content":{"rendered":"\n<p>Capita a molte persone di uscire dalla doccia e di sentire la pelle che comincia a prudere o a dare una sensazione di tensione e pizzicore nel giro di pochi minuti. Nella maggior parte dei casi non si tratta di una reazione allergica n\u00e9 di una patologia da affrontare con urgenza, ma di un segnale che indica il bisogno di maggiore attenzione della pelle. Capire <strong>perch\u00e9 dopo la doccia mi prude la pelle<\/strong> e cosa fare concretamente \u00e8 il primo passo per interrompere quel ciclo di secchezza e disagio che si ripete ogni giorno. <a href=\"https:\/\/www.ideabellezza.it\/\" target=\"_blank\" rel=\"noreferrer noopener\">Idea Bellezza<\/a> guida attraverso le cause, gli errori da evitare e i prodotti giusti per tornare ad avere una pelle morbida e idratata.<\/p>\n\n\n\n\n\n<figure class=\"wp-block-image size-full\"><img loading=\"lazy\" decoding=\"async\" width=\"900\" height=\"600\" src=\"https:\/\/magazine.ideabellezza.it\/wp-content\/uploads\/2026\/03\/temperatura-doccia.jpg\" alt=\"temperatura doccia\" class=\"wp-image-4753\" title=\"temperatura doccia\" srcset=\"https:\/\/magazine.ideabellezza.it\/wp-content\/uploads\/2026\/03\/temperatura-doccia.jpg 900w, https:\/\/magazine.ideabellezza.it\/wp-content\/uploads\/2026\/03\/temperatura-doccia-300x200.jpg 300w, https:\/\/magazine.ideabellezza.it\/wp-content\/uploads\/2026\/03\/temperatura-doccia-768x512.jpg 768w, https:\/\/magazine.ideabellezza.it\/wp-content\/uploads\/2026\/03\/temperatura-doccia-370x247.jpg 370w, https:\/\/magazine.ideabellezza.it\/wp-content\/uploads\/2026\/03\/temperatura-doccia-760x507.jpg 760w\" sizes=\"auto, (max-width: 900px) 100vw, 900px\" \/><\/figure>\n\n\n\n<h2 class=\"wp-block-heading\">Perch\u00e9 la pelle pu\u00f2 prudere o pizzicare dopo la doccia<\/h2>\n\n\n\n<p>La pelle \u00e8 protetta da un sottile strato chiamato <strong>film idrolipidico<\/strong>: una pellicola composta da acqua, sebo e sostanze lipidiche che mantiene l&#8217;epidermide idratata, elastica e al riparo dagli agenti esterni. Quando questo strato viene compromesso, la pelle perde acqua pi\u00f9 velocemente, si secca, si tende e inizia a inviare segnali di disagio, come il prurito.<\/p>\n\n\n\n<p>Il momento della doccia, se non gestito con attenzione, pu\u00f2 diventare uno dei principali <strong>fattori che alterano l\u2019equilibrio epidermico<\/strong>. L&#8217;acqua stessa, il calore, i prodotti detergenti e persino la modalit\u00e0 di asciugatura contribuiscono a rimuovere o danneggiare la barriera protettiva naturale. Il risultato di una routine sbagliata? Una pelle che, una volta asciutta, reagisce con prurito, pizzicore o quella fastidiosa sensazione di &#8220;pelle tirata&#8221;.<\/p>\n\n\n\n<p>Le cause pi\u00f9 comuni del prurito post-doccia sono:<\/p>\n\n\n\n<ul class=\"wp-block-list\">\n<li><strong>Temperatura dell&#8217;acqua troppo alta<\/strong>: dissolve i lipidi della barriera cutanea<\/li>\n\n\n\n<li><strong>Detergenti con formula aggressiva<\/strong>: rimuovono il sebo naturale in eccesso<\/li>\n\n\n\n<li><strong>Docce troppo lunghe<\/strong>: maggiore \u00e8 il tempo di esposizione all&#8217;acqua, maggiore \u00e8 la perdita di lipidi<\/li>\n\n\n\n<li><strong>Asciugatura vigorosa con l&#8217;asciugamano<\/strong>: lo sfregamento rimuove gli oli residui e irrita l&#8217;epidermide<\/li>\n\n\n\n<li><strong>Acqua calcarea<\/strong>: i minerali depositati sulla pelle (calcio e magnesio) possono irritare<\/li>\n<\/ul>\n\n\n\n<p>In alcuni casi meno comuni il prurito pu\u00f2 essere legato a condizioni come la <strong>xerosi<\/strong> (una forma patologica di pelle secca), l&#8217;<strong>orticaria colinergica<\/strong> (scatenata dall&#8217;aumento di temperatura corporea) o, pi\u00f9 raramente, all&#8217;<strong>orticaria acquagenica<\/strong>. Se il prurito \u00e8 persistente, molto intenso o accompagnato da rossori, vescicole o altre manifestazioni cutanee, \u00e8 sempre opportuno consultare un dermatologo.<\/p>\n\n\n\n<figure class=\"wp-block-image size-full\"><img loading=\"lazy\" decoding=\"async\" width=\"900\" height=\"600\" src=\"https:\/\/magazine.ideabellezza.it\/wp-content\/uploads\/2026\/03\/acqua-troppo-calda-doccia.jpg\" alt=\"acqua troppo calda doccia\" class=\"wp-image-4754\" title=\"acqua troppo calda doccia\" srcset=\"https:\/\/magazine.ideabellezza.it\/wp-content\/uploads\/2026\/03\/acqua-troppo-calda-doccia.jpg 900w, https:\/\/magazine.ideabellezza.it\/wp-content\/uploads\/2026\/03\/acqua-troppo-calda-doccia-300x200.jpg 300w, https:\/\/magazine.ideabellezza.it\/wp-content\/uploads\/2026\/03\/acqua-troppo-calda-doccia-768x512.jpg 768w, https:\/\/magazine.ideabellezza.it\/wp-content\/uploads\/2026\/03\/acqua-troppo-calda-doccia-370x247.jpg 370w, https:\/\/magazine.ideabellezza.it\/wp-content\/uploads\/2026\/03\/acqua-troppo-calda-doccia-760x507.jpg 760w\" sizes=\"auto, (max-width: 900px) 100vw, 900px\" \/><\/figure>\n\n\n\n<h2 class=\"wp-block-heading\">Il legame tra acqua calda e secchezza cutanea<\/h2>\n\n\n\n<p>L&#8217;acqua calda \u00e8 una delle cause pi\u00f9 frequenti del prurito post-doccia, eppure \u00e8 anche quella che viene ignorata pi\u00f9 spesso. A temperature elevate, infatti, <strong>l&#8217;acqua scioglie i lipidi<\/strong> che compongono il film idrolipidico, lo stesso strato protettivo che trattiene l&#8217;umidit\u00e0 nell&#8217;epidermide. Pi\u00f9 l&#8217;acqua \u00e8 calda e pi\u00f9 la doccia dura a lungo, pi\u00f9 questo strato viene eroso.<\/p>\n\n\n\n<p>C\u2019\u00e8 poi da considerare che quando <strong>l&#8217;acqua evapora sulla pelle ancora bagnata<\/strong>, in particolare negli ambienti riscaldati o con bassa umidit\u00e0, porta via con s\u00e9 anche l&#8217;umidit\u00e0 residua presente negli strati pi\u00f9 superficiali dell&#8217;epidermide. La pelle si ritrova cos\u00ec non solo priva di parte dei suoi lipidi protettivi, ma anche privata di acqua in modo diretto.<\/p>\n\n\n\n<p>La temperatura ideale per lavare il corpo senza compromettere la barriera cutanea \u00e8 quella <strong>tiepida<\/strong>, intorno ai 35-38 gradi. Non \u00e8 necessario fare docce fredde: \u00e8 sufficiente ridurre gradualmente la temperatura rispetto a quella abituale e limitare la durata del lavaggio. Anche 5 minuti in meno sotto l&#8217;acqua possono fare una differenza percepibile sulla salute della pelle nel tempo.<\/p>\n\n\n\n<p>Chi soffre gi\u00e0 di <a href=\"https:\/\/www.ideabellezza.it\/magazine\/addio-mani-secche-e-squamose-ecco-i-rimedi-efficaci-per-la-cura-delle-tue-mani\/\" target=\"_blank\" rel=\"noreferrer noopener\">pelle secca sulle mani<\/a>,<strong>dermatite atopica, psoriasi o eczema<\/strong> \u00e8 particolarmente esposto agli effetti negativi dell&#8217;acqua calda: in questi casi l&#8217;esposizione prolungata pu\u00f2 peggiorare significativamente il prurito e la reattivit\u00e0 cutanea.<\/p>\n\n\n\n<figure class=\"wp-block-image size-full\"><img loading=\"lazy\" decoding=\"async\" width=\"900\" height=\"600\" src=\"https:\/\/magazine.ideabellezza.it\/wp-content\/uploads\/2026\/03\/prurito-pelle-dopo-doccia.jpg\" alt=\"prurito pelle dopo doccia\" class=\"wp-image-4755\" title=\"prurito pelle dopo doccia\" srcset=\"https:\/\/magazine.ideabellezza.it\/wp-content\/uploads\/2026\/03\/prurito-pelle-dopo-doccia.jpg 900w, https:\/\/magazine.ideabellezza.it\/wp-content\/uploads\/2026\/03\/prurito-pelle-dopo-doccia-300x200.jpg 300w, https:\/\/magazine.ideabellezza.it\/wp-content\/uploads\/2026\/03\/prurito-pelle-dopo-doccia-768x512.jpg 768w, https:\/\/magazine.ideabellezza.it\/wp-content\/uploads\/2026\/03\/prurito-pelle-dopo-doccia-370x247.jpg 370w, https:\/\/magazine.ideabellezza.it\/wp-content\/uploads\/2026\/03\/prurito-pelle-dopo-doccia-760x507.jpg 760w\" sizes=\"auto, (max-width: 900px) 100vw, 900px\" \/><\/figure>\n\n\n\n<h2 class=\"wp-block-heading\">Quando la pelle ti prude dopo la doccia: cosa sta succedendo<\/h2>\n\n\n\n<p>Quando si avverte quel tipico prurito o pizzicore subito dopo essere usciti dall&#8217;acqua, la pelle sta comunicando che la sua barriera protettiva \u00e8 stata temporaneamente indebolita. Non \u00e8 un segnale da ignorare, n\u00e9 da trattare come un fastidio passeggero: se si ripete ogni giorno, si tratta di un indicatore affidabile del fatto che <strong>qualcosa nella routine della doccia va corretto<\/strong>.<\/p>\n\n\n\n<p>A livello fisiologico, la perdita di lipidi aumenta la <strong>TEWL (Transepidermal Water Loss)<\/strong>, cio\u00e8 la quantit\u00e0 di acqua che evapora attraverso la pelle. Una barriera integra mantiene questa perdita bassa mentre una barriera compromessa lascia che l&#8217;umidit\u00e0 &#8220;scappi&#8221; dagli strati cutanei pi\u00f9 profondi verso l&#8217;esterno. La pelle diventa secca, tesa, reattiva e i recettori del prurito, distribuiti negli strati superficiali dell&#8217;epidermide, iniziano a segnalare il disagio.<\/p>\n\n\n\n<h3 class=\"wp-block-heading\">Dove prude di pi\u00f9 e perch\u00e9<\/h3>\n\n\n\n<p>Le zone del corpo che tendono a prudere di pi\u00f9 dopo la doccia sono quelle dove la pelle \u00e8 pi\u00f9 sottile, dove il contatto con l&#8217;acqua \u00e8 pi\u00f9 diretto o dove la densit\u00e0 di ghiandole sebacee \u00e8 inferiore. In particolare:<\/p>\n\n\n\n<ul class=\"wp-block-list\">\n<li><strong>Gambe e stinchi<\/strong>: la pelle degli arti inferiori ha una densit\u00e0 di ghiandole sebacee pi\u00f9 bassa rispetto al tronco, il che la rende naturalmente pi\u00f9 soggetta alla secchezza<\/li>\n\n\n\n<li><strong>Schiena<\/strong>: zona difficile da raggiungere per l&#8217;idratazione e spesso trascurata nella routine post-doccia<\/li>\n\n\n\n<li><strong>Mani e piedi<\/strong>: a contatto diretto con l&#8217;acqua per tutta la durata della doccia, con una barriera cutanea spessa ma tendenzialmente secca<\/li>\n\n\n\n<li><strong>Cuoio capelluto<\/strong>: il prurito dopo lo shampoo ha le stesse cause (detergenti aggressivi e acqua troppo calda) ma pu\u00f2 indicare anche uno squilibrio del microbioma cutaneo<\/li>\n<\/ul>\n\n\n\n<figure class=\"wp-block-image size-full\"><img loading=\"lazy\" decoding=\"async\" width=\"900\" height=\"600\" src=\"https:\/\/magazine.ideabellezza.it\/wp-content\/uploads\/2026\/03\/prurito-corpo.jpg\" alt=\"prurito corpo\" class=\"wp-image-4756\" title=\"prurito corpo\" srcset=\"https:\/\/magazine.ideabellezza.it\/wp-content\/uploads\/2026\/03\/prurito-corpo.jpg 900w, https:\/\/magazine.ideabellezza.it\/wp-content\/uploads\/2026\/03\/prurito-corpo-300x200.jpg 300w, https:\/\/magazine.ideabellezza.it\/wp-content\/uploads\/2026\/03\/prurito-corpo-768x512.jpg 768w, https:\/\/magazine.ideabellezza.it\/wp-content\/uploads\/2026\/03\/prurito-corpo-370x247.jpg 370w, https:\/\/magazine.ideabellezza.it\/wp-content\/uploads\/2026\/03\/prurito-corpo-760x507.jpg 760w\" sizes=\"auto, (max-width: 900px) 100vw, 900px\" \/><\/figure>\n\n\n\n<h2 class=\"wp-block-heading\">Quando il prurito segnala qualcosa di pi\u00f9<\/h2>\n\n\n\n<p>La maggior parte dei casi di prurito post-doccia si risolve con piccoli accorgimenti e la scelta di prodotti specifici, come <a href=\"https:\/\/www.ideabellezza.it\/magazine\/bagnoschiuma-per-il-prurito-come-scegliere-il-prodotto-giusto\/\" target=\"_blank\" rel=\"noreferrer noopener\">bagnoschiuma per il prurito<\/a>. Vale la pena rivolgersi a un dermatologo quando il prurito \u00e8 molto intenso, non si calma dopo aver applicato una crema idratante, \u00e8 accompagnato da <strong>rossori, eritemi o piccoli rigonfiamenti (pomfi)<\/strong>, oppure persiste da settimane senza migliorare. In questi casi potrebbe essere in gioco un&#8217;orticaria colinergica, una dermatite da contatto o un&#8217;altra condizione che richiede una valutazione specialistica.<\/p>\n\n\n\n<div class=\"wp-block-columns are-vertically-aligned-center is-layout-flex wp-container-core-columns-is-layout-9d6595d7 wp-block-columns-is-layout-flex\">\n<div class=\"wp-block-column is-vertically-aligned-center is-layout-flow wp-block-column-is-layout-flow\">\n<figure class=\"wp-block-image size-full\"><img loading=\"lazy\" decoding=\"async\" width=\"400\" height=\"400\" src=\"https:\/\/magazine.ideabellezza.it\/wp-content\/uploads\/2026\/03\/Ecobio-Bagno-Seta-Mandorla-Di-Sicilia-Delicato.jpg\" alt=\"Bagno Seta Mandorla Di Sicilia\" class=\"wp-image-4737\" title=\"Bagno Seta Mandorla Di Sicilia\" srcset=\"https:\/\/magazine.ideabellezza.it\/wp-content\/uploads\/2026\/03\/Ecobio-Bagno-Seta-Mandorla-Di-Sicilia-Delicato.jpg 400w, https:\/\/magazine.ideabellezza.it\/wp-content\/uploads\/2026\/03\/Ecobio-Bagno-Seta-Mandorla-Di-Sicilia-Delicato-300x300.jpg 300w, https:\/\/magazine.ideabellezza.it\/wp-content\/uploads\/2026\/03\/Ecobio-Bagno-Seta-Mandorla-Di-Sicilia-Delicato-150x150.jpg 150w, https:\/\/magazine.ideabellezza.it\/wp-content\/uploads\/2026\/03\/Ecobio-Bagno-Seta-Mandorla-Di-Sicilia-Delicato-370x370.jpg 370w, https:\/\/magazine.ideabellezza.it\/wp-content\/uploads\/2026\/03\/Ecobio-Bagno-Seta-Mandorla-Di-Sicilia-Delicato-146x146.jpg 146w\" sizes=\"auto, (max-width: 400px) 100vw, 400px\" \/><\/figure>\n\n\n\n<div class=\"wp-block-buttons is-content-justification-center is-layout-flex wp-container-core-buttons-is-layout-16018d1d wp-block-buttons-is-layout-flex\">\n<div class=\"wp-block-button has-custom-width wp-block-button__width-100\"><a class=\"wp-block-button__link has-background wp-element-button\" href=\"https:\/\/www.ideabellezza.it\/ecobio-bagno-seta-mandorla-di-sicilia-delicato\/\" style=\"background-color:#e2007a\" target=\"_blank\" rel=\"noreferrer noopener\">Bagno Seta Mandorla Di Sicilia<\/a><\/div>\n<\/div>\n<\/div>\n\n\n\n<div class=\"wp-block-column is-vertically-aligned-center is-layout-flow wp-block-column-is-layout-flow\">\n<figure class=\"wp-block-image size-full\"><img loading=\"lazy\" decoding=\"async\" width=\"400\" height=\"400\" src=\"https:\/\/magazine.ideabellezza.it\/wp-content\/uploads\/2026\/03\/Argan-Dermo-Bagno-Delicato.jpg\" alt=\"Argan Dermo Bagno Delicato\" class=\"wp-image-4736\" title=\"Argan Dermo Bagno Delicato\" srcset=\"https:\/\/magazine.ideabellezza.it\/wp-content\/uploads\/2026\/03\/Argan-Dermo-Bagno-Delicato.jpg 400w, https:\/\/magazine.ideabellezza.it\/wp-content\/uploads\/2026\/03\/Argan-Dermo-Bagno-Delicato-300x300.jpg 300w, https:\/\/magazine.ideabellezza.it\/wp-content\/uploads\/2026\/03\/Argan-Dermo-Bagno-Delicato-150x150.jpg 150w, https:\/\/magazine.ideabellezza.it\/wp-content\/uploads\/2026\/03\/Argan-Dermo-Bagno-Delicato-370x370.jpg 370w, https:\/\/magazine.ideabellezza.it\/wp-content\/uploads\/2026\/03\/Argan-Dermo-Bagno-Delicato-146x146.jpg 146w\" sizes=\"auto, (max-width: 400px) 100vw, 400px\" \/><\/figure>\n\n\n\n<div class=\"wp-block-buttons is-content-justification-center is-layout-flex wp-container-core-buttons-is-layout-16018d1d wp-block-buttons-is-layout-flex\">\n<div class=\"wp-block-button has-custom-width wp-block-button__width-100\"><a class=\"wp-block-button__link has-background wp-element-button\" href=\"https:\/\/www.ideabellezza.it\/argan-dermo-bagno-delicato\/gente-con-carbone-e-acido-salicidico\/\" style=\"background-color:#e2007a\" target=\"_blank\" rel=\"noreferrer noopener\">Argan Dermo Bagno Delicato<\/a><\/div>\n<\/div>\n<\/div>\n\n\n\n<div class=\"wp-block-column is-vertically-aligned-center is-layout-flow wp-block-column-is-layout-flow\">\n<figure class=\"wp-block-image size-full\"><img loading=\"lazy\" decoding=\"async\" width=\"400\" height=\"400\" src=\"https:\/\/magazine.ideabellezza.it\/wp-content\/uploads\/2026\/03\/Bagno-Schiuma-Erboristico-Al-Karite-Super-Idratante-E-Nutriente.jpg\" alt=\"Bagno Schiuma Erboristico Al Karit\u00e9\" class=\"wp-image-4735\" title=\"Bagno Schiuma Erboristico Al Karit\u00e9\" srcset=\"https:\/\/magazine.ideabellezza.it\/wp-content\/uploads\/2026\/03\/Bagno-Schiuma-Erboristico-Al-Karite-Super-Idratante-E-Nutriente.jpg 400w, https:\/\/magazine.ideabellezza.it\/wp-content\/uploads\/2026\/03\/Bagno-Schiuma-Erboristico-Al-Karite-Super-Idratante-E-Nutriente-300x300.jpg 300w, https:\/\/magazine.ideabellezza.it\/wp-content\/uploads\/2026\/03\/Bagno-Schiuma-Erboristico-Al-Karite-Super-Idratante-E-Nutriente-150x150.jpg 150w, https:\/\/magazine.ideabellezza.it\/wp-content\/uploads\/2026\/03\/Bagno-Schiuma-Erboristico-Al-Karite-Super-Idratante-E-Nutriente-370x370.jpg 370w, https:\/\/magazine.ideabellezza.it\/wp-content\/uploads\/2026\/03\/Bagno-Schiuma-Erboristico-Al-Karite-Super-Idratante-E-Nutriente-146x146.jpg 146w\" sizes=\"auto, (max-width: 400px) 100vw, 400px\" \/><\/figure>\n\n\n\n<div class=\"wp-block-buttons is-content-justification-center is-layout-flex wp-container-core-buttons-is-layout-16018d1d wp-block-buttons-is-layout-flex\">\n<div class=\"wp-block-button has-custom-width wp-block-button__width-100\"><a class=\"wp-block-button__link has-background wp-element-button\" href=\"https:\/\/www.ideabellezza.it\/bagno-schiuma-erboristico-al-karite-super-idratante-e-nutriente\/\" style=\"background-color:#e2007a\" target=\"_blank\" rel=\"noreferrer noopener\">Bagno Schiuma Erboristico Al Karit\u00e9<\/a><\/div>\n<\/div>\n<\/div>\n<\/div>\n\n\n\n<h2 class=\"wp-block-heading\">Detergenti e abitudini che peggiorano la secchezza della pelle<\/h2>\n\n\n\n<p>La scelta del <a href=\"https:\/\/www.ideabellezza.it\/corpo-bagno\/bagno-doccia\/bagnoschiuma\/\" target=\"_blank\" rel=\"noreferrer noopener\">bagnoschiuma<\/a> ha un impatto diretto sulla salute della pelle. Molti <a href=\"https:\/\/www.ideabellezza.it\/corpo-bagno\/bagno-doccia\/gel-doccia\/\" target=\"_blank\" rel=\"noreferrer noopener\">gel doccia<\/a> e <a href=\"https:\/\/www.ideabellezza.it\/corpo-bagno\/bagno-doccia\/sapone\/\" target=\"_blank\" rel=\"noreferrer noopener\">saponi<\/a> tradizionali contengono ingredienti che, per quanto efficaci nel pulire, rimuovono anche i lipidi cutanei in misura eccessiva.<\/p>\n\n\n\n<h3 class=\"wp-block-heading\">Ingredienti da evitare nei detergenti<\/h3>\n\n\n\n<ul class=\"wp-block-list\">\n<li><strong>Solfati (SLS e SLES)<\/strong>: tensioattivi molto schiumogeni ma aggressivi, tra i principali responsabili della perdita del film idrolipidico.<\/li>\n\n\n\n<li><strong>Fragranze sintetiche<\/strong>: possono scatenare reazioni allergiche o dermatiti da contatto sulle pelli sensibili.<\/li>\n\n\n\n<li><strong>Alcool denaturato<\/strong>: presente in alcuni prodotti come conservante, ha un forte effetto essiccante.<\/li>\n\n\n\n<li><strong>Parabeni e conservanti aggressivi<\/strong>: possono irritare le pelli pi\u00f9 sensibili.<\/li>\n<\/ul>\n\n\n\n<h3 class=\"wp-block-heading\">Abitudini che peggiorano la situazione<\/h3>\n\n\n\n<p>Oltre alla scelta del prodotto, ci sono abitudini quotidiane che contribuiscono a peggiorare la secchezza dell\u2019epidermide in modo quasi inconsapevole:<\/p>\n\n\n\n<ul class=\"wp-block-list\">\n<li><strong>Usare l&#8217;asciugamano in modo vigoroso<\/strong>: strofinare la pelle dopo la doccia rimuove gli oli residui e irrita i recettori del prurito. La tecnica corretta consiste nel tamponare senza sfregare.<\/li>\n\n\n\n<li><strong>Aspettare troppo prima di idratare<\/strong>: bisognerebbe applicare la crema corpo entro 3 minuti dall&#8217;asciugatura, quando la pelle \u00e8 ancora leggermente umida e i pori sono pi\u00f9 recettivi.<\/li>\n\n\n\n<li><strong>Usare lo stesso detergente per viso, corpo e capelli<\/strong>: i prodotti multi-uso sono spesso formulati con compromessi che non rispettano le diverse esigenze.<\/li>\n\n\n\n<li><strong>Fare la doccia troppo spesso<\/strong>: lavarsi pi\u00f9 volte al giorno in modo aggressivo stresser\u00e0 inevitabilmente la barriera cutanea.<\/li>\n\n\n\n<li><strong>Dimenticarsi dell&#8217;ammorbidente dei tessuti<\/strong>: talvolta il prurito post-doccia non dipende dall&#8217;acqua ma dall&#8217;asciugamano, trattato con ammorbidenti profumati che possono irritare la pelle.<\/li>\n<\/ul>\n\n\n\n<div class=\"wp-block-columns are-vertically-aligned-center is-layout-flex wp-container-core-columns-is-layout-9d6595d7 wp-block-columns-is-layout-flex\">\n<div class=\"wp-block-column is-vertically-aligned-center is-layout-flow wp-block-column-is-layout-flow\">\n<figure class=\"wp-block-image size-full\"><img loading=\"lazy\" decoding=\"async\" width=\"400\" height=\"400\" src=\"https:\/\/magazine.ideabellezza.it\/wp-content\/uploads\/2026\/03\/Bagno-Solido-Nutriente-Olio-Di-Oliva-Gelsomino.jpg\" alt=\"Bagno Solido Olio Di Oliva\" class=\"wp-image-4740\" title=\"Bagno Solido Olio Di Oliva\" srcset=\"https:\/\/magazine.ideabellezza.it\/wp-content\/uploads\/2026\/03\/Bagno-Solido-Nutriente-Olio-Di-Oliva-Gelsomino.jpg 400w, https:\/\/magazine.ideabellezza.it\/wp-content\/uploads\/2026\/03\/Bagno-Solido-Nutriente-Olio-Di-Oliva-Gelsomino-300x300.jpg 300w, https:\/\/magazine.ideabellezza.it\/wp-content\/uploads\/2026\/03\/Bagno-Solido-Nutriente-Olio-Di-Oliva-Gelsomino-150x150.jpg 150w, https:\/\/magazine.ideabellezza.it\/wp-content\/uploads\/2026\/03\/Bagno-Solido-Nutriente-Olio-Di-Oliva-Gelsomino-370x370.jpg 370w, https:\/\/magazine.ideabellezza.it\/wp-content\/uploads\/2026\/03\/Bagno-Solido-Nutriente-Olio-Di-Oliva-Gelsomino-146x146.jpg 146w\" sizes=\"auto, (max-width: 400px) 100vw, 400px\" \/><\/figure>\n\n\n\n<div class=\"wp-block-buttons is-content-justification-center is-layout-flex wp-container-core-buttons-is-layout-16018d1d wp-block-buttons-is-layout-flex\">\n<div class=\"wp-block-button has-custom-width wp-block-button__width-100\"><a class=\"wp-block-button__link has-background wp-element-button\" href=\"https:\/\/www.ideabellezza.it\/bagno-solido-nutriente-olio-di-oliva-gelsomino\/\" style=\"background-color:#e2007a\" target=\"_blank\" rel=\"noreferrer noopener\">Bagno Solido Olio Di Oliva<\/a><\/div>\n<\/div>\n<\/div>\n\n\n\n<div class=\"wp-block-column is-vertically-aligned-center is-layout-flow wp-block-column-is-layout-flow\">\n<figure class=\"wp-block-image size-full\"><img loading=\"lazy\" decoding=\"async\" width=\"400\" height=\"400\" src=\"https:\/\/magazine.ideabellezza.it\/wp-content\/uploads\/2026\/03\/Verveine-Gel-Douche.jpg\" alt=\"Verveine - Gel Douche\" class=\"wp-image-4739\" title=\"Verveine - Gel Douche\" srcset=\"https:\/\/magazine.ideabellezza.it\/wp-content\/uploads\/2026\/03\/Verveine-Gel-Douche.jpg 400w, https:\/\/magazine.ideabellezza.it\/wp-content\/uploads\/2026\/03\/Verveine-Gel-Douche-300x300.jpg 300w, https:\/\/magazine.ideabellezza.it\/wp-content\/uploads\/2026\/03\/Verveine-Gel-Douche-150x150.jpg 150w, https:\/\/magazine.ideabellezza.it\/wp-content\/uploads\/2026\/03\/Verveine-Gel-Douche-370x370.jpg 370w, https:\/\/magazine.ideabellezza.it\/wp-content\/uploads\/2026\/03\/Verveine-Gel-Douche-146x146.jpg 146w\" sizes=\"auto, (max-width: 400px) 100vw, 400px\" \/><\/figure>\n\n\n\n<div class=\"wp-block-buttons is-content-justification-center is-layout-flex wp-container-core-buttons-is-layout-16018d1d wp-block-buttons-is-layout-flex\">\n<div class=\"wp-block-button has-custom-width wp-block-button__width-100\"><a class=\"wp-block-button__link has-background wp-element-button\" href=\"https:\/\/www.ideabellezza.it\/verveine-gel-douche\/\" style=\"background-color:#e2007a\" target=\"_blank\" rel=\"noreferrer noopener\">Verveine &#8211; Gel Douche<\/a><\/div>\n<\/div>\n<\/div>\n\n\n\n<div class=\"wp-block-column is-vertically-aligned-center is-layout-flow wp-block-column-is-layout-flow\">\n<figure class=\"wp-block-image size-full\"><img loading=\"lazy\" decoding=\"async\" width=\"400\" height=\"400\" src=\"https:\/\/magazine.ideabellezza.it\/wp-content\/uploads\/2026\/03\/Bagnodoccia-Nutrimento-Delicato-Con-Olio-Di-Cocco-E-Mandorle.jpg\" alt=\"Bagnodoccia Delicato Olio Di Cocco\" class=\"wp-image-4738\" title=\"Bagnodoccia Delicato Olio Di Cocco\" srcset=\"https:\/\/magazine.ideabellezza.it\/wp-content\/uploads\/2026\/03\/Bagnodoccia-Nutrimento-Delicato-Con-Olio-Di-Cocco-E-Mandorle.jpg 400w, https:\/\/magazine.ideabellezza.it\/wp-content\/uploads\/2026\/03\/Bagnodoccia-Nutrimento-Delicato-Con-Olio-Di-Cocco-E-Mandorle-300x300.jpg 300w, https:\/\/magazine.ideabellezza.it\/wp-content\/uploads\/2026\/03\/Bagnodoccia-Nutrimento-Delicato-Con-Olio-Di-Cocco-E-Mandorle-150x150.jpg 150w, https:\/\/magazine.ideabellezza.it\/wp-content\/uploads\/2026\/03\/Bagnodoccia-Nutrimento-Delicato-Con-Olio-Di-Cocco-E-Mandorle-370x370.jpg 370w, https:\/\/magazine.ideabellezza.it\/wp-content\/uploads\/2026\/03\/Bagnodoccia-Nutrimento-Delicato-Con-Olio-Di-Cocco-E-Mandorle-146x146.jpg 146w\" sizes=\"auto, (max-width: 400px) 100vw, 400px\" \/><\/figure>\n\n\n\n<div class=\"wp-block-buttons is-content-justification-center is-layout-flex wp-container-core-buttons-is-layout-16018d1d wp-block-buttons-is-layout-flex\">\n<div class=\"wp-block-button has-custom-width wp-block-button__width-100\"><a class=\"wp-block-button__link has-background wp-element-button\" href=\"https:\/\/www.ideabellezza.it\/bagnodoccia-nutrimento-delicato-con-olio-di-cocco-e-mandorle\/\" style=\"background-color:#e2007a\" target=\"_blank\" rel=\"noreferrer noopener\">Bagnodoccia Delicato Olio Di Cocco<\/a><\/div>\n<\/div>\n<\/div>\n<\/div>\n\n\n\n<h2 class=\"wp-block-heading\">Come idratare correttamente la pelle subito dopo la doccia<\/h2>\n\n\n\n<p>Il momento immediatamente successivo alla doccia \u00e8 quello pi\u00f9 importante per l&#8217;idratazione. In questa finestra temporale, che copre idealmente i <strong>2-3 minuti prima dell&#8217;asciugatura<\/strong>, la pelle \u00e8 ancora leggermente umida e la sua temperatura \u00e8 pi\u00f9 alta, condizione che facilita l&#8217;assorbimento dei principi attivi presenti nei prodotti idratanti.<\/p>\n\n\n\n<h3 class=\"wp-block-heading\">Routine step by step per idratare la pelle dopo la doccia<\/h3>\n\n\n\n<ul class=\"wp-block-list\">\n<li><strong>Abbassare la temperatura dell&#8217;acqua negli ultimi 30 secondi<\/strong>: aiuta a chiudere leggermente i pori e riduce l&#8217;arrossamento cutaneo.<\/li>\n\n\n\n<li><strong>Tamponare (non sfregare) con un asciugamano morbido<\/strong>: lasciare la pelle leggermente umida, non completamente asciutta.<\/li>\n\n\n\n<li><strong>Applicare subito un olio corpo o un latte idratante<\/strong>: i lipidi dell&#8217;olio sigillano l&#8217;umidit\u00e0 residua presente sulla pelle, mentre un latte corpo o una crema vanno bene subito dopo.<\/li>\n\n\n\n<li><strong>Massaggiare in senso ascendente<\/strong>: dal basso verso l&#8217;alto, con movimenti circolari, per favorire l&#8217;assorbimento e la microcircolazione.<\/li>\n\n\n\n<li><strong>Non trascurare le zone pi\u00f9 secche<\/strong>: gomiti, ginocchia, talloni e stinchi hanno bisogno di una quantit\u00e0 maggiore di prodotto rispetto al resto del corpo.<\/li>\n<\/ul>\n\n\n\n<p>Per chi soffre di pelle molto secca o con tendenza al prurito, pu\u00f2 essere utile applicare un <strong>olio da doccia<\/strong> o una <a href=\"https:\/\/www.ideabellezza.it\/corpo-bagno\/bagno-doccia\/mousse-doccia\/\" target=\"_blank\" rel=\"noreferrer noopener\">mousse doccia<\/a> gi\u00e0 durante il lavaggio, invece di (o in aggiunta a) un detergente tradizionale. Gli oli doccia nutrono mentre puliscono, lasciando un velo di lipidi sulla pelle che riduce la perdita di umidit\u00e0 gi\u00e0 sotto la doccia.<\/p>\n\n\n\n<div class=\"wp-block-columns are-vertically-aligned-center is-layout-flex wp-container-core-columns-is-layout-9d6595d7 wp-block-columns-is-layout-flex\">\n<div class=\"wp-block-column is-vertically-aligned-center is-layout-flow wp-block-column-is-layout-flow\">\n<figure class=\"wp-block-image size-full\"><img loading=\"lazy\" decoding=\"async\" width=\"400\" height=\"400\" src=\"https:\/\/magazine.ideabellezza.it\/wp-content\/uploads\/2026\/03\/Mousse-Doccia-Con-Olio-Di-Rosa.jpg\" alt=\"Mousse Doccia Con Olio Di Rosa\" class=\"wp-image-4742\" title=\"Mousse Doccia Con Olio Di Rosa\" srcset=\"https:\/\/magazine.ideabellezza.it\/wp-content\/uploads\/2026\/03\/Mousse-Doccia-Con-Olio-Di-Rosa.jpg 400w, https:\/\/magazine.ideabellezza.it\/wp-content\/uploads\/2026\/03\/Mousse-Doccia-Con-Olio-Di-Rosa-300x300.jpg 300w, https:\/\/magazine.ideabellezza.it\/wp-content\/uploads\/2026\/03\/Mousse-Doccia-Con-Olio-Di-Rosa-150x150.jpg 150w, https:\/\/magazine.ideabellezza.it\/wp-content\/uploads\/2026\/03\/Mousse-Doccia-Con-Olio-Di-Rosa-370x370.jpg 370w, https:\/\/magazine.ideabellezza.it\/wp-content\/uploads\/2026\/03\/Mousse-Doccia-Con-Olio-Di-Rosa-146x146.jpg 146w\" sizes=\"auto, (max-width: 400px) 100vw, 400px\" \/><\/figure>\n\n\n\n<div class=\"wp-block-buttons is-content-justification-center is-layout-flex wp-container-core-buttons-is-layout-16018d1d wp-block-buttons-is-layout-flex\">\n<div class=\"wp-block-button has-custom-width wp-block-button__width-100\"><a class=\"wp-block-button__link has-background wp-element-button\" href=\"https:\/\/www.ideabellezza.it\/mousse-doccia-con-olio-di-rosa\/\" style=\"background-color:#e2007a\" target=\"_blank\" rel=\"noreferrer noopener\">Mousse Doccia Con Olio Di Rosa<\/a><\/div>\n<\/div>\n<\/div>\n\n\n\n<div class=\"wp-block-column is-vertically-aligned-center is-layout-flow wp-block-column-is-layout-flow\">\n<figure class=\"wp-block-image size-full\"><img loading=\"lazy\" decoding=\"async\" width=\"400\" height=\"400\" src=\"https:\/\/magazine.ideabellezza.it\/wp-content\/uploads\/2026\/03\/Amande-Huile-De-Douche.jpg\" alt=\"Amande - Huile De Douche\" class=\"wp-image-4743\" title=\"Amande - Huile De Douche\" srcset=\"https:\/\/magazine.ideabellezza.it\/wp-content\/uploads\/2026\/03\/Amande-Huile-De-Douche.jpg 400w, https:\/\/magazine.ideabellezza.it\/wp-content\/uploads\/2026\/03\/Amande-Huile-De-Douche-300x300.jpg 300w, https:\/\/magazine.ideabellezza.it\/wp-content\/uploads\/2026\/03\/Amande-Huile-De-Douche-150x150.jpg 150w, https:\/\/magazine.ideabellezza.it\/wp-content\/uploads\/2026\/03\/Amande-Huile-De-Douche-370x370.jpg 370w, https:\/\/magazine.ideabellezza.it\/wp-content\/uploads\/2026\/03\/Amande-Huile-De-Douche-146x146.jpg 146w\" sizes=\"auto, (max-width: 400px) 100vw, 400px\" \/><\/figure>\n\n\n\n<div class=\"wp-block-buttons is-content-justification-center is-layout-flex wp-container-core-buttons-is-layout-16018d1d wp-block-buttons-is-layout-flex\">\n<div class=\"wp-block-button has-custom-width wp-block-button__width-100\"><a class=\"wp-block-button__link has-background wp-element-button\" href=\"https:\/\/www.ideabellezza.it\/amande-huile-de-douche\/\" style=\"background-color:#e2007a\" target=\"_blank\" rel=\"noreferrer noopener\">Amande &#8211; Huile De Douche<\/a><\/div>\n<\/div>\n<\/div>\n\n\n\n<div class=\"wp-block-column is-vertically-aligned-center is-layout-flow wp-block-column-is-layout-flow\">\n<figure class=\"wp-block-image size-full\"><img loading=\"lazy\" decoding=\"async\" width=\"400\" height=\"400\" src=\"https:\/\/magazine.ideabellezza.it\/wp-content\/uploads\/2026\/03\/Mousse-Doccia-Con-Olio-Di-Cotone.jpg\" alt=\"Mousse Doccia Con Olio Di Cotone\" class=\"wp-image-4741\" title=\"Mousse Doccia Con Olio Di Cotone\" srcset=\"https:\/\/magazine.ideabellezza.it\/wp-content\/uploads\/2026\/03\/Mousse-Doccia-Con-Olio-Di-Cotone.jpg 400w, https:\/\/magazine.ideabellezza.it\/wp-content\/uploads\/2026\/03\/Mousse-Doccia-Con-Olio-Di-Cotone-300x300.jpg 300w, https:\/\/magazine.ideabellezza.it\/wp-content\/uploads\/2026\/03\/Mousse-Doccia-Con-Olio-Di-Cotone-150x150.jpg 150w, https:\/\/magazine.ideabellezza.it\/wp-content\/uploads\/2026\/03\/Mousse-Doccia-Con-Olio-Di-Cotone-370x370.jpg 370w, https:\/\/magazine.ideabellezza.it\/wp-content\/uploads\/2026\/03\/Mousse-Doccia-Con-Olio-Di-Cotone-146x146.jpg 146w\" sizes=\"auto, (max-width: 400px) 100vw, 400px\" \/><\/figure>\n\n\n\n<div class=\"wp-block-buttons is-content-justification-center is-layout-flex wp-container-core-buttons-is-layout-16018d1d wp-block-buttons-is-layout-flex\">\n<div class=\"wp-block-button has-custom-width wp-block-button__width-100\"><a class=\"wp-block-button__link has-background wp-element-button\" href=\"https:\/\/www.ideabellezza.it\/mousse-doccia-idratante-con-olio-di-cotone\/\" style=\"background-color:#e2007a\" target=\"_blank\" rel=\"noreferrer noopener\">Mousse Doccia Con Olio Di Cotone<\/a><\/div>\n<\/div>\n<\/div>\n<\/div>\n\n\n\n<h2 class=\"wp-block-heading\">Quali prodotti aiutano davvero a nutrire la pelle secca<\/h2>\n\n\n\n<p>Non tutti i prodotti idratanti sono uguali e non tutti funzionano allo stesso modo sulle pelli secche. Per scegliere in modo efficace \u00e8 utile conoscere i <strong>principi attivi chiave<\/strong> e capire quale formato \u00e8 pi\u00f9 adatto alle proprie esigenze.<\/p>\n\n\n\n<figure class=\"wp-block-table\"><table class=\"has-fixed-layout\"><tbody><tr><td><strong>Tipo di prodotto<\/strong><strong><\/strong><\/td><td><strong>Principio attivo chiave<\/strong><strong><\/strong><\/td><td><strong>Beneficio principale<\/strong><strong><\/strong><\/td><td><strong>Quando usarlo<\/strong><strong><\/strong><\/td><\/tr><tr><td>Olio corpo<\/td><td>Olio di mandorle, argan, cocco<\/td><td>Ripristina i lipidi e sigilla l&#8217;umidit\u00e0<\/td><td>Subito dopo la doccia, su pelle umida<\/td><\/tr><tr><td>Latte idratante<\/td><td>Glicerina, aloe vera, pantenolo<\/td><td>Idrata in profondit\u00e0, texture leggera<\/td><td>Ogni giorno, dopo l&#8217;asciugatura<\/td><\/tr><tr><td><a href=\"https:\/\/www.ideabellezza.it\/corpo-bagno\/trattamenti-corpo\/crema-idratante\/\" target=\"_blank\" rel=\"noreferrer noopener\">Crema corpo idratante<\/a> e nutriente<\/td><td>Burro di karit\u00e9, ceramidi, vitamina E<\/td><td>Nutre e protegge a lungo le pelli molto secche<\/td><td>Sera, su zone particolarmente secche<\/td><\/tr><tr><td>Olio da doccia o Mousse Doccia<\/td><td>Olio di cocco, olio di mandorle, <a href=\"https:\/\/www.ideabellezza.it\/magazine\/olio-di-argan-proprieta-curative-usi-e-benefici\/\" target=\"_blank\" rel=\"noreferrer noopener\">olio di argan<\/a><\/td><td>Deterge e nutre in un solo passaggio<\/td><td>Durante la doccia, su pelle bagnata<\/td><\/tr><tr><td><a href=\"https:\/\/www.ideabellezza.it\/corpo-bagno\/bagno-doccia\/bagno-doccia\/\" target=\"_blank\" rel=\"noreferrer noopener\">Bagnodoccia<\/a> idratante<\/td><td>Glicerina, acido ialuronico, pH 5.5<\/td><td>Pulisce senza aggredire la barriera cutanea<\/td><td>Come detergente quotidiano<\/td><\/tr><\/tbody><\/table><\/figure>\n\n\n\n<div class=\"wp-block-columns are-vertically-aligned-center is-layout-flex wp-container-core-columns-is-layout-9d6595d7 wp-block-columns-is-layout-flex\">\n<div class=\"wp-block-column is-vertically-aligned-center is-layout-flow wp-block-column-is-layout-flow\">\n<figure class=\"wp-block-image size-full\"><img loading=\"lazy\" decoding=\"async\" width=\"400\" height=\"400\" src=\"https:\/\/magazine.ideabellezza.it\/wp-content\/uploads\/2026\/03\/Olio-Di-Mandorle-Dolci.jpg\" alt=\"Olio Di Mandorle Dolci\" class=\"wp-image-4744\" title=\"Olio Di Mandorle Dolci\" srcset=\"https:\/\/magazine.ideabellezza.it\/wp-content\/uploads\/2026\/03\/Olio-Di-Mandorle-Dolci.jpg 400w, https:\/\/magazine.ideabellezza.it\/wp-content\/uploads\/2026\/03\/Olio-Di-Mandorle-Dolci-300x300.jpg 300w, https:\/\/magazine.ideabellezza.it\/wp-content\/uploads\/2026\/03\/Olio-Di-Mandorle-Dolci-150x150.jpg 150w, https:\/\/magazine.ideabellezza.it\/wp-content\/uploads\/2026\/03\/Olio-Di-Mandorle-Dolci-370x370.jpg 370w, https:\/\/magazine.ideabellezza.it\/wp-content\/uploads\/2026\/03\/Olio-Di-Mandorle-Dolci-146x146.jpg 146w\" sizes=\"auto, (max-width: 400px) 100vw, 400px\" \/><\/figure>\n\n\n\n<div class=\"wp-block-buttons is-content-justification-center is-layout-flex wp-container-core-buttons-is-layout-16018d1d wp-block-buttons-is-layout-flex\">\n<div class=\"wp-block-button has-custom-width wp-block-button__width-100\"><a class=\"wp-block-button__link has-background wp-element-button\" href=\"https:\/\/www.ideabellezza.it\/olio-di-mandorle-dolci-puro-al-100-olio-corpo\/\" style=\"background-color:#e2007a\" target=\"_blank\" rel=\"noreferrer noopener\">Olio Corpo Di Mandorle Dolci<\/a><\/div>\n<\/div>\n<\/div>\n\n\n\n<div class=\"wp-block-column is-vertically-aligned-center is-layout-flow wp-block-column-is-layout-flow\">\n<figure class=\"wp-block-image size-full\"><img loading=\"lazy\" decoding=\"async\" width=\"400\" height=\"400\" src=\"https:\/\/magazine.ideabellezza.it\/wp-content\/uploads\/2026\/03\/Latte-Corpo-Idratante-Bio.jpg\" alt=\"Latte Corpo Idratante Bio\" class=\"wp-image-4745\" title=\"Latte Corpo Idratante Bio\" srcset=\"https:\/\/magazine.ideabellezza.it\/wp-content\/uploads\/2026\/03\/Latte-Corpo-Idratante-Bio.jpg 400w, https:\/\/magazine.ideabellezza.it\/wp-content\/uploads\/2026\/03\/Latte-Corpo-Idratante-Bio-300x300.jpg 300w, https:\/\/magazine.ideabellezza.it\/wp-content\/uploads\/2026\/03\/Latte-Corpo-Idratante-Bio-150x150.jpg 150w, https:\/\/magazine.ideabellezza.it\/wp-content\/uploads\/2026\/03\/Latte-Corpo-Idratante-Bio-370x370.jpg 370w, https:\/\/magazine.ideabellezza.it\/wp-content\/uploads\/2026\/03\/Latte-Corpo-Idratante-Bio-146x146.jpg 146w\" sizes=\"auto, (max-width: 400px) 100vw, 400px\" \/><\/figure>\n\n\n\n<div class=\"wp-block-buttons is-content-justification-center is-layout-flex wp-container-core-buttons-is-layout-16018d1d wp-block-buttons-is-layout-flex\">\n<div class=\"wp-block-button has-custom-width wp-block-button__width-100\"><a class=\"wp-block-button__link has-background wp-element-button\" href=\"https:\/\/www.ideabellezza.it\/latte-corpo-idratante-bio\/\" style=\"background-color:#e2007a\" target=\"_blank\" rel=\"noreferrer noopener\">Latte Corpo Idratante Bio<\/a><\/div>\n<\/div>\n<\/div>\n\n\n\n<div class=\"wp-block-column is-vertically-aligned-center is-layout-flow wp-block-column-is-layout-flow\">\n<figure class=\"wp-block-image size-full\"><img loading=\"lazy\" decoding=\"async\" width=\"400\" height=\"400\" src=\"https:\/\/magazine.ideabellezza.it\/wp-content\/uploads\/2026\/03\/Crema-Corpo-Idratante-Cocco.jpg\" alt=\"Crema Corpo Idratante Cocco\" class=\"wp-image-4746\" title=\"Crema Corpo Idratante Cocco\" srcset=\"https:\/\/magazine.ideabellezza.it\/wp-content\/uploads\/2026\/03\/Crema-Corpo-Idratante-Cocco.jpg 400w, https:\/\/magazine.ideabellezza.it\/wp-content\/uploads\/2026\/03\/Crema-Corpo-Idratante-Cocco-300x300.jpg 300w, https:\/\/magazine.ideabellezza.it\/wp-content\/uploads\/2026\/03\/Crema-Corpo-Idratante-Cocco-150x150.jpg 150w, https:\/\/magazine.ideabellezza.it\/wp-content\/uploads\/2026\/03\/Crema-Corpo-Idratante-Cocco-370x370.jpg 370w, https:\/\/magazine.ideabellezza.it\/wp-content\/uploads\/2026\/03\/Crema-Corpo-Idratante-Cocco-146x146.jpg 146w\" sizes=\"auto, (max-width: 400px) 100vw, 400px\" \/><\/figure>\n\n\n\n<div class=\"wp-block-buttons is-content-justification-center is-layout-flex wp-container-core-buttons-is-layout-16018d1d wp-block-buttons-is-layout-flex\">\n<div class=\"wp-block-button has-custom-width wp-block-button__width-100\"><a class=\"wp-block-button__link has-background wp-element-button\" href=\"https:\/\/www.ideabellezza.it\/crema-corpo-idratante-cocco\/\" style=\"background-color:#e2007a\" target=\"_blank\" rel=\"noreferrer noopener\">Crema Corpo Idratante Cocco<\/a><\/div>\n<\/div>\n<\/div>\n<\/div>\n\n\n\n<h2 class=\"wp-block-heading\">Errori comuni dopo la doccia che disidratano la pelle<\/h2>\n\n\n\n<p>Molte persone affrontano il problema del prurito post-doccia cambiando il detergente o aumentando le applicazioni di crema, senza per\u00f2 intervenire sulle abitudini che continuano a disidratare la pelle ogni giorno. Ecco gli errori pi\u00f9 frequenti e come correggerli.<\/p>\n\n\n\n<h3 class=\"wp-block-heading\">Asciugarsi troppo velocemente e vigorosamente<\/h3>\n\n\n\n<p>Sfregare la pelle con l&#8217;asciugamano \u00e8 il modo pi\u00f9 rapido per irritarla. Lo sfregamento rimuove meccanicamente gli oli presenti sulla superficie cutanea e attiva i recettori del prurito. La soluzione \u00e8 semplice: tamponare delicatamente, lasciando una leggera umidit\u00e0 residua sulla pelle prima di applicare il prodotto idratante.<\/p>\n\n\n\n<h3 class=\"wp-block-heading\">Applicare la crema quando la pelle \u00e8 gi\u00e0 completamente asciutta<\/h3>\n\n\n\n<p>Applicare un idratante su pelle completamente asciutta riduce l&#8217;efficacia del prodotto perch\u00e9 non c&#8217;\u00e8 pi\u00f9 umidit\u00e0 da &#8220;sigillare&#8221;. I migliori risultati si ottengono applicando olio o crema entro 2-3 minuti dall&#8217;asciugatura, quando la pelle \u00e8 ancora tiepida e leggermente umida.<\/p>\n\n\n\n<h3 class=\"wp-block-heading\">Usare prodotti profumati sulle pelli reattive<\/h3>\n\n\n\n<p>Le fragranze sintetiche sono tra i principali responsabili delle reazioni cutanee nelle pelli sensibili. Chi soffre di prurito ricorrente dovrebbe preferire <a href=\"https:\/\/www.ideabellezza.it\/corpo-bagno\/bagno-doccia\/\" target=\"_blank\" rel=\"noreferrer noopener\">prodotti Bagno&amp;Doccia<\/a> con formula <strong>senza profumo<\/strong> o con fragranze naturali in bassa concentrazione. Anche l&#8217;ammorbidente del bucato usato per lavare gli asciugamani pu\u00f2 contribuire al problema: un detersivo neutro e non profumato \u00e8 spesso sufficiente a ridurre le irritazioni.<\/p>\n\n\n\n<h3 class=\"wp-block-heading\">Saltare l&#8217;idratazione in estate<\/h3>\n\n\n\n<p>La pelle si disidrata anche con il caldo. Aria condizionata, esposizione al sole e sudore alterano la barriera cutanea in modo simile al freddo invernale. L&#8217;idratazione post-doccia non \u00e8 una routine stagionale, ma un&#8217;abitudine da mantenere tutto l&#8217;anno, adattando semmai la consistenza del prodotto: pi\u00f9 leggera in estate, pi\u00f9 ricca in inverno.<\/p>\n\n\n\n<figure class=\"wp-block-image size-full\"><img loading=\"lazy\" decoding=\"async\" width=\"900\" height=\"600\" src=\"https:\/\/magazine.ideabellezza.it\/wp-content\/uploads\/2026\/03\/olio-per-il-corpo.jpg\" alt=\"olio per il corpo\" class=\"wp-image-4757\" title=\"olio per il corpo\" srcset=\"https:\/\/magazine.ideabellezza.it\/wp-content\/uploads\/2026\/03\/olio-per-il-corpo.jpg 900w, https:\/\/magazine.ideabellezza.it\/wp-content\/uploads\/2026\/03\/olio-per-il-corpo-300x200.jpg 300w, https:\/\/magazine.ideabellezza.it\/wp-content\/uploads\/2026\/03\/olio-per-il-corpo-768x512.jpg 768w, https:\/\/magazine.ideabellezza.it\/wp-content\/uploads\/2026\/03\/olio-per-il-corpo-370x247.jpg 370w, https:\/\/magazine.ideabellezza.it\/wp-content\/uploads\/2026\/03\/olio-per-il-corpo-760x507.jpg 760w\" sizes=\"auto, (max-width: 900px) 100vw, 900px\" \/><\/figure>\n\n\n\n<h2 class=\"wp-block-heading\">Come mantenere la pelle morbida e idratata pi\u00f9 a lungo<\/h2>\n\n\n\n<p>Risolvere il problema del prurito post-doccia non dipende da un singolo prodotto miracoloso, ma da una routine coerente che agisce su pi\u00f9 livelli: durante la doccia, subito dopo e nel corso della giornata.<\/p>\n\n\n\n<h3 class=\"wp-block-heading\">Dentro la doccia<\/h3>\n\n\n\n<ul class=\"wp-block-list\">\n<li>Usare acqua tiepida (35-38\u00b0C), non calda<\/li>\n\n\n\n<li>Limitare la durata del lavaggio a 5-10 minuti<\/li>\n\n\n\n<li>Scegliere un detergente con pH fisiologico (5-5.5) e senza solfati<\/li>\n\n\n\n<li>Considerare un olio da doccia o una <a href=\"https:\/\/www.ideabellezza.it\/corpo-bagno\/bagno-doccia\/crema-doccia\/\" target=\"_blank\" rel=\"noreferrer noopener\">crema doccia<\/a> al posto del bagnoschiuma tradizionale per le pelli molto secche<\/li>\n<\/ul>\n\n\n\n<div class=\"wp-block-columns are-vertically-aligned-center is-layout-flex wp-container-core-columns-is-layout-9d6595d7 wp-block-columns-is-layout-flex\">\n<div class=\"wp-block-column is-vertically-aligned-center is-layout-flow wp-block-column-is-layout-flow\">\n<figure class=\"wp-block-image size-full\"><img loading=\"lazy\" decoding=\"async\" width=\"400\" height=\"400\" src=\"https:\/\/magazine.ideabellezza.it\/wp-content\/uploads\/2026\/03\/Karite-Crema-Doccia.jpg\" alt=\"Karite Crema Doccia\" class=\"wp-image-4749\" title=\"Karite Crema Doccia\" srcset=\"https:\/\/magazine.ideabellezza.it\/wp-content\/uploads\/2026\/03\/Karite-Crema-Doccia.jpg 400w, https:\/\/magazine.ideabellezza.it\/wp-content\/uploads\/2026\/03\/Karite-Crema-Doccia-300x300.jpg 300w, https:\/\/magazine.ideabellezza.it\/wp-content\/uploads\/2026\/03\/Karite-Crema-Doccia-150x150.jpg 150w, https:\/\/magazine.ideabellezza.it\/wp-content\/uploads\/2026\/03\/Karite-Crema-Doccia-370x370.jpg 370w, https:\/\/magazine.ideabellezza.it\/wp-content\/uploads\/2026\/03\/Karite-Crema-Doccia-146x146.jpg 146w\" sizes=\"auto, (max-width: 400px) 100vw, 400px\" \/><\/figure>\n\n\n\n<div class=\"wp-block-buttons is-content-justification-center is-layout-flex wp-container-core-buttons-is-layout-16018d1d wp-block-buttons-is-layout-flex\">\n<div class=\"wp-block-button has-custom-width wp-block-button__width-100\"><a class=\"wp-block-button__link has-background wp-element-button\" href=\"https:\/\/www.ideabellezza.it\/karite-crema-doccia\/\" style=\"background-color:#e2007a\" target=\"_blank\" rel=\"noreferrer noopener\">Karite Crema Doccia<\/a><\/div>\n<\/div>\n<\/div>\n\n\n\n<div class=\"wp-block-column is-vertically-aligned-center is-layout-flow wp-block-column-is-layout-flow\">\n<figure class=\"wp-block-image size-full\"><img loading=\"lazy\" decoding=\"async\" width=\"400\" height=\"400\" src=\"https:\/\/magazine.ideabellezza.it\/wp-content\/uploads\/2026\/03\/Ecobio-Bagno-Seta-Argan.jpg\" alt=\"Ecobio Bagno Seta Argan\" class=\"wp-image-4748\" title=\"Ecobio Bagno Seta Argan\" srcset=\"https:\/\/magazine.ideabellezza.it\/wp-content\/uploads\/2026\/03\/Ecobio-Bagno-Seta-Argan.jpg 400w, https:\/\/magazine.ideabellezza.it\/wp-content\/uploads\/2026\/03\/Ecobio-Bagno-Seta-Argan-300x300.jpg 300w, https:\/\/magazine.ideabellezza.it\/wp-content\/uploads\/2026\/03\/Ecobio-Bagno-Seta-Argan-150x150.jpg 150w, https:\/\/magazine.ideabellezza.it\/wp-content\/uploads\/2026\/03\/Ecobio-Bagno-Seta-Argan-370x370.jpg 370w, https:\/\/magazine.ideabellezza.it\/wp-content\/uploads\/2026\/03\/Ecobio-Bagno-Seta-Argan-146x146.jpg 146w\" sizes=\"auto, (max-width: 400px) 100vw, 400px\" \/><\/figure>\n\n\n\n<div class=\"wp-block-buttons is-content-justification-center is-layout-flex wp-container-core-buttons-is-layout-16018d1d wp-block-buttons-is-layout-flex\">\n<div class=\"wp-block-button has-custom-width wp-block-button__width-100\"><a class=\"wp-block-button__link has-background wp-element-button\" href=\"https:\/\/www.ideabellezza.it\/ecobio-bagno-seta-argan-del-marocco-nutriente\/\" style=\"background-color:#e2007a\" target=\"_blank\" rel=\"noreferrer noopener\">Ecobio Bagno Seta Argan<\/a><\/div>\n<\/div>\n<\/div>\n\n\n\n<div class=\"wp-block-column is-vertically-aligned-center is-layout-flow wp-block-column-is-layout-flow\">\n<figure class=\"wp-block-image size-full\"><img loading=\"lazy\" decoding=\"async\" width=\"400\" height=\"400\" src=\"https:\/\/magazine.ideabellezza.it\/wp-content\/uploads\/2026\/03\/Olio-Di-Cocco.jpg\" alt=\"Olio Di Cocco\" class=\"wp-image-4747\" title=\"Olio Di Cocco\" srcset=\"https:\/\/magazine.ideabellezza.it\/wp-content\/uploads\/2026\/03\/Olio-Di-Cocco.jpg 400w, https:\/\/magazine.ideabellezza.it\/wp-content\/uploads\/2026\/03\/Olio-Di-Cocco-300x300.jpg 300w, https:\/\/magazine.ideabellezza.it\/wp-content\/uploads\/2026\/03\/Olio-Di-Cocco-150x150.jpg 150w, https:\/\/magazine.ideabellezza.it\/wp-content\/uploads\/2026\/03\/Olio-Di-Cocco-370x370.jpg 370w, https:\/\/magazine.ideabellezza.it\/wp-content\/uploads\/2026\/03\/Olio-Di-Cocco-146x146.jpg 146w\" sizes=\"auto, (max-width: 400px) 100vw, 400px\" \/><\/figure>\n\n\n\n<div class=\"wp-block-buttons is-content-justification-center is-layout-flex wp-container-core-buttons-is-layout-16018d1d wp-block-buttons-is-layout-flex\">\n<div class=\"wp-block-button has-custom-width wp-block-button__width-100\"><a class=\"wp-block-button__link has-background wp-element-button\" href=\"https:\/\/www.ideabellezza.it\/thai-coco-olio-di-cocco\/\" style=\"background-color:#e2007a\" target=\"_blank\" rel=\"noreferrer noopener\">Olio Di Cocco<\/a><\/div>\n<\/div>\n<\/div>\n<\/div>\n\n\n\n<h3 class=\"wp-block-heading\">Subito dopo la doccia<\/h3>\n\n\n\n<ul class=\"wp-block-list\">\n<li>Tamponare la pelle senza sfregare<\/li>\n\n\n\n<li>Applicare un <a href=\"https:\/\/www.ideabellezza.it\/corpo-bagno\/trattamenti-corpo\/olio\/\" target=\"_blank\" rel=\"noreferrer noopener\">olio corpo<\/a> o un <a href=\"https:\/\/www.ideabellezza.it\/corpo-bagno\/trattamenti-corpo\/latte-idratante\/\" target=\"_blank\" rel=\"noreferrer noopener\">latte idratante<\/a> entro 2-3 minuti<\/li>\n\n\n\n<li>Dedicare attenzione extra a gomiti, ginocchia, stinchi e talloni<\/li>\n<\/ul>\n\n\n\n<div class=\"wp-block-columns are-vertically-aligned-center is-layout-flex wp-container-core-columns-is-layout-9d6595d7 wp-block-columns-is-layout-flex\">\n<div class=\"wp-block-column is-vertically-aligned-center is-layout-flow wp-block-column-is-layout-flow\">\n<figure class=\"wp-block-image size-full\"><img loading=\"lazy\" decoding=\"async\" width=\"400\" height=\"400\" src=\"https:\/\/magazine.ideabellezza.it\/wp-content\/uploads\/2026\/03\/Olio-Corpo-Ulivo-Ligure.jpg\" alt=\"Olio Corpo Ulivo Ligure\" class=\"wp-image-4750\" title=\"Olio Corpo Ulivo Ligure\" srcset=\"https:\/\/magazine.ideabellezza.it\/wp-content\/uploads\/2026\/03\/Olio-Corpo-Ulivo-Ligure.jpg 400w, https:\/\/magazine.ideabellezza.it\/wp-content\/uploads\/2026\/03\/Olio-Corpo-Ulivo-Ligure-300x300.jpg 300w, https:\/\/magazine.ideabellezza.it\/wp-content\/uploads\/2026\/03\/Olio-Corpo-Ulivo-Ligure-150x150.jpg 150w, https:\/\/magazine.ideabellezza.it\/wp-content\/uploads\/2026\/03\/Olio-Corpo-Ulivo-Ligure-370x370.jpg 370w, https:\/\/magazine.ideabellezza.it\/wp-content\/uploads\/2026\/03\/Olio-Corpo-Ulivo-Ligure-146x146.jpg 146w\" sizes=\"auto, (max-width: 400px) 100vw, 400px\" \/><\/figure>\n\n\n\n<div class=\"wp-block-buttons is-content-justification-center is-layout-flex wp-container-core-buttons-is-layout-16018d1d wp-block-buttons-is-layout-flex\">\n<div class=\"wp-block-button has-custom-width wp-block-button__width-100\"><a class=\"wp-block-button__link has-background wp-element-button\" href=\"https:\/\/www.ideabellezza.it\/olio-corpo-capelli-ulivo-ligure-emolliente-pelli-sensibili\/\" style=\"background-color:#e2007a\" target=\"_blank\" rel=\"noreferrer noopener\">Olio Corpo Ulivo Ligure<\/a><\/div>\n<\/div>\n<\/div>\n\n\n\n<div class=\"wp-block-column is-vertically-aligned-center is-layout-flow wp-block-column-is-layout-flow\">\n<figure class=\"wp-block-image size-full\"><img loading=\"lazy\" decoding=\"async\" width=\"400\" height=\"400\" src=\"https:\/\/magazine.ideabellezza.it\/wp-content\/uploads\/2026\/03\/Beurre-De-Karite-Pure-Bio.jpg\" alt=\"Beurre De Karite Pure Bio\" class=\"wp-image-4751\" title=\"Beurre De Karite Pure Bio\" srcset=\"https:\/\/magazine.ideabellezza.it\/wp-content\/uploads\/2026\/03\/Beurre-De-Karite-Pure-Bio.jpg 400w, https:\/\/magazine.ideabellezza.it\/wp-content\/uploads\/2026\/03\/Beurre-De-Karite-Pure-Bio-300x300.jpg 300w, https:\/\/magazine.ideabellezza.it\/wp-content\/uploads\/2026\/03\/Beurre-De-Karite-Pure-Bio-150x150.jpg 150w, https:\/\/magazine.ideabellezza.it\/wp-content\/uploads\/2026\/03\/Beurre-De-Karite-Pure-Bio-370x370.jpg 370w, https:\/\/magazine.ideabellezza.it\/wp-content\/uploads\/2026\/03\/Beurre-De-Karite-Pure-Bio-146x146.jpg 146w\" sizes=\"auto, (max-width: 400px) 100vw, 400px\" \/><\/figure>\n\n\n\n<div class=\"wp-block-buttons is-content-justification-center is-layout-flex wp-container-core-buttons-is-layout-16018d1d wp-block-buttons-is-layout-flex\">\n<div class=\"wp-block-button has-custom-width wp-block-button__width-100\"><a class=\"wp-block-button__link has-background wp-element-button\" href=\"https:\/\/www.ideabellezza.it\/beurre-de-karite-pure-bio\/\" style=\"background-color:#e2007a\" target=\"_blank\" rel=\"noreferrer noopener\">Beurre De Karite Pure Bio<\/a><\/div>\n<\/div>\n<\/div>\n\n\n\n<div class=\"wp-block-column is-vertically-aligned-center is-layout-flow wp-block-column-is-layout-flow\">\n<figure class=\"wp-block-image size-full\"><img loading=\"lazy\" decoding=\"async\" width=\"400\" height=\"400\" src=\"https:\/\/magazine.ideabellezza.it\/wp-content\/uploads\/2026\/03\/Aloe-Lenitiva-Lozione-Corpo.jpg\" alt=\"Aloe Lenitiva - Lozione Corpo\" class=\"wp-image-4752\" title=\"Aloe Lenitiva - Lozione Corpo\" srcset=\"https:\/\/magazine.ideabellezza.it\/wp-content\/uploads\/2026\/03\/Aloe-Lenitiva-Lozione-Corpo.jpg 400w, https:\/\/magazine.ideabellezza.it\/wp-content\/uploads\/2026\/03\/Aloe-Lenitiva-Lozione-Corpo-300x300.jpg 300w, https:\/\/magazine.ideabellezza.it\/wp-content\/uploads\/2026\/03\/Aloe-Lenitiva-Lozione-Corpo-150x150.jpg 150w, https:\/\/magazine.ideabellezza.it\/wp-content\/uploads\/2026\/03\/Aloe-Lenitiva-Lozione-Corpo-370x370.jpg 370w, https:\/\/magazine.ideabellezza.it\/wp-content\/uploads\/2026\/03\/Aloe-Lenitiva-Lozione-Corpo-146x146.jpg 146w\" sizes=\"auto, (max-width: 400px) 100vw, 400px\" \/><\/figure>\n\n\n\n<div class=\"wp-block-buttons is-content-justification-center is-layout-flex wp-container-core-buttons-is-layout-16018d1d wp-block-buttons-is-layout-flex\">\n<div class=\"wp-block-button has-custom-width wp-block-button__width-100\"><a class=\"wp-block-button__link has-background wp-element-button\" href=\"https:\/\/www.ideabellezza.it\/aloe-lenitiva-lozione-corpo\/\" style=\"background-color:#e2007a\" target=\"_blank\" rel=\"noreferrer noopener\">Aloe Lenitiva &#8211; Lozione Corpo<\/a><\/div>\n<\/div>\n<\/div>\n<\/div>\n\n\n\n<h3 class=\"wp-block-heading\">Nel corso della giornata<\/h3>\n\n\n\n<ul class=\"wp-block-list\">\n<li>Bere almeno 1,5-2 litri d&#8217;acqua al giorno: l&#8217;idratazione cutanea parte dall&#8217;interno<\/li>\n\n\n\n<li>Evitare di stare troppo a lungo in ambienti con riscaldamento o aria condizionata molto secchi<\/li>\n\n\n\n<li>Considerare l&#8217;uso di un umidificatore in casa durante i mesi invernali<\/li>\n\n\n\n<li>Preferire tessuti naturali come cotone e lino a contatto con la pelle<\/li>\n<\/ul>\n\n\n\n<p>Con una routine ben costruita e i <a href=\"https:\/\/www.ideabellezza.it\/corpo-bagno\/\" target=\"_blank\" rel=\"noreferrer noopener\">prodotti Corpo&amp;Bagno<\/a> giusti disponibili su <strong>Idea Bellezza<\/strong>, \u00e8 possibile ridurre significativamente il prurito post-doccia e ritrovare una pelle morbida, confortevole e ben idratata in poche settimane. Scopri su <strong>Idea Bellezza<\/strong> la selezione completa di <strong><a href=\"https:\/\/www.ideabellezza.it\/corpo-bagno\/trattamenti-corpo\/lozione-corpo\/\" target=\"_blank\" rel=\"noreferrer noopener\">lozioni corpo<\/a>, latti idratanti, oli corpo e <a href=\"https:\/\/www.ideabellezza.it\/corpo-bagno\/bagno-doccia\/bagno-crema\/\" target=\"_blank\" rel=\"noreferrer noopener\">bagnocrema<\/a> delicati<\/strong> pensati per nutrire e proteggere la pelle dopo il lavaggio, giorno dopo giorno. <\/p>\n\n\n<div class=\"wp-block-image\">\n<figure class=\"aligncenter size-full\"><img loading=\"lazy\" decoding=\"async\" width=\"800\" height=\"315\" src=\"https:\/\/magazine.ideabellezza.it\/wp-content\/uploads\/2026\/03\/prodotti-bagno-e-doccia-in-offerta.jpg\" alt=\"prodotti bagno e doccia in offerta\" class=\"wp-image-4758\" title=\"prodotti bagno e doccia in offerta\" srcset=\"https:\/\/magazine.ideabellezza.it\/wp-content\/uploads\/2026\/03\/prodotti-bagno-e-doccia-in-offerta.jpg 800w, https:\/\/magazine.ideabellezza.it\/wp-content\/uploads\/2026\/03\/prodotti-bagno-e-doccia-in-offerta-300x118.jpg 300w, https:\/\/magazine.ideabellezza.it\/wp-content\/uploads\/2026\/03\/prodotti-bagno-e-doccia-in-offerta-768x302.jpg 768w, https:\/\/magazine.ideabellezza.it\/wp-content\/uploads\/2026\/03\/prodotti-bagno-e-doccia-in-offerta-370x146.jpg 370w, https:\/\/magazine.ideabellezza.it\/wp-content\/uploads\/2026\/03\/prodotti-bagno-e-doccia-in-offerta-760x299.jpg 760w\" sizes=\"auto, (max-width: 800px) 100vw, 800px\" \/><\/figure>\n<\/div>\n\n\n<hr class=\"wp-block-separator has-alpha-channel-opacity is-style-wide\"\/>\n\n\n\n<h2 class=\"wp-block-heading\">FAQ \u2014 Domande Frequenti su pelle che prude dopo la doccia<\/h2>\n\n\n\n<div class=\"schema-faq wp-block-yoast-faq-block\"><div class=\"schema-faq-section\" id=\"faq-question-1773831924350\"><h3 class=\"schema-faq-question\"><strong>Perch\u00e9 dopo la doccia mi prude la pelle?<\/strong><\/h3> <p class=\"schema-faq-answer\">Il prurito post-doccia \u00e8 causato principalmente dall&#8217;indebolimento della barriera idrolipidica della pelle, lo strato di lipidi e acqua che protegge l&#8217;epidermide. L&#8217;acqua calda, i detergenti aggressivi e le docce prolungate rimuovono questi lipidi protettivi, lasciando la pelle secca, tesa e reattiva. Quando la barriera cutanea \u00e8 compromessa, i recettori del prurito negli strati superficiali dell&#8217;epidermide si attivano producendo quella sensazione di prurito o pizzicore.<\/p> <\/div> <div class=\"schema-faq-section\" id=\"faq-question-1773831935983\"><h3 class=\"schema-faq-question\"><strong>Perch\u00e9 dopo la doccia mi pizzica la pelle?<\/strong><\/h3> <p class=\"schema-faq-answer\">Il pizzicore \u00e8 spesso la forma iniziale del prurito da pelle secca, e ha le stesse cause: perdita di lipidi cutanei dovuta all&#8217;acqua calda, a detergenti con solfati o fragranze aggressive, o all&#8217;asciugatura troppo vigorosa. Se il pizzicore si accompagna a rossori, piccole vescicole o persiste a lungo, potrebbe indicare una reazione da contatto o un&#8217;orticaria colinergica, condizioni per cui \u00e8 consigliabile un consulto dermatologico.<\/p> <\/div> <div class=\"schema-faq-section\" id=\"faq-question-1773831949680\"><h3 class=\"schema-faq-question\"><strong>Come posso smettere di grattarmi dopo la doccia?<\/strong><\/h3> <p class=\"schema-faq-answer\">La soluzione pi\u00f9 efficace \u00e8 intervenire sulla causa, non solo sul sintomo. Abbassare la temperatura dell&#8217;acqua, ridurre la durata della doccia, cambiare il detergente con uno a pH fisiologico e senza solfati, e applicare subito dopo un olio o una crema corpo sono i passi concreti che interrompono il ciclo di secchezza e prurito. Grattarsi, al contrario, peggiora l&#8217;irritazione e pu\u00f2 danneggiare la barriera cutanea.<\/p> <\/div> <div class=\"schema-faq-section\" id=\"faq-question-1773831955814\"><h3 class=\"schema-faq-question\"><strong>Quale crema usare se la pelle prude dopo la doccia?<\/strong><\/h3> <p class=\"schema-faq-answer\">Per la pelle che prude dopo la doccia sono indicati prodotti con ingredienti emollienti e lenitivi: olio di mandorle, burro di karit\u00e9, glicerina, aloe vera, pantenolo e ceramidi sono tra i principi attivi pi\u00f9 efficaci. \u00c8 preferibile scegliere formule prive di fragranze sintetiche e di alcool, che potrebbero aggravare il problema. L&#8217;applicazione va fatta subito dopo l&#8217;asciugatura, quando la pelle \u00e8 ancora tiepida.<\/p> <\/div> <div class=\"schema-faq-section\" id=\"faq-question-1773831969566\"><h3 class=\"schema-faq-question\"><strong>Perch\u00e9 la pelle prude di pi\u00f9 in inverno dopo la doccia?<\/strong><\/h3> <p class=\"schema-faq-answer\">In inverno la pelle \u00e8 naturalmente pi\u00f9 secca perch\u00e9 il freddo esterno e il riscaldamento degli ambienti interni riducono l&#8217;umidit\u00e0 dell&#8217;aria, accelerando la perdita di acqua transepidermica. Se in questa condizione di partenza gi\u00e0 compromessa si aggiungono docce calde e detergenti aggressivi, il risultato \u00e8 una pelle che si disidrata molto pi\u00f9 facilmente e reagisce con prurito pi\u00f9 intenso rispetto ai mesi caldi.<\/p> <\/div> <div class=\"schema-faq-section\" id=\"faq-question-1773831978969\"><h3 class=\"schema-faq-question\"><strong>Il gel doccia pu\u00f2 causare prurito?<\/strong><\/h3> <p class=\"schema-faq-answer\">S\u00ec, un gel doccia con formula inadeguata pu\u00f2 essere la causa principale del prurito post-doccia. I solfati (SLS e SLES), le fragranze sintetiche e l&#8217;alcool sono ingredienti comuni nei detergenti convenzionali che rimuovono il sebo naturale della pelle e possono irritare le pelli sensibili. Passare a un bagnodoccia con pH 5-5.5, senza solfati e con ingredienti idratanti come glicerina o aloe vera \u00e8 spesso sufficiente per ridurre significativamente il problema.<\/p> <\/div> <div class=\"schema-faq-section\" id=\"faq-question-1773831987627\"><h3 class=\"schema-faq-question\"><strong>Quanto tempo ci vuole per vedere miglioramenti cambiando la routine?<\/strong><\/h3> <p class=\"schema-faq-answer\">Con una routine corretta \u2014 acqua tiepida, detergente delicato e idratazione post-doccia costante \u2014 i primi miglioramenti nella sensazione di prurito e tensione si osservano solitamente nel giro di 1-2 settimane. Il recupero completo della barriera cutanea richiede tempo: in media 3-4 settimane di continuit\u00e0. La pelle risponde bene alle cure costanti e peggiora rapidamente se si ritorna alle abitudini precedenti.<\/p> <\/div> <div class=\"schema-faq-section\" id=\"faq-question-1773831996860\"><h3 class=\"schema-faq-question\"><strong>\u00c8 normale che la pelle pruda dopo la doccia ogni giorno?<\/strong><\/h3> <p class=\"schema-faq-answer\">No, non \u00e8 una condizione inevitabile da accettare. Il prurito quotidiano post-doccia \u00e8 un segnale che la barriera cutanea \u00e8 cronicamente compromessa da abitudini o prodotti non adatti. Con i giusti accorgimenti \u2014 temperatura dell&#8217;acqua, scelta del detergente, idratazione tempestiva \u2014 la grande maggioranza delle persone risolve il problema in poche settimane. Se il prurito persiste nonostante le modifiche alla routine, \u00e8 opportuno consultare un dermatologo.<\/p> <\/div> <div class=\"schema-faq-section\" id=\"faq-question-1773832008422\"><h3 class=\"schema-faq-question\"><strong>La doccia fredda aiuta contro il prurito?<\/strong><\/h3> <p class=\"schema-faq-answer\">Una doccia fredda pu\u00f2 dare sollievo temporaneo al prurito gi\u00e0 in corso, perch\u00e9 il freddo ha un effetto vasocostrittore che riduce la sensazione di irritazione. Non \u00e8 per\u00f2 la soluzione al problema di fondo: se la barriera cutanea \u00e8 compromessa, anche l&#8217;acqua fredda \u2014 soprattutto se prolungata \u2014 pu\u00f2 peggiorare la secchezza. L&#8217;approccio pi\u00f9 efficace \u00e8 usare acqua tiepida durante il lavaggio e, se si desidera, chiudere con un breve risciacquo a temperatura pi\u00f9 fresca.<\/p> <\/div> <\/div>\n","protected":false},"excerpt":{"rendered":"<p>Pelle che prude dopo la doccia? Idea Bellezza individua le cause, gli errori da evitare e i prodotti giusti per una pelle morbida e idratata.<\/p>\n","protected":false},"author":1,"featured_media":4760,"comment_status":"closed","ping_status":"closed","sticky":true,"template":"","format":"standard","meta":{"footnotes":""},"categories":[15],"tags":[],"class_list":["post-4733","post","type-post","status-publish","format-standard","has-post-thumbnail","hentry","category-skincare-haircare"],"yoast_head":"<!-- This site is optimized with the Yoast SEO plugin v25.2 - https:\/\/yoast.com\/wordpress\/plugins\/seo\/ -->\n<title>Pelle che prude dopo la doccia: perch\u00e9 succede e come idratarla -<\/title>\n<meta name=\"description\" content=\"Pelle che prude dopo la doccia? Idea Bellezza individua le cause, gli errori da evitare e i prodotti giusti per una pelle morbida e idratata.\" \/>\n<meta name=\"robots\" content=\"index, follow, max-snippet:-1, max-image-preview:large, max-video-preview:-1\" \/>\n<link rel=\"canonical\" href=\"https:\/\/www.ideabellezza.it\/magazine\/pelle-che-prude-dopo-la-doccia-perche-succede-e-come-idratarla-nel-modo-giusto\/\" \/>\n<meta property=\"og:locale\" content=\"it_IT\" \/>\n<meta property=\"og:type\" content=\"article\" \/>\n<meta property=\"og:title\" content=\"Pelle che prude dopo la doccia: perch\u00e9 succede e come idratarla -\" \/>\n<meta property=\"og:description\" content=\"Pelle che prude dopo la doccia? Idea Bellezza individua le cause, gli errori da evitare e i prodotti giusti per una pelle morbida e idratata.\" \/>\n<meta property=\"og:url\" content=\"https:\/\/www.ideabellezza.it\/magazine\/pelle-che-prude-dopo-la-doccia-perche-succede-e-come-idratarla-nel-modo-giusto\/\" \/>\n<meta property=\"article:published_time\" content=\"2026-03-18T13:28:26+00:00\" \/>\n<meta property=\"article:modified_time\" content=\"2026-03-18T13:29:13+00:00\" \/>\n<meta property=\"og:image\" content=\"https:\/\/magazine.ideabellezza.it\/wp-content\/uploads\/2026\/03\/pelle-che-prude-dopo-doccia.jpg\" \/>\n\t<meta property=\"og:image:width\" content=\"900\" \/>\n\t<meta property=\"og:image:height\" content=\"700\" \/>\n\t<meta property=\"og:image:type\" content=\"image\/jpeg\" \/>\n<meta name=\"author\" content=\"ideabellezza\" \/>\n<meta name=\"twitter:card\" content=\"summary_large_image\" \/>\n<meta name=\"twitter:label1\" content=\"Scritto da\" \/>\n\t<meta name=\"twitter:data1\" content=\"ideabellezza\" \/>\n\t<meta name=\"twitter:label2\" content=\"Tempo di lettura stimato\" \/>\n\t<meta name=\"twitter:data2\" content=\"21 minuti\" \/>\n<script type=\"application\/ld+json\" class=\"yoast-schema-graph\">{\"@context\":\"https:\/\/schema.org\",\"@graph\":[{\"@type\":[\"WebPage\",\"FAQPage\"],\"@id\":\"https:\/\/magazine.ideabellezza.it\/pelle-che-prude-dopo-la-doccia-perche-succede-e-come-idratarla-nel-modo-giusto\/\",\"url\":\"https:\/\/www.ideabellezza.it\/magazine\/pelle-che-prude-dopo-la-doccia-perche-succede-e-come-idratarla-nel-modo-giusto\/\",\"name\":\"Pelle che prude dopo la doccia: perch\u00e9 succede e come idratarla -\",\"isPartOf\":{\"@id\":\"https:\/\/www.ideabellezza.it\/magazine\/#website\"},\"primaryImageOfPage\":{\"@id\":\"https:\/\/www.ideabellezza.it\/magazine\/pelle-che-prude-dopo-la-doccia-perche-succede-e-come-idratarla-nel-modo-giusto\/#primaryimage\"},\"image\":{\"@id\":\"https:\/\/www.ideabellezza.it\/magazine\/pelle-che-prude-dopo-la-doccia-perche-succede-e-come-idratarla-nel-modo-giusto\/#primaryimage\"},\"thumbnailUrl\":\"https:\/\/magazine.ideabellezza.it\/wp-content\/uploads\/2026\/03\/pelle-che-prude-dopo-doccia.jpg\",\"datePublished\":\"2026-03-18T13:28:26+00:00\",\"dateModified\":\"2026-03-18T13:29:13+00:00\",\"author\":{\"@id\":\"https:\/\/www.ideabellezza.it\/magazine\/#\/schema\/person\/17b0f47546a3fc5dc1033bb23feffc65\"},\"description\":\"Pelle che prude dopo la doccia? Idea Bellezza individua le cause, gli errori da evitare e i prodotti giusti per una pelle morbida e idratata.\",\"mainEntity\":[{\"@id\":\"https:\/\/www.ideabellezza.it\/magazine\/pelle-che-prude-dopo-la-doccia-perche-succede-e-come-idratarla-nel-modo-giusto\/#faq-question-1773831924350\"},{\"@id\":\"https:\/\/www.ideabellezza.it\/magazine\/pelle-che-prude-dopo-la-doccia-perche-succede-e-come-idratarla-nel-modo-giusto\/#faq-question-1773831935983\"},{\"@id\":\"https:\/\/www.ideabellezza.it\/magazine\/pelle-che-prude-dopo-la-doccia-perche-succede-e-come-idratarla-nel-modo-giusto\/#faq-question-1773831949680\"},{\"@id\":\"https:\/\/www.ideabellezza.it\/magazine\/pelle-che-prude-dopo-la-doccia-perche-succede-e-come-idratarla-nel-modo-giusto\/#faq-question-1773831955814\"},{\"@id\":\"https:\/\/www.ideabellezza.it\/magazine\/pelle-che-prude-dopo-la-doccia-perche-succede-e-come-idratarla-nel-modo-giusto\/#faq-question-1773831969566\"},{\"@id\":\"https:\/\/www.ideabellezza.it\/magazine\/pelle-che-prude-dopo-la-doccia-perche-succede-e-come-idratarla-nel-modo-giusto\/#faq-question-1773831978969\"},{\"@id\":\"https:\/\/www.ideabellezza.it\/magazine\/pelle-che-prude-dopo-la-doccia-perche-succede-e-come-idratarla-nel-modo-giusto\/#faq-question-1773831987627\"},{\"@id\":\"https:\/\/www.ideabellezza.it\/magazine\/pelle-che-prude-dopo-la-doccia-perche-succede-e-come-idratarla-nel-modo-giusto\/#faq-question-1773831996860\"},{\"@id\":\"https:\/\/www.ideabellezza.it\/magazine\/pelle-che-prude-dopo-la-doccia-perche-succede-e-come-idratarla-nel-modo-giusto\/#faq-question-1773832008422\"}],\"inLanguage\":\"it-IT\",\"potentialAction\":[{\"@type\":\"ReadAction\",\"target\":[\"https:\/\/www.ideabellezza.it\/magazine\/pelle-che-prude-dopo-la-doccia-perche-succede-e-come-idratarla-nel-modo-giusto\/\"]}]},{\"@type\":\"ImageObject\",\"inLanguage\":\"it-IT\",\"@id\":\"https:\/\/www.ideabellezza.it\/magazine\/pelle-che-prude-dopo-la-doccia-perche-succede-e-come-idratarla-nel-modo-giusto\/#primaryimage\",\"url\":\"https:\/\/magazine.ideabellezza.it\/wp-content\/uploads\/2026\/03\/pelle-che-prude-dopo-doccia.jpg\",\"contentUrl\":\"https:\/\/magazine.ideabellezza.it\/wp-content\/uploads\/2026\/03\/pelle-che-prude-dopo-doccia.jpg\",\"width\":900,\"height\":700,\"caption\":\"pelle che prude dopo doccia\"},{\"@type\":\"WebSite\",\"@id\":\"https:\/\/www.ideabellezza.it\/magazine\/#website\",\"url\":\"https:\/\/www.ideabellezza.it\/magazine\/\",\"name\":\"\",\"description\":\"\",\"potentialAction\":[{\"@type\":\"SearchAction\",\"target\":{\"@type\":\"EntryPoint\",\"urlTemplate\":\"https:\/\/www.ideabellezza.it\/magazine\/?s={search_term_string}\"},\"query-input\":{\"@type\":\"PropertyValueSpecification\",\"valueRequired\":true,\"valueName\":\"search_term_string\"}}],\"inLanguage\":\"it-IT\"},{\"@type\":\"Person\",\"@id\":\"https:\/\/www.ideabellezza.it\/magazine\/#\/schema\/person\/17b0f47546a3fc5dc1033bb23feffc65\",\"name\":\"ideabellezza\",\"image\":{\"@type\":\"ImageObject\",\"inLanguage\":\"it-IT\",\"@id\":\"https:\/\/www.ideabellezza.it\/magazine\/#\/schema\/person\/image\/\",\"url\":\"https:\/\/secure.gravatar.com\/avatar\/60e318cb6e6de1184d3834661ba9f6209a8d536ae9c769e3662804fd574471a2?s=96&d=mm&r=g\",\"contentUrl\":\"https:\/\/secure.gravatar.com\/avatar\/60e318cb6e6de1184d3834661ba9f6209a8d536ae9c769e3662804fd574471a2?s=96&d=mm&r=g\",\"caption\":\"ideabellezza\"},\"sameAs\":[\"http:\/\/ideabellezza.it\/magazine\/IdeaBellezza\"]},{\"@type\":\"Question\",\"@id\":\"https:\/\/www.ideabellezza.it\/magazine\/pelle-che-prude-dopo-la-doccia-perche-succede-e-come-idratarla-nel-modo-giusto\/#faq-question-1773831924350\",\"position\":1,\"url\":\"https:\/\/www.ideabellezza.it\/magazine\/pelle-che-prude-dopo-la-doccia-perche-succede-e-come-idratarla-nel-modo-giusto\/#faq-question-1773831924350\",\"name\":\"Perch\u00e9 dopo la doccia mi prude la pelle?\",\"answerCount\":1,\"acceptedAnswer\":{\"@type\":\"Answer\",\"text\":\"Il prurito post-doccia \u00e8 causato principalmente dall'indebolimento della barriera idrolipidica della pelle, lo strato di lipidi e acqua che protegge l'epidermide. L'acqua calda, i detergenti aggressivi e le docce prolungate rimuovono questi lipidi protettivi, lasciando la pelle secca, tesa e reattiva. Quando la barriera cutanea \u00e8 compromessa, i recettori del prurito negli strati superficiali dell'epidermide si attivano producendo quella sensazione di prurito o pizzicore.\",\"inLanguage\":\"it-IT\"},\"inLanguage\":\"it-IT\"},{\"@type\":\"Question\",\"@id\":\"https:\/\/www.ideabellezza.it\/magazine\/pelle-che-prude-dopo-la-doccia-perche-succede-e-come-idratarla-nel-modo-giusto\/#faq-question-1773831935983\",\"position\":2,\"url\":\"https:\/\/www.ideabellezza.it\/magazine\/pelle-che-prude-dopo-la-doccia-perche-succede-e-come-idratarla-nel-modo-giusto\/#faq-question-1773831935983\",\"name\":\"Perch\u00e9 dopo la doccia mi pizzica la pelle?\",\"answerCount\":1,\"acceptedAnswer\":{\"@type\":\"Answer\",\"text\":\"Il pizzicore \u00e8 spesso la forma iniziale del prurito da pelle secca, e ha le stesse cause: perdita di lipidi cutanei dovuta all'acqua calda, a detergenti con solfati o fragranze aggressive, o all'asciugatura troppo vigorosa. Se il pizzicore si accompagna a rossori, piccole vescicole o persiste a lungo, potrebbe indicare una reazione da contatto o un'orticaria colinergica, condizioni per cui \u00e8 consigliabile un consulto dermatologico.\",\"inLanguage\":\"it-IT\"},\"inLanguage\":\"it-IT\"},{\"@type\":\"Question\",\"@id\":\"https:\/\/www.ideabellezza.it\/magazine\/pelle-che-prude-dopo-la-doccia-perche-succede-e-come-idratarla-nel-modo-giusto\/#faq-question-1773831949680\",\"position\":3,\"url\":\"https:\/\/www.ideabellezza.it\/magazine\/pelle-che-prude-dopo-la-doccia-perche-succede-e-come-idratarla-nel-modo-giusto\/#faq-question-1773831949680\",\"name\":\"Come posso smettere di grattarmi dopo la doccia?\",\"answerCount\":1,\"acceptedAnswer\":{\"@type\":\"Answer\",\"text\":\"La soluzione pi\u00f9 efficace \u00e8 intervenire sulla causa, non solo sul sintomo. Abbassare la temperatura dell'acqua, ridurre la durata della doccia, cambiare il detergente con uno a pH fisiologico e senza solfati, e applicare subito dopo un olio o una crema corpo sono i passi concreti che interrompono il ciclo di secchezza e prurito. Grattarsi, al contrario, peggiora l'irritazione e pu\u00f2 danneggiare la barriera cutanea.\",\"inLanguage\":\"it-IT\"},\"inLanguage\":\"it-IT\"},{\"@type\":\"Question\",\"@id\":\"https:\/\/www.ideabellezza.it\/magazine\/pelle-che-prude-dopo-la-doccia-perche-succede-e-come-idratarla-nel-modo-giusto\/#faq-question-1773831955814\",\"position\":4,\"url\":\"https:\/\/www.ideabellezza.it\/magazine\/pelle-che-prude-dopo-la-doccia-perche-succede-e-come-idratarla-nel-modo-giusto\/#faq-question-1773831955814\",\"name\":\"Quale crema usare se la pelle prude dopo la doccia?\",\"answerCount\":1,\"acceptedAnswer\":{\"@type\":\"Answer\",\"text\":\"Per la pelle che prude dopo la doccia sono indicati prodotti con ingredienti emollienti e lenitivi: olio di mandorle, burro di karit\u00e9, glicerina, aloe vera, pantenolo e ceramidi sono tra i principi attivi pi\u00f9 efficaci. \u00c8 preferibile scegliere formule prive di fragranze sintetiche e di alcool, che potrebbero aggravare il problema. L'applicazione va fatta subito dopo l'asciugatura, quando la pelle \u00e8 ancora tiepida.\",\"inLanguage\":\"it-IT\"},\"inLanguage\":\"it-IT\"},{\"@type\":\"Question\",\"@id\":\"https:\/\/www.ideabellezza.it\/magazine\/pelle-che-prude-dopo-la-doccia-perche-succede-e-come-idratarla-nel-modo-giusto\/#faq-question-1773831969566\",\"position\":5,\"url\":\"https:\/\/www.ideabellezza.it\/magazine\/pelle-che-prude-dopo-la-doccia-perche-succede-e-come-idratarla-nel-modo-giusto\/#faq-question-1773831969566\",\"name\":\"Perch\u00e9 la pelle prude di pi\u00f9 in inverno dopo la doccia?\",\"answerCount\":1,\"acceptedAnswer\":{\"@type\":\"Answer\",\"text\":\"In inverno la pelle \u00e8 naturalmente pi\u00f9 secca perch\u00e9 il freddo esterno e il riscaldamento degli ambienti interni riducono l'umidit\u00e0 dell'aria, accelerando la perdita di acqua transepidermica. Se in questa condizione di partenza gi\u00e0 compromessa si aggiungono docce calde e detergenti aggressivi, il risultato \u00e8 una pelle che si disidrata molto pi\u00f9 facilmente e reagisce con prurito pi\u00f9 intenso rispetto ai mesi caldi.\",\"inLanguage\":\"it-IT\"},\"inLanguage\":\"it-IT\"},{\"@type\":\"Question\",\"@id\":\"https:\/\/www.ideabellezza.it\/magazine\/pelle-che-prude-dopo-la-doccia-perche-succede-e-come-idratarla-nel-modo-giusto\/#faq-question-1773831978969\",\"position\":6,\"url\":\"https:\/\/www.ideabellezza.it\/magazine\/pelle-che-prude-dopo-la-doccia-perche-succede-e-come-idratarla-nel-modo-giusto\/#faq-question-1773831978969\",\"name\":\"Il gel doccia pu\u00f2 causare prurito?\",\"answerCount\":1,\"acceptedAnswer\":{\"@type\":\"Answer\",\"text\":\"S\u00ec, un gel doccia con formula inadeguata pu\u00f2 essere la causa principale del prurito post-doccia. I solfati (SLS e SLES), le fragranze sintetiche e l'alcool sono ingredienti comuni nei detergenti convenzionali che rimuovono il sebo naturale della pelle e possono irritare le pelli sensibili. Passare a un bagnodoccia con pH 5-5.5, senza solfati e con ingredienti idratanti come glicerina o aloe vera \u00e8 spesso sufficiente per ridurre significativamente il problema.\",\"inLanguage\":\"it-IT\"},\"inLanguage\":\"it-IT\"},{\"@type\":\"Question\",\"@id\":\"https:\/\/www.ideabellezza.it\/magazine\/pelle-che-prude-dopo-la-doccia-perche-succede-e-come-idratarla-nel-modo-giusto\/#faq-question-1773831987627\",\"position\":7,\"url\":\"https:\/\/www.ideabellezza.it\/magazine\/pelle-che-prude-dopo-la-doccia-perche-succede-e-come-idratarla-nel-modo-giusto\/#faq-question-1773831987627\",\"name\":\"Quanto tempo ci vuole per vedere miglioramenti cambiando la routine?\",\"answerCount\":1,\"acceptedAnswer\":{\"@type\":\"Answer\",\"text\":\"Con una routine corretta \u2014 acqua tiepida, detergente delicato e idratazione post-doccia costante \u2014 i primi miglioramenti nella sensazione di prurito e tensione si osservano solitamente nel giro di 1-2 settimane. Il recupero completo della barriera cutanea richiede tempo: in media 3-4 settimane di continuit\u00e0. La pelle risponde bene alle cure costanti e peggiora rapidamente se si ritorna alle abitudini precedenti.\",\"inLanguage\":\"it-IT\"},\"inLanguage\":\"it-IT\"},{\"@type\":\"Question\",\"@id\":\"https:\/\/www.ideabellezza.it\/magazine\/pelle-che-prude-dopo-la-doccia-perche-succede-e-come-idratarla-nel-modo-giusto\/#faq-question-1773831996860\",\"position\":8,\"url\":\"https:\/\/www.ideabellezza.it\/magazine\/pelle-che-prude-dopo-la-doccia-perche-succede-e-come-idratarla-nel-modo-giusto\/#faq-question-1773831996860\",\"name\":\"\u00c8 normale che la pelle pruda dopo la doccia ogni giorno?\",\"answerCount\":1,\"acceptedAnswer\":{\"@type\":\"Answer\",\"text\":\"No, non \u00e8 una condizione inevitabile da accettare. Il prurito quotidiano post-doccia \u00e8 un segnale che la barriera cutanea \u00e8 cronicamente compromessa da abitudini o prodotti non adatti. Con i giusti accorgimenti \u2014 temperatura dell'acqua, scelta del detergente, idratazione tempestiva \u2014 la grande maggioranza delle persone risolve il problema in poche settimane. Se il prurito persiste nonostante le modifiche alla routine, \u00e8 opportuno consultare un dermatologo.\",\"inLanguage\":\"it-IT\"},\"inLanguage\":\"it-IT\"},{\"@type\":\"Question\",\"@id\":\"https:\/\/www.ideabellezza.it\/magazine\/pelle-che-prude-dopo-la-doccia-perche-succede-e-come-idratarla-nel-modo-giusto\/#faq-question-1773832008422\",\"position\":9,\"url\":\"https:\/\/www.ideabellezza.it\/magazine\/pelle-che-prude-dopo-la-doccia-perche-succede-e-come-idratarla-nel-modo-giusto\/#faq-question-1773832008422\",\"name\":\"La doccia fredda aiuta contro il prurito?\",\"answerCount\":1,\"acceptedAnswer\":{\"@type\":\"Answer\",\"text\":\"Una doccia fredda pu\u00f2 dare sollievo temporaneo al prurito gi\u00e0 in corso, perch\u00e9 il freddo ha un effetto vasocostrittore che riduce la sensazione di irritazione. Non \u00e8 per\u00f2 la soluzione al problema di fondo: se la barriera cutanea \u00e8 compromessa, anche l'acqua fredda \u2014 soprattutto se prolungata \u2014 pu\u00f2 peggiorare la secchezza. L'approccio pi\u00f9 efficace \u00e8 usare acqua tiepida durante il lavaggio e, se si desidera, chiudere con un breve risciacquo a temperatura pi\u00f9 fresca.\",\"inLanguage\":\"it-IT\"},\"inLanguage\":\"it-IT\"}]}<\/script>\n<!-- \/ Yoast SEO plugin. -->","yoast_head_json":{"title":"Pelle che prude dopo la doccia: perch\u00e9 succede e come idratarla -","description":"Pelle che prude dopo la doccia? Idea Bellezza individua le cause, gli errori da evitare e i prodotti giusti per una pelle morbida e idratata.","robots":{"index":"index","follow":"follow","max-snippet":"max-snippet:-1","max-image-preview":"max-image-preview:large","max-video-preview":"max-video-preview:-1"},"canonical":"https:\/\/www.ideabellezza.it\/magazine\/pelle-che-prude-dopo-la-doccia-perche-succede-e-come-idratarla-nel-modo-giusto\/","og_locale":"it_IT","og_type":"article","og_title":"Pelle che prude dopo la doccia: perch\u00e9 succede e come idratarla -","og_description":"Pelle che prude dopo la doccia? Idea Bellezza individua le cause, gli errori da evitare e i prodotti giusti per una pelle morbida e idratata.","og_url":"https:\/\/www.ideabellezza.it\/magazine\/pelle-che-prude-dopo-la-doccia-perche-succede-e-come-idratarla-nel-modo-giusto\/","article_published_time":"2026-03-18T13:28:26+00:00","article_modified_time":"2026-03-18T13:29:13+00:00","og_image":[{"width":900,"height":700,"url":"https:\/\/magazine.ideabellezza.it\/wp-content\/uploads\/2026\/03\/pelle-che-prude-dopo-doccia.jpg","type":"image\/jpeg"}],"author":"ideabellezza","twitter_card":"summary_large_image","twitter_misc":{"Scritto da":"ideabellezza","Tempo di lettura stimato":"21 minuti"},"schema":{"@context":"https:\/\/schema.org","@graph":[{"@type":["WebPage","FAQPage"],"@id":"https:\/\/magazine.ideabellezza.it\/pelle-che-prude-dopo-la-doccia-perche-succede-e-come-idratarla-nel-modo-giusto\/","url":"https:\/\/www.ideabellezza.it\/magazine\/pelle-che-prude-dopo-la-doccia-perche-succede-e-come-idratarla-nel-modo-giusto\/","name":"Pelle che prude dopo la doccia: perch\u00e9 succede e come idratarla -","isPartOf":{"@id":"https:\/\/www.ideabellezza.it\/magazine\/#website"},"primaryImageOfPage":{"@id":"https:\/\/www.ideabellezza.it\/magazine\/pelle-che-prude-dopo-la-doccia-perche-succede-e-come-idratarla-nel-modo-giusto\/#primaryimage"},"image":{"@id":"https:\/\/www.ideabellezza.it\/magazine\/pelle-che-prude-dopo-la-doccia-perche-succede-e-come-idratarla-nel-modo-giusto\/#primaryimage"},"thumbnailUrl":"https:\/\/magazine.ideabellezza.it\/wp-content\/uploads\/2026\/03\/pelle-che-prude-dopo-doccia.jpg","datePublished":"2026-03-18T13:28:26+00:00","dateModified":"2026-03-18T13:29:13+00:00","author":{"@id":"https:\/\/www.ideabellezza.it\/magazine\/#\/schema\/person\/17b0f47546a3fc5dc1033bb23feffc65"},"description":"Pelle che prude dopo la doccia? Idea Bellezza individua le cause, gli errori da evitare e i prodotti giusti per una pelle morbida e idratata.","mainEntity":[{"@id":"https:\/\/www.ideabellezza.it\/magazine\/pelle-che-prude-dopo-la-doccia-perche-succede-e-come-idratarla-nel-modo-giusto\/#faq-question-1773831924350"},{"@id":"https:\/\/www.ideabellezza.it\/magazine\/pelle-che-prude-dopo-la-doccia-perche-succede-e-come-idratarla-nel-modo-giusto\/#faq-question-1773831935983"},{"@id":"https:\/\/www.ideabellezza.it\/magazine\/pelle-che-prude-dopo-la-doccia-perche-succede-e-come-idratarla-nel-modo-giusto\/#faq-question-1773831949680"},{"@id":"https:\/\/www.ideabellezza.it\/magazine\/pelle-che-prude-dopo-la-doccia-perche-succede-e-come-idratarla-nel-modo-giusto\/#faq-question-1773831955814"},{"@id":"https:\/\/www.ideabellezza.it\/magazine\/pelle-che-prude-dopo-la-doccia-perche-succede-e-come-idratarla-nel-modo-giusto\/#faq-question-1773831969566"},{"@id":"https:\/\/www.ideabellezza.it\/magazine\/pelle-che-prude-dopo-la-doccia-perche-succede-e-come-idratarla-nel-modo-giusto\/#faq-question-1773831978969"},{"@id":"https:\/\/www.ideabellezza.it\/magazine\/pelle-che-prude-dopo-la-doccia-perche-succede-e-come-idratarla-nel-modo-giusto\/#faq-question-1773831987627"},{"@id":"https:\/\/www.ideabellezza.it\/magazine\/pelle-che-prude-dopo-la-doccia-perche-succede-e-come-idratarla-nel-modo-giusto\/#faq-question-1773831996860"},{"@id":"https:\/\/www.ideabellezza.it\/magazine\/pelle-che-prude-dopo-la-doccia-perche-succede-e-come-idratarla-nel-modo-giusto\/#faq-question-1773832008422"}],"inLanguage":"it-IT","potentialAction":[{"@type":"ReadAction","target":["https:\/\/www.ideabellezza.it\/magazine\/pelle-che-prude-dopo-la-doccia-perche-succede-e-come-idratarla-nel-modo-giusto\/"]}]},{"@type":"ImageObject","inLanguage":"it-IT","@id":"https:\/\/www.ideabellezza.it\/magazine\/pelle-che-prude-dopo-la-doccia-perche-succede-e-come-idratarla-nel-modo-giusto\/#primaryimage","url":"https:\/\/magazine.ideabellezza.it\/wp-content\/uploads\/2026\/03\/pelle-che-prude-dopo-doccia.jpg","contentUrl":"https:\/\/magazine.ideabellezza.it\/wp-content\/uploads\/2026\/03\/pelle-che-prude-dopo-doccia.jpg","width":900,"height":700,"caption":"pelle che prude dopo doccia"},{"@type":"WebSite","@id":"https:\/\/www.ideabellezza.it\/magazine\/#website","url":"https:\/\/www.ideabellezza.it\/magazine\/","name":"","description":"","potentialAction":[{"@type":"SearchAction","target":{"@type":"EntryPoint","urlTemplate":"https:\/\/www.ideabellezza.it\/magazine\/?s={search_term_string}"},"query-input":{"@type":"PropertyValueSpecification","valueRequired":true,"valueName":"search_term_string"}}],"inLanguage":"it-IT"},{"@type":"Person","@id":"https:\/\/www.ideabellezza.it\/magazine\/#\/schema\/person\/17b0f47546a3fc5dc1033bb23feffc65","name":"ideabellezza","image":{"@type":"ImageObject","inLanguage":"it-IT","@id":"https:\/\/www.ideabellezza.it\/magazine\/#\/schema\/person\/image\/","url":"https:\/\/secure.gravatar.com\/avatar\/60e318cb6e6de1184d3834661ba9f6209a8d536ae9c769e3662804fd574471a2?s=96&d=mm&r=g","contentUrl":"https:\/\/secure.gravatar.com\/avatar\/60e318cb6e6de1184d3834661ba9f6209a8d536ae9c769e3662804fd574471a2?s=96&d=mm&r=g","caption":"ideabellezza"},"sameAs":["http:\/\/ideabellezza.it\/magazine\/IdeaBellezza"]},{"@type":"Question","@id":"https:\/\/www.ideabellezza.it\/magazine\/pelle-che-prude-dopo-la-doccia-perche-succede-e-come-idratarla-nel-modo-giusto\/#faq-question-1773831924350","position":1,"url":"https:\/\/www.ideabellezza.it\/magazine\/pelle-che-prude-dopo-la-doccia-perche-succede-e-come-idratarla-nel-modo-giusto\/#faq-question-1773831924350","name":"Perch\u00e9 dopo la doccia mi prude la pelle?","answerCount":1,"acceptedAnswer":{"@type":"Answer","text":"Il prurito post-doccia \u00e8 causato principalmente dall'indebolimento della barriera idrolipidica della pelle, lo strato di lipidi e acqua che protegge l'epidermide. L'acqua calda, i detergenti aggressivi e le docce prolungate rimuovono questi lipidi protettivi, lasciando la pelle secca, tesa e reattiva. Quando la barriera cutanea \u00e8 compromessa, i recettori del prurito negli strati superficiali dell'epidermide si attivano producendo quella sensazione di prurito o pizzicore.","inLanguage":"it-IT"},"inLanguage":"it-IT"},{"@type":"Question","@id":"https:\/\/www.ideabellezza.it\/magazine\/pelle-che-prude-dopo-la-doccia-perche-succede-e-come-idratarla-nel-modo-giusto\/#faq-question-1773831935983","position":2,"url":"https:\/\/www.ideabellezza.it\/magazine\/pelle-che-prude-dopo-la-doccia-perche-succede-e-come-idratarla-nel-modo-giusto\/#faq-question-1773831935983","name":"Perch\u00e9 dopo la doccia mi pizzica la pelle?","answerCount":1,"acceptedAnswer":{"@type":"Answer","text":"Il pizzicore \u00e8 spesso la forma iniziale del prurito da pelle secca, e ha le stesse cause: perdita di lipidi cutanei dovuta all'acqua calda, a detergenti con solfati o fragranze aggressive, o all'asciugatura troppo vigorosa. Se il pizzicore si accompagna a rossori, piccole vescicole o persiste a lungo, potrebbe indicare una reazione da contatto o un'orticaria colinergica, condizioni per cui \u00e8 consigliabile un consulto dermatologico.","inLanguage":"it-IT"},"inLanguage":"it-IT"},{"@type":"Question","@id":"https:\/\/www.ideabellezza.it\/magazine\/pelle-che-prude-dopo-la-doccia-perche-succede-e-come-idratarla-nel-modo-giusto\/#faq-question-1773831949680","position":3,"url":"https:\/\/www.ideabellezza.it\/magazine\/pelle-che-prude-dopo-la-doccia-perche-succede-e-come-idratarla-nel-modo-giusto\/#faq-question-1773831949680","name":"Come posso smettere di grattarmi dopo la doccia?","answerCount":1,"acceptedAnswer":{"@type":"Answer","text":"La soluzione pi\u00f9 efficace \u00e8 intervenire sulla causa, non solo sul sintomo. Abbassare la temperatura dell'acqua, ridurre la durata della doccia, cambiare il detergente con uno a pH fisiologico e senza solfati, e applicare subito dopo un olio o una crema corpo sono i passi concreti che interrompono il ciclo di secchezza e prurito. Grattarsi, al contrario, peggiora l'irritazione e pu\u00f2 danneggiare la barriera cutanea.","inLanguage":"it-IT"},"inLanguage":"it-IT"},{"@type":"Question","@id":"https:\/\/www.ideabellezza.it\/magazine\/pelle-che-prude-dopo-la-doccia-perche-succede-e-come-idratarla-nel-modo-giusto\/#faq-question-1773831955814","position":4,"url":"https:\/\/www.ideabellezza.it\/magazine\/pelle-che-prude-dopo-la-doccia-perche-succede-e-come-idratarla-nel-modo-giusto\/#faq-question-1773831955814","name":"Quale crema usare se la pelle prude dopo la doccia?","answerCount":1,"acceptedAnswer":{"@type":"Answer","text":"Per la pelle che prude dopo la doccia sono indicati prodotti con ingredienti emollienti e lenitivi: olio di mandorle, burro di karit\u00e9, glicerina, aloe vera, pantenolo e ceramidi sono tra i principi attivi pi\u00f9 efficaci. \u00c8 preferibile scegliere formule prive di fragranze sintetiche e di alcool, che potrebbero aggravare il problema. L'applicazione va fatta subito dopo l'asciugatura, quando la pelle \u00e8 ancora tiepida.","inLanguage":"it-IT"},"inLanguage":"it-IT"},{"@type":"Question","@id":"https:\/\/www.ideabellezza.it\/magazine\/pelle-che-prude-dopo-la-doccia-perche-succede-e-come-idratarla-nel-modo-giusto\/#faq-question-1773831969566","position":5,"url":"https:\/\/www.ideabellezza.it\/magazine\/pelle-che-prude-dopo-la-doccia-perche-succede-e-come-idratarla-nel-modo-giusto\/#faq-question-1773831969566","name":"Perch\u00e9 la pelle prude di pi\u00f9 in inverno dopo la doccia?","answerCount":1,"acceptedAnswer":{"@type":"Answer","text":"In inverno la pelle \u00e8 naturalmente pi\u00f9 secca perch\u00e9 il freddo esterno e il riscaldamento degli ambienti interni riducono l'umidit\u00e0 dell'aria, accelerando la perdita di acqua transepidermica. Se in questa condizione di partenza gi\u00e0 compromessa si aggiungono docce calde e detergenti aggressivi, il risultato \u00e8 una pelle che si disidrata molto pi\u00f9 facilmente e reagisce con prurito pi\u00f9 intenso rispetto ai mesi caldi.","inLanguage":"it-IT"},"inLanguage":"it-IT"},{"@type":"Question","@id":"https:\/\/www.ideabellezza.it\/magazine\/pelle-che-prude-dopo-la-doccia-perche-succede-e-come-idratarla-nel-modo-giusto\/#faq-question-1773831978969","position":6,"url":"https:\/\/www.ideabellezza.it\/magazine\/pelle-che-prude-dopo-la-doccia-perche-succede-e-come-idratarla-nel-modo-giusto\/#faq-question-1773831978969","name":"Il gel doccia pu\u00f2 causare prurito?","answerCount":1,"acceptedAnswer":{"@type":"Answer","text":"S\u00ec, un gel doccia con formula inadeguata pu\u00f2 essere la causa principale del prurito post-doccia. I solfati (SLS e SLES), le fragranze sintetiche e l'alcool sono ingredienti comuni nei detergenti convenzionali che rimuovono il sebo naturale della pelle e possono irritare le pelli sensibili. Passare a un bagnodoccia con pH 5-5.5, senza solfati e con ingredienti idratanti come glicerina o aloe vera \u00e8 spesso sufficiente per ridurre significativamente il problema.","inLanguage":"it-IT"},"inLanguage":"it-IT"},{"@type":"Question","@id":"https:\/\/www.ideabellezza.it\/magazine\/pelle-che-prude-dopo-la-doccia-perche-succede-e-come-idratarla-nel-modo-giusto\/#faq-question-1773831987627","position":7,"url":"https:\/\/www.ideabellezza.it\/magazine\/pelle-che-prude-dopo-la-doccia-perche-succede-e-come-idratarla-nel-modo-giusto\/#faq-question-1773831987627","name":"Quanto tempo ci vuole per vedere miglioramenti cambiando la routine?","answerCount":1,"acceptedAnswer":{"@type":"Answer","text":"Con una routine corretta \u2014 acqua tiepida, detergente delicato e idratazione post-doccia costante \u2014 i primi miglioramenti nella sensazione di prurito e tensione si osservano solitamente nel giro di 1-2 settimane. Il recupero completo della barriera cutanea richiede tempo: in media 3-4 settimane di continuit\u00e0. La pelle risponde bene alle cure costanti e peggiora rapidamente se si ritorna alle abitudini precedenti.","inLanguage":"it-IT"},"inLanguage":"it-IT"},{"@type":"Question","@id":"https:\/\/www.ideabellezza.it\/magazine\/pelle-che-prude-dopo-la-doccia-perche-succede-e-come-idratarla-nel-modo-giusto\/#faq-question-1773831996860","position":8,"url":"https:\/\/www.ideabellezza.it\/magazine\/pelle-che-prude-dopo-la-doccia-perche-succede-e-come-idratarla-nel-modo-giusto\/#faq-question-1773831996860","name":"\u00c8 normale che la pelle pruda dopo la doccia ogni giorno?","answerCount":1,"acceptedAnswer":{"@type":"Answer","text":"No, non \u00e8 una condizione inevitabile da accettare. Il prurito quotidiano post-doccia \u00e8 un segnale che la barriera cutanea \u00e8 cronicamente compromessa da abitudini o prodotti non adatti. Con i giusti accorgimenti \u2014 temperatura dell'acqua, scelta del detergente, idratazione tempestiva \u2014 la grande maggioranza delle persone risolve il problema in poche settimane. Se il prurito persiste nonostante le modifiche alla routine, \u00e8 opportuno consultare un dermatologo.","inLanguage":"it-IT"},"inLanguage":"it-IT"},{"@type":"Question","@id":"https:\/\/www.ideabellezza.it\/magazine\/pelle-che-prude-dopo-la-doccia-perche-succede-e-come-idratarla-nel-modo-giusto\/#faq-question-1773832008422","position":9,"url":"https:\/\/www.ideabellezza.it\/magazine\/pelle-che-prude-dopo-la-doccia-perche-succede-e-come-idratarla-nel-modo-giusto\/#faq-question-1773832008422","name":"La doccia fredda aiuta contro il prurito?","answerCount":1,"acceptedAnswer":{"@type":"Answer","text":"Una doccia fredda pu\u00f2 dare sollievo temporaneo al prurito gi\u00e0 in corso, perch\u00e9 il freddo ha un effetto vasocostrittore che riduce la sensazione di irritazione. Non \u00e8 per\u00f2 la soluzione al problema di fondo: se la barriera cutanea \u00e8 compromessa, anche l'acqua fredda \u2014 soprattutto se prolungata \u2014 pu\u00f2 peggiorare la secchezza. L'approccio pi\u00f9 efficace \u00e8 usare acqua tiepida durante il lavaggio e, se si desidera, chiudere con un breve risciacquo a temperatura pi\u00f9 fresca.","inLanguage":"it-IT"},"inLanguage":"it-IT"}]}},"_links":{"self":[{"href":"https:\/\/www.ideabellezza.it\/magazine\/wp-json\/wp\/v2\/posts\/4733","targetHints":{"allow":["GET"]}}],"collection":[{"href":"https:\/\/www.ideabellezza.it\/magazine\/wp-json\/wp\/v2\/posts"}],"about":[{"href":"https:\/\/www.ideabellezza.it\/magazine\/wp-json\/wp\/v2\/types\/post"}],"author":[{"embeddable":true,"href":"https:\/\/www.ideabellezza.it\/magazine\/wp-json\/wp\/v2\/users\/1"}],"replies":[{"embeddable":true,"href":"https:\/\/www.ideabellezza.it\/magazine\/wp-json\/wp\/v2\/comments?post=4733"}],"version-history":[{"count":3,"href":"https:\/\/www.ideabellezza.it\/magazine\/wp-json\/wp\/v2\/posts\/4733\/revisions"}],"predecessor-version":[{"id":4761,"href":"https:\/\/www.ideabellezza.it\/magazine\/wp-json\/wp\/v2\/posts\/4733\/revisions\/4761"}],"wp:featuredmedia":[{"embeddable":true,"href":"https:\/\/www.ideabellezza.it\/magazine\/wp-json\/wp\/v2\/media\/4760"}],"wp:attachment":[{"href":"https:\/\/www.ideabellezza.it\/magazine\/wp-json\/wp\/v2\/media?parent=4733"}],"wp:term":[{"taxonomy":"category","embeddable":true,"href":"https:\/\/www.ideabellezza.it\/magazine\/wp-json\/wp\/v2\/categories?post=4733"},{"taxonomy":"post_tag","embeddable":true,"href":"https:\/\/www.ideabellezza.it\/magazine\/wp-json\/wp\/v2\/tags?post=4733"}],"curies":[{"name":"wp","href":"https:\/\/api.w.org\/{rel}","templated":true}]}}