{"id":88,"date":"2026-01-19T14:15:35","date_gmt":"2026-01-19T13:15:35","guid":{"rendered":"https:\/\/www.ideabellezza.it\/magazine\/?p=88"},"modified":"2026-01-19T14:16:11","modified_gmt":"2026-01-19T13:16:11","slug":"come-truccarsi-a-san-valentino","status":"publish","type":"post","link":"https:\/\/www.ideabellezza.it\/magazine\/come-truccarsi-a-san-valentino\/","title":{"rendered":"Come truccarsi a San Valentino: guida completa per un look indimenticabile"},"content":{"rendered":"\n<p>San Valentino \u00e8 uno di quei momenti in cui il trucco smette di essere solo abitudine e diventa una scelta consapevole. Non perch\u00e9 esistano regole particolari, ma perch\u00e9 l\u2019occasione invita a prendersi qualche minuto in pi\u00f9 davanti allo specchio, a riflettere su che immagine si vuole dare e su come ci si vuole sentire. Il make-up, in questo senso, non \u00e8 una maschera: \u00e8 un modo per valorizzare i propri tratti, accompagnare un outfit, adattarsi al contesto e, soprattutto, sentirsi a proprio agio. Che si tratti di una cena romantica, di una serata tra amici o semplicemente di un momento dedicato a s\u00e9, il <strong>trucco di San Valentino<\/strong> funziona quando \u00e8 coerente con chi lo indossa: ecco le migliori proposte su come truccarsi a San Valentino suggerite da <a href=\"https:\/\/www.ideabellezza.it\/\" target=\"_blank\" rel=\"noreferrer noopener\">Idea Bellezza<\/a>.<\/p>\n\n\n\n\n\n<figure class=\"wp-block-image size-full\"><img loading=\"lazy\" decoding=\"async\" width=\"900\" height=\"450\" src=\"https:\/\/magazine.ideabellezza.it\/wp-content\/uploads\/2021\/01\/proposte-trucco-San-Valentino.jpg\" alt=\"proposte trucco San Valentino\" class=\"wp-image-4590\" title=\"proposte trucco San Valentino\" srcset=\"https:\/\/magazine.ideabellezza.it\/wp-content\/uploads\/2021\/01\/proposte-trucco-San-Valentino.jpg 900w, https:\/\/magazine.ideabellezza.it\/wp-content\/uploads\/2021\/01\/proposte-trucco-San-Valentino-300x150.jpg 300w, https:\/\/magazine.ideabellezza.it\/wp-content\/uploads\/2021\/01\/proposte-trucco-San-Valentino-768x384.jpg 768w, https:\/\/magazine.ideabellezza.it\/wp-content\/uploads\/2021\/01\/proposte-trucco-San-Valentino-370x185.jpg 370w, https:\/\/magazine.ideabellezza.it\/wp-content\/uploads\/2021\/01\/proposte-trucco-San-Valentino-760x380.jpg 760w\" sizes=\"auto, (max-width: 900px) 100vw, 900px\" \/><\/figure>\n\n\n\n<h2 class=\"wp-block-heading\">Trucco per le occasioni speciali: San Valentino<\/h2>\n\n\n\n<p>Quando il trucco \u00e8 pensato per un\u2019occasione speciale, cambia l\u2019approccio. Non si tratta solo di \u201cmettere qualcosa in pi\u00f9\u201d, ma di <strong>costruire un look che regga nel tempo<\/strong>, che resti ordinato e che non richieda continui ritocchi. La base \u00e8 il punto di partenza: deve essere uniforme, luminosa ma naturale, senza creare spessore. Un <a href=\"https:\/\/www.ideabellezza.it\/make-up\/viso\/fondotinta\/\" target=\"_blank\" rel=\"noreferrer noopener\">fondotinta<\/a> leggero, un <a href=\"https:\/\/www.ideabellezza.it\/make-up\/viso\/antiocchiaie-e-correttori\/\" target=\"_blank\" rel=\"noreferrer noopener\">correttore<\/a> ben sfumato e una <a href=\"https:\/\/www.ideabellezza.it\/make-up\/viso\/cipria-opacizzante\/\">cipria<\/a> applicata con moderazione permettono alla pelle di apparire fresca per tutta la serata.<\/p>\n\n\n\n<div class=\"wp-block-columns are-vertically-aligned-center is-layout-flex wp-container-core-columns-is-layout-9d6595d7 wp-block-columns-is-layout-flex\">\n<div class=\"wp-block-column is-vertically-aligned-center is-layout-flow wp-block-column-is-layout-flow\">\n<figure class=\"wp-block-image size-full\"><img loading=\"lazy\" decoding=\"async\" width=\"400\" height=\"400\" src=\"https:\/\/magazine.ideabellezza.it\/wp-content\/uploads\/2021\/01\/Skin-Illusion-Fondotinta.jpg\" alt=\"Skin Illusion Fondotinta\" class=\"wp-image-4596\" title=\"Skin Illusion Fondotinta\" srcset=\"https:\/\/magazine.ideabellezza.it\/wp-content\/uploads\/2021\/01\/Skin-Illusion-Fondotinta.jpg 400w, https:\/\/magazine.ideabellezza.it\/wp-content\/uploads\/2021\/01\/Skin-Illusion-Fondotinta-300x300.jpg 300w, https:\/\/magazine.ideabellezza.it\/wp-content\/uploads\/2021\/01\/Skin-Illusion-Fondotinta-150x150.jpg 150w, https:\/\/magazine.ideabellezza.it\/wp-content\/uploads\/2021\/01\/Skin-Illusion-Fondotinta-370x370.jpg 370w, https:\/\/magazine.ideabellezza.it\/wp-content\/uploads\/2021\/01\/Skin-Illusion-Fondotinta-146x146.jpg 146w\" sizes=\"auto, (max-width: 400px) 100vw, 400px\" \/><\/figure>\n\n\n\n<div class=\"wp-block-buttons is-content-justification-center is-layout-flex wp-container-core-buttons-is-layout-16018d1d wp-block-buttons-is-layout-flex\">\n<div class=\"wp-block-button has-custom-width wp-block-button__width-100\"><a class=\"wp-block-button__link has-background wp-element-button\" href=\"https:\/\/www.ideabellezza.it\/skin-illusion-fondotinta\/\" style=\"background-color:#e2007a\" target=\"_blank\" rel=\"noreferrer noopener\">Skin Illusion Fondotinta<\/a><\/div>\n<\/div>\n<\/div>\n\n\n\n<div class=\"wp-block-column is-vertically-aligned-center is-layout-flow wp-block-column-is-layout-flow\">\n<figure class=\"wp-block-image size-full\"><img loading=\"lazy\" decoding=\"async\" width=\"400\" height=\"400\" src=\"https:\/\/magazine.ideabellezza.it\/wp-content\/uploads\/2021\/01\/Geisha-Lift-Concealer.jpg\" alt=\"Geisha Lift Concealer\" class=\"wp-image-4595\" title=\"Geisha Lift Concealer\" srcset=\"https:\/\/magazine.ideabellezza.it\/wp-content\/uploads\/2021\/01\/Geisha-Lift-Concealer.jpg 400w, https:\/\/magazine.ideabellezza.it\/wp-content\/uploads\/2021\/01\/Geisha-Lift-Concealer-300x300.jpg 300w, https:\/\/magazine.ideabellezza.it\/wp-content\/uploads\/2021\/01\/Geisha-Lift-Concealer-150x150.jpg 150w, https:\/\/magazine.ideabellezza.it\/wp-content\/uploads\/2021\/01\/Geisha-Lift-Concealer-370x370.jpg 370w, https:\/\/magazine.ideabellezza.it\/wp-content\/uploads\/2021\/01\/Geisha-Lift-Concealer-146x146.jpg 146w\" sizes=\"auto, (max-width: 400px) 100vw, 400px\" \/><\/figure>\n\n\n\n<div class=\"wp-block-buttons is-content-justification-center is-layout-flex wp-container-core-buttons-is-layout-16018d1d wp-block-buttons-is-layout-flex\">\n<div class=\"wp-block-button has-custom-width wp-block-button__width-100\"><a class=\"wp-block-button__link has-background wp-element-button\" href=\"https:\/\/www.ideabellezza.it\/uomo-crema-gel-energizzante-anti-eta\/\" style=\"background-color:#e2007a\" target=\"_blank\" rel=\"noreferrer noopener\">Geisha Lift Concealer<\/a><\/div>\n<\/div>\n<\/div>\n\n\n\n<div class=\"wp-block-column is-vertically-aligned-center is-layout-flow wp-block-column-is-layout-flow\">\n<figure class=\"wp-block-image size-full\"><img loading=\"lazy\" decoding=\"async\" width=\"400\" height=\"400\" src=\"https:\/\/magazine.ideabellezza.it\/wp-content\/uploads\/2021\/01\/Cipria-Compatta-Opacizzante.jpg\" alt=\"Cipria Compatta Opacizzante\" class=\"wp-image-4594\" title=\"Cipria Compatta Opacizzante\" srcset=\"https:\/\/magazine.ideabellezza.it\/wp-content\/uploads\/2021\/01\/Cipria-Compatta-Opacizzante.jpg 400w, https:\/\/magazine.ideabellezza.it\/wp-content\/uploads\/2021\/01\/Cipria-Compatta-Opacizzante-300x300.jpg 300w, https:\/\/magazine.ideabellezza.it\/wp-content\/uploads\/2021\/01\/Cipria-Compatta-Opacizzante-150x150.jpg 150w, https:\/\/magazine.ideabellezza.it\/wp-content\/uploads\/2021\/01\/Cipria-Compatta-Opacizzante-370x370.jpg 370w, https:\/\/magazine.ideabellezza.it\/wp-content\/uploads\/2021\/01\/Cipria-Compatta-Opacizzante-146x146.jpg 146w\" sizes=\"auto, (max-width: 400px) 100vw, 400px\" \/><\/figure>\n\n\n\n<div class=\"wp-block-buttons is-content-justification-center is-layout-flex wp-container-core-buttons-is-layout-16018d1d wp-block-buttons-is-layout-flex\">\n<div class=\"wp-block-button has-custom-width wp-block-button__width-100\"><a class=\"wp-block-button__link has-background wp-element-button\" href=\"https:\/\/www.ideabellezza.it\/matte-compact-powder-cipria-compatta-opacizzante\/\" style=\"background-color:#e2007a\" target=\"_blank\" rel=\"noreferrer noopener\">Cipria Compatta Opacizzante<\/a><\/div>\n<\/div>\n<\/div>\n<\/div>\n\n\n\n<p>Il secondo passaggio \u00e8 decidere dove concentrare l\u2019attenzione. Occhi o labbra: scegliere un protagonista aiuta a mantenere equilibrio. Un <strong>make-up ben fatto<\/strong> non \u00e8 quello che mostra tutto, ma quello che guida lo sguardo in modo armonioso.<\/p>\n\n\n\n<figure class=\"wp-block-image size-full\"><img loading=\"lazy\" decoding=\"async\" width=\"900\" height=\"504\" src=\"https:\/\/magazine.ideabellezza.it\/wp-content\/uploads\/2021\/01\/trucco-San-Valentino-romantico.jpg\" alt=\"trucco San Valentino romantico\" class=\"wp-image-4589\" title=\"trucco San Valentino romantico\" srcset=\"https:\/\/magazine.ideabellezza.it\/wp-content\/uploads\/2021\/01\/trucco-San-Valentino-romantico.jpg 900w, https:\/\/magazine.ideabellezza.it\/wp-content\/uploads\/2021\/01\/trucco-San-Valentino-romantico-300x168.jpg 300w, https:\/\/magazine.ideabellezza.it\/wp-content\/uploads\/2021\/01\/trucco-San-Valentino-romantico-768x430.jpg 768w, https:\/\/magazine.ideabellezza.it\/wp-content\/uploads\/2021\/01\/trucco-San-Valentino-romantico-370x207.jpg 370w, https:\/\/magazine.ideabellezza.it\/wp-content\/uploads\/2021\/01\/trucco-San-Valentino-romantico-760x426.jpg 760w, https:\/\/magazine.ideabellezza.it\/wp-content\/uploads\/2021\/01\/trucco-San-Valentino-romantico-270x152.jpg 270w\" sizes=\"auto, (max-width: 900px) 100vw, 900px\" \/><\/figure>\n\n\n\n<h3 class=\"wp-block-heading\">Make-Up romantico per San Valentino<\/h3>\n\n\n\n<p>Il <strong>make-up romantico<\/strong> \u00e8 spesso associato a colori delicati, finiture luminose e linee morbide, ma per funzionare davvero deve essere costruito con equilibrio. Il rischio, quando si lavora con toni chiari e texture luminose, \u00e8 quello di ottenere un risultato piatto o, al contrario, troppo carico. Per questo \u00e8 importante partire da un <a href=\"https:\/\/www.ideabellezza.it\/make-up\/viso\/\" target=\"_blank\" rel=\"noreferrer noopener\">trucco viso<\/a> ben curata: la pelle deve apparire uniforme ma non \u201ccoperta\u201d, con un fondotinta leggero o una <a href=\"https:\/\/www.ideabellezza.it\/make-up\/viso\/bb-cc-cream\/\" target=\"_blank\" rel=\"noreferrer noopener\">BB cream<\/a> che lasci intravedere la naturalezza dell\u2019incarnato. Un tocco di <a href=\"https:\/\/www.ideabellezza.it\/make-up\/viso\/blush\/\" target=\"_blank\" rel=\"noreferrer noopener\">blush<\/a> sulle guance, nelle tonalit\u00e0 del rosa tenue o del pesca, serve a dare vitalit\u00e0 al viso senza renderlo artificiale.<\/p>\n\n\n\n<p>Sugli occhi, le nuance ideali di <a href=\"https:\/\/www.ideabellezza.it\/make-up\/occhi\/ombretti\/\" target=\"_blank\" rel=\"noreferrer noopener\">ombretto<\/a> sono quelle che illuminano senza segnare: <strong>rosa cipria, champagne, beige caldo<\/strong>, talvolta con una punta di malva o di bronzo molto chiaro. Le sfumature devono essere morbide, senza stacchi netti, e accompagnate da una definizione discreta delle ciglia per <a href=\"https:\/\/www.ideabellezza.it\/magazine\/ingrandire-gli-occhi-con-il-trucco-dai-valore-al-tuo-sguardo\/\" target=\"_blank\" rel=\"noreferrer noopener\">ingrandire gli occhi con il trucco<\/a>. Meglio evitare <a href=\"https:\/\/www.ideabellezza.it\/make-up\/occhi\/eyeliner\/\" target=\"_blank\" rel=\"noreferrer noopener\">eyeliner<\/a> troppo grafici o ombretti troppo scuri, che sposterebbero il look verso un\u2019estetica pi\u00f9 decisa.<\/p>\n\n\n\n<div class=\"wp-block-columns are-vertically-aligned-center is-layout-flex wp-container-core-columns-is-layout-9d6595d7 wp-block-columns-is-layout-flex\">\n<div class=\"wp-block-column is-vertically-aligned-center is-layout-flow wp-block-column-is-layout-flow\">\n<figure class=\"wp-block-image size-full\"><img loading=\"lazy\" decoding=\"async\" width=\"400\" height=\"400\" src=\"https:\/\/magazine.ideabellezza.it\/wp-content\/uploads\/2021\/01\/Blushing-Blush.jpg\" alt=\"Blushing Blush\" class=\"wp-image-4597\" title=\"Blushing Blush\" srcset=\"https:\/\/magazine.ideabellezza.it\/wp-content\/uploads\/2021\/01\/Blushing-Blush.jpg 400w, https:\/\/magazine.ideabellezza.it\/wp-content\/uploads\/2021\/01\/Blushing-Blush-300x300.jpg 300w, https:\/\/magazine.ideabellezza.it\/wp-content\/uploads\/2021\/01\/Blushing-Blush-150x150.jpg 150w, https:\/\/magazine.ideabellezza.it\/wp-content\/uploads\/2021\/01\/Blushing-Blush-370x370.jpg 370w, https:\/\/magazine.ideabellezza.it\/wp-content\/uploads\/2021\/01\/Blushing-Blush-146x146.jpg 146w\" sizes=\"auto, (max-width: 400px) 100vw, 400px\" \/><\/figure>\n\n\n\n<div class=\"wp-block-buttons is-content-justification-center is-layout-flex wp-container-core-buttons-is-layout-16018d1d wp-block-buttons-is-layout-flex\">\n<div class=\"wp-block-button has-custom-width wp-block-button__width-100\"><a class=\"wp-block-button__link has-background wp-element-button\" href=\"https:\/\/www.ideabellezza.it\/blushing-blush\/\" style=\"background-color:#e2007a\" target=\"_blank\" rel=\"noreferrer noopener\">Blushing Blush<\/a><\/div>\n<\/div>\n<\/div>\n\n\n\n<div class=\"wp-block-column is-vertically-aligned-center is-layout-flow wp-block-column-is-layout-flow\">\n<figure class=\"wp-block-image size-full\"><img loading=\"lazy\" decoding=\"async\" width=\"400\" height=\"400\" src=\"https:\/\/magazine.ideabellezza.it\/wp-content\/uploads\/2021\/01\/Palette-Color-Moods.jpg\" alt=\"Palette Color Moods\" class=\"wp-image-4598\" title=\"Palette Color Moods\" srcset=\"https:\/\/magazine.ideabellezza.it\/wp-content\/uploads\/2021\/01\/Palette-Color-Moods.jpg 400w, https:\/\/magazine.ideabellezza.it\/wp-content\/uploads\/2021\/01\/Palette-Color-Moods-300x300.jpg 300w, https:\/\/magazine.ideabellezza.it\/wp-content\/uploads\/2021\/01\/Palette-Color-Moods-150x150.jpg 150w, https:\/\/magazine.ideabellezza.it\/wp-content\/uploads\/2021\/01\/Palette-Color-Moods-370x370.jpg 370w, https:\/\/magazine.ideabellezza.it\/wp-content\/uploads\/2021\/01\/Palette-Color-Moods-146x146.jpg 146w\" sizes=\"auto, (max-width: 400px) 100vw, 400px\" \/><\/figure>\n\n\n\n<div class=\"wp-block-buttons is-content-justification-center is-layout-flex wp-container-core-buttons-is-layout-16018d1d wp-block-buttons-is-layout-flex\">\n<div class=\"wp-block-button has-custom-width wp-block-button__width-100\"><a class=\"wp-block-button__link has-background wp-element-button\" href=\"https:\/\/www.ideabellezza.it\/ombretto-palette-color-moods\/\" style=\"background-color:#e2007a\" target=\"_blank\" rel=\"noreferrer noopener\">Palette Color Moods<\/a><\/div>\n<\/div>\n<\/div>\n\n\n\n<div class=\"wp-block-column is-vertically-aligned-center is-layout-flow wp-block-column-is-layout-flow\">\n<figure class=\"wp-block-image size-full\"><img loading=\"lazy\" decoding=\"async\" width=\"400\" height=\"400\" src=\"https:\/\/magazine.ideabellezza.it\/wp-content\/uploads\/2021\/01\/Gel-Lipstick.jpg\" alt=\"Gel Lipstick\" class=\"wp-image-4599\" title=\"Gel Lipstick\" srcset=\"https:\/\/magazine.ideabellezza.it\/wp-content\/uploads\/2021\/01\/Gel-Lipstick.jpg 400w, https:\/\/magazine.ideabellezza.it\/wp-content\/uploads\/2021\/01\/Gel-Lipstick-300x300.jpg 300w, https:\/\/magazine.ideabellezza.it\/wp-content\/uploads\/2021\/01\/Gel-Lipstick-150x150.jpg 150w, https:\/\/magazine.ideabellezza.it\/wp-content\/uploads\/2021\/01\/Gel-Lipstick-370x370.jpg 370w, https:\/\/magazine.ideabellezza.it\/wp-content\/uploads\/2021\/01\/Gel-Lipstick-146x146.jpg 146w\" sizes=\"auto, (max-width: 400px) 100vw, 400px\" \/><\/figure>\n\n\n\n<div class=\"wp-block-buttons is-content-justification-center is-layout-flex wp-container-core-buttons-is-layout-16018d1d wp-block-buttons-is-layout-flex\">\n<div class=\"wp-block-button has-custom-width wp-block-button__width-100\"><a class=\"wp-block-button__link has-background wp-element-button\" href=\"https:\/\/www.ideabellezza.it\/technosatin-gel-lipstick\/\" style=\"background-color:#e2007a\" target=\"_blank\" rel=\"noreferrer noopener\">Gel Lipstick<\/a><\/div>\n<\/div>\n<\/div>\n<\/div>\n\n\n\n<p>Se si sceglie di rendere protagoniste le labbra, con un <a href=\"https:\/\/www.ideabellezza.it\/make-up\/labbra\/rossetti\/\" target=\"_blank\" rel=\"noreferrer noopener\">rossetto<\/a> rosso classico o un rosa intenso, \u00e8 importante che <strong>tutto il resto resti leggero<\/strong>. Questo non significa \u201cincompleto\u201d, ma semplicemente calibrato: sopracciglia ordinate, pelle luminosa, occhi puliti ma curati. Il risultato ideale \u00e8 quello di un trucco che non sembra costruito a tavolino, ma che d\u00e0 l\u2019impressione di essere nato cos\u00ec, spontaneamente. <\/p>\n\n\n\n<figure class=\"wp-block-image size-full\"><img loading=\"lazy\" decoding=\"async\" width=\"900\" height=\"600\" src=\"https:\/\/magazine.ideabellezza.it\/wp-content\/uploads\/2021\/01\/make-up-originale-San-Valentino.jpg\" alt=\"make up originale San Valentino\" class=\"wp-image-4584\" title=\"make up originale San Valentino\" srcset=\"https:\/\/magazine.ideabellezza.it\/wp-content\/uploads\/2021\/01\/make-up-originale-San-Valentino.jpg 900w, https:\/\/magazine.ideabellezza.it\/wp-content\/uploads\/2021\/01\/make-up-originale-San-Valentino-300x200.jpg 300w, https:\/\/magazine.ideabellezza.it\/wp-content\/uploads\/2021\/01\/make-up-originale-San-Valentino-768x512.jpg 768w, https:\/\/magazine.ideabellezza.it\/wp-content\/uploads\/2021\/01\/make-up-originale-San-Valentino-370x247.jpg 370w, https:\/\/magazine.ideabellezza.it\/wp-content\/uploads\/2021\/01\/make-up-originale-San-Valentino-760x507.jpg 760w\" sizes=\"auto, (max-width: 900px) 100vw, 900px\" \/><\/figure>\n\n\n\n<h3 class=\"wp-block-heading\">Make-up originale per San Valentino<\/h3>\n\n\n\n<p>Chi non si riconosce nei canoni pi\u00f9 classici pu\u00f2 usare San Valentino come occasione per sperimentare, ma con un approccio consapevole. Un make-up originale non nasce dall\u2019accumulo di elementi, bens\u00ec da una scelta precisa: un colore, una texture, una linea leggermente diversa dal solito. Spesso basta modificare un solo dettaglio per cambiare completamente il risultato. Un <strong>rossetto corallo, pesca o lampone<\/strong>, ad esempio, pu\u00f2 sostituire il classico rosso senza perdere raffinatezza, ma dando al look un\u2019impronta pi\u00f9 personale e meno prevedibile.<\/p>\n\n\n\n<div class=\"wp-block-columns are-vertically-aligned-center is-layout-flex wp-container-core-columns-is-layout-9d6595d7 wp-block-columns-is-layout-flex\">\n<div class=\"wp-block-column is-vertically-aligned-center is-layout-flow wp-block-column-is-layout-flow\">\n<figure class=\"wp-block-image size-full\"><img loading=\"lazy\" decoding=\"async\" width=\"400\" height=\"400\" src=\"https:\/\/magazine.ideabellezza.it\/wp-content\/uploads\/2021\/01\/Color-Icon-Glitter.jpg\" alt=\"Color Icon Glitter\" class=\"wp-image-4601\" title=\"Color Icon Glitter\" srcset=\"https:\/\/magazine.ideabellezza.it\/wp-content\/uploads\/2021\/01\/Color-Icon-Glitter.jpg 400w, https:\/\/magazine.ideabellezza.it\/wp-content\/uploads\/2021\/01\/Color-Icon-Glitter-300x300.jpg 300w, https:\/\/magazine.ideabellezza.it\/wp-content\/uploads\/2021\/01\/Color-Icon-Glitter-150x150.jpg 150w, https:\/\/magazine.ideabellezza.it\/wp-content\/uploads\/2021\/01\/Color-Icon-Glitter-370x370.jpg 370w, https:\/\/magazine.ideabellezza.it\/wp-content\/uploads\/2021\/01\/Color-Icon-Glitter-146x146.jpg 146w\" sizes=\"auto, (max-width: 400px) 100vw, 400px\" \/><\/figure>\n\n\n\n<div class=\"wp-block-buttons is-content-justification-center is-layout-flex wp-container-core-buttons-is-layout-16018d1d wp-block-buttons-is-layout-flex\">\n<div class=\"wp-block-button has-custom-width wp-block-button__width-100\"><a class=\"wp-block-button__link has-background wp-element-button\" href=\"https:\/\/www.ideabellezza.it\/color-icon-glitter\/\" style=\"background-color:#e2007a\" target=\"_blank\" rel=\"noreferrer noopener\">Color Icon Glitter<\/a><\/div>\n<\/div>\n<\/div>\n\n\n\n<div class=\"wp-block-column is-vertically-aligned-center is-layout-flow wp-block-column-is-layout-flow\">\n<figure class=\"wp-block-image size-full\"><img loading=\"lazy\" decoding=\"async\" width=\"400\" height=\"400\" src=\"https:\/\/magazine.ideabellezza.it\/wp-content\/uploads\/2021\/01\/Quickliner-For-Eyes.jpg\" alt=\"Quickliner For Eyes\" class=\"wp-image-4602\" title=\"Quickliner For Eyes\" srcset=\"https:\/\/magazine.ideabellezza.it\/wp-content\/uploads\/2021\/01\/Quickliner-For-Eyes.jpg 400w, https:\/\/magazine.ideabellezza.it\/wp-content\/uploads\/2021\/01\/Quickliner-For-Eyes-300x300.jpg 300w, https:\/\/magazine.ideabellezza.it\/wp-content\/uploads\/2021\/01\/Quickliner-For-Eyes-150x150.jpg 150w, https:\/\/magazine.ideabellezza.it\/wp-content\/uploads\/2021\/01\/Quickliner-For-Eyes-370x370.jpg 370w, https:\/\/magazine.ideabellezza.it\/wp-content\/uploads\/2021\/01\/Quickliner-For-Eyes-146x146.jpg 146w\" sizes=\"auto, (max-width: 400px) 100vw, 400px\" \/><\/figure>\n\n\n\n<div class=\"wp-block-buttons is-content-justification-center is-layout-flex wp-container-core-buttons-is-layout-16018d1d wp-block-buttons-is-layout-flex\">\n<div class=\"wp-block-button has-custom-width wp-block-button__width-100\"><a class=\"wp-block-button__link has-background wp-element-button\" href=\"https:\/\/www.ideabellezza.it\/quickliner-for-eyes-matita-occhi\/\" style=\"background-color:#e2007a\" target=\"_blank\" rel=\"noreferrer noopener\">Quickliner For Eyes<\/a><\/div>\n<\/div>\n<\/div>\n\n\n\n<div class=\"wp-block-column is-vertically-aligned-center is-layout-flow wp-block-column-is-layout-flow\">\n<figure class=\"wp-block-image size-full\"><img loading=\"lazy\" decoding=\"async\" width=\"400\" height=\"400\" src=\"https:\/\/magazine.ideabellezza.it\/wp-content\/uploads\/2021\/01\/Cult-Creamy-Lipstick.jpg\" alt=\"Cult Creamy Lipstick\" class=\"wp-image-4600\" title=\"Cult Creamy Lipstick\" srcset=\"https:\/\/magazine.ideabellezza.it\/wp-content\/uploads\/2021\/01\/Cult-Creamy-Lipstick.jpg 400w, https:\/\/magazine.ideabellezza.it\/wp-content\/uploads\/2021\/01\/Cult-Creamy-Lipstick-300x300.jpg 300w, https:\/\/magazine.ideabellezza.it\/wp-content\/uploads\/2021\/01\/Cult-Creamy-Lipstick-150x150.jpg 150w, https:\/\/magazine.ideabellezza.it\/wp-content\/uploads\/2021\/01\/Cult-Creamy-Lipstick-370x370.jpg 370w, https:\/\/magazine.ideabellezza.it\/wp-content\/uploads\/2021\/01\/Cult-Creamy-Lipstick-146x146.jpg 146w\" sizes=\"auto, (max-width: 400px) 100vw, 400px\" \/><\/figure>\n\n\n\n<div class=\"wp-block-buttons is-content-justification-center is-layout-flex wp-container-core-buttons-is-layout-16018d1d wp-block-buttons-is-layout-flex\">\n<div class=\"wp-block-button has-custom-width wp-block-button__width-100\"><a class=\"wp-block-button__link has-background wp-element-button\" href=\"https:\/\/www.ideabellezza.it\/cult-creamy-lipstick\/\" style=\"background-color:#e2007a\" target=\"_blank\" rel=\"noreferrer noopener\">Cult Creamy Lipstick<\/a><\/div>\n<\/div>\n<\/div>\n<\/div>\n\n\n\n<p>Anche per il <a href=\"https:\/\/www.ideabellezza.it\/make-up\/occhi\/\" target=\"_blank\" rel=\"noreferrer noopener\">trucco occhi<\/a> si pu\u00f2 lavorare in questa direzione, scegliendo tonalit\u00e0 meno scontate o finish particolari, come <strong>satinati o leggermente metallici<\/strong>, che catturano la luce senza risultare invadenti. L\u2019importante \u00e8 che la sperimentazione resti controllata: le sfumature devono essere ben lavorate, i passaggi morbidi, i contrasti pensati. Per questo motivo, la base deve restare molto naturale, quasi \u201ctrasparente\u201d, in modo da non competere con il colore scelto.<\/p>\n\n\n\n<figure class=\"wp-block-image size-full\"><img loading=\"lazy\" decoding=\"async\" width=\"900\" height=\"504\" src=\"https:\/\/magazine.ideabellezza.it\/wp-content\/uploads\/2021\/01\/trucco-San-Valentino-vintage.jpg\" alt=\"trucco San Valentino vintage\" class=\"wp-image-4587\" title=\"trucco San Valentino vintage\" srcset=\"https:\/\/magazine.ideabellezza.it\/wp-content\/uploads\/2021\/01\/trucco-San-Valentino-vintage.jpg 900w, https:\/\/magazine.ideabellezza.it\/wp-content\/uploads\/2021\/01\/trucco-San-Valentino-vintage-300x168.jpg 300w, https:\/\/magazine.ideabellezza.it\/wp-content\/uploads\/2021\/01\/trucco-San-Valentino-vintage-768x430.jpg 768w, https:\/\/magazine.ideabellezza.it\/wp-content\/uploads\/2021\/01\/trucco-San-Valentino-vintage-370x207.jpg 370w, https:\/\/magazine.ideabellezza.it\/wp-content\/uploads\/2021\/01\/trucco-San-Valentino-vintage-760x426.jpg 760w, https:\/\/magazine.ideabellezza.it\/wp-content\/uploads\/2021\/01\/trucco-San-Valentino-vintage-270x152.jpg 270w\" sizes=\"auto, (max-width: 900px) 100vw, 900px\" \/><\/figure>\n\n\n\n<h3 class=\"wp-block-heading\">Trucco per un San Valentino vintage<\/h3>\n\n\n\n<p>Il trucco vintage si basa su un <strong>equilibrio preciso tra discrezione e definizione<\/strong>. Non \u00e8 un look nostalgico in senso letterale, ma una rilettura morbida di estetiche passate, in cui ogni elemento \u00e8 pensato per armonizzarsi con il resto del viso. Le linee sono dolci, mai troppo marcate, e i colori non cercano l\u2019impatto immediato, ma una continuit\u00e0 visiva che renda il risultato coerente e raffinato. La base deve essere uniforme ma non piatta: l\u2019incarnato va levigato senza perdere tridimensionalit\u00e0, mantenendo una luminosit\u00e0 naturale.<\/p>\n\n\n\n<p>Le sopracciglia sono importanti, ma non devono diventare protagoniste. Vanno pettinate, leggermente riempite, lasciando che la loro forma naturale guidi il risultato. Sugli occhi si lavora con luce pi\u00f9 che con contrasto: <strong>ombretti satinati o leggermente opachi<\/strong> aiutano a definire senza appesantire, mentre le sfumature devono restare morbide, senza stacchi netti. Il <a href=\"https:\/\/www.ideabellezza.it\/make-up\/occhi\/mascara\/\" target=\"_blank\" rel=\"noreferrer noopener\">mascara<\/a> completa lo sguardo, ma senza eccessi di volume o lunghezza artificiale.<\/p>\n\n\n\n<div class=\"wp-block-columns are-vertically-aligned-center is-layout-flex wp-container-core-columns-is-layout-9d6595d7 wp-block-columns-is-layout-flex\">\n<div class=\"wp-block-column is-vertically-aligned-center is-layout-flow wp-block-column-is-layout-flow\">\n<figure class=\"wp-block-image size-full\"><img loading=\"lazy\" decoding=\"async\" width=\"400\" height=\"400\" src=\"https:\/\/magazine.ideabellezza.it\/wp-content\/uploads\/2021\/01\/Matita-Per-Sopracciglia.jpg\" alt=\"Matita Per Sopracciglia\" class=\"wp-image-4605\" title=\"Matita Per Sopracciglia\" srcset=\"https:\/\/magazine.ideabellezza.it\/wp-content\/uploads\/2021\/01\/Matita-Per-Sopracciglia.jpg 400w, https:\/\/magazine.ideabellezza.it\/wp-content\/uploads\/2021\/01\/Matita-Per-Sopracciglia-300x300.jpg 300w, https:\/\/magazine.ideabellezza.it\/wp-content\/uploads\/2021\/01\/Matita-Per-Sopracciglia-150x150.jpg 150w, https:\/\/magazine.ideabellezza.it\/wp-content\/uploads\/2021\/01\/Matita-Per-Sopracciglia-370x370.jpg 370w, https:\/\/magazine.ideabellezza.it\/wp-content\/uploads\/2021\/01\/Matita-Per-Sopracciglia-146x146.jpg 146w\" sizes=\"auto, (max-width: 400px) 100vw, 400px\" \/><\/figure>\n\n\n\n<div class=\"wp-block-buttons is-content-justification-center is-layout-flex wp-container-core-buttons-is-layout-16018d1d wp-block-buttons-is-layout-flex\">\n<div class=\"wp-block-button has-custom-width wp-block-button__width-100\"><a class=\"wp-block-button__link has-background wp-element-button\" href=\"https:\/\/www.ideabellezza.it\/brow-ambition-matita-per-sopracciglia\/\" style=\"background-color:#e2007a\" target=\"_blank\" rel=\"noreferrer noopener\">Matita Per Sopracciglia<\/a><\/div>\n<\/div>\n<\/div>\n\n\n\n<div class=\"wp-block-column is-vertically-aligned-center is-layout-flow wp-block-column-is-layout-flow\">\n<figure class=\"wp-block-image size-full\"><img loading=\"lazy\" decoding=\"async\" width=\"400\" height=\"400\" src=\"https:\/\/magazine.ideabellezza.it\/wp-content\/uploads\/2021\/01\/Mascara-Vamp.jpg\" alt=\"Mascara Vamp!\" class=\"wp-image-4604\" title=\"Mascara Vamp!\" srcset=\"https:\/\/magazine.ideabellezza.it\/wp-content\/uploads\/2021\/01\/Mascara-Vamp.jpg 400w, https:\/\/magazine.ideabellezza.it\/wp-content\/uploads\/2021\/01\/Mascara-Vamp-300x300.jpg 300w, https:\/\/magazine.ideabellezza.it\/wp-content\/uploads\/2021\/01\/Mascara-Vamp-150x150.jpg 150w, https:\/\/magazine.ideabellezza.it\/wp-content\/uploads\/2021\/01\/Mascara-Vamp-370x370.jpg 370w, https:\/\/magazine.ideabellezza.it\/wp-content\/uploads\/2021\/01\/Mascara-Vamp-146x146.jpg 146w\" sizes=\"auto, (max-width: 400px) 100vw, 400px\" \/><\/figure>\n\n\n\n<div class=\"wp-block-buttons is-content-justification-center is-layout-flex wp-container-core-buttons-is-layout-16018d1d wp-block-buttons-is-layout-flex\">\n<div class=\"wp-block-button has-custom-width wp-block-button__width-100\"><a class=\"wp-block-button__link has-background wp-element-button\" href=\"https:\/\/www.ideabellezza.it\/mascara-vamp\/\" style=\"background-color:#e2007a\" target=\"_blank\" rel=\"noreferrer noopener\">Mascara Vamp!<\/a><\/div>\n<\/div>\n<\/div>\n\n\n\n<div class=\"wp-block-column is-vertically-aligned-center is-layout-flow wp-block-column-is-layout-flow\">\n<figure class=\"wp-block-image size-full\"><img loading=\"lazy\" decoding=\"async\" width=\"400\" height=\"400\" src=\"https:\/\/magazine.ideabellezza.it\/wp-content\/uploads\/2021\/01\/Puro-Gioiello-Rossetto-Velvet.jpg\" alt=\"Puro Gioiello Rossetto Velvet\" class=\"wp-image-4603\" title=\"Puro Gioiello Rossetto Velvet\" srcset=\"https:\/\/magazine.ideabellezza.it\/wp-content\/uploads\/2021\/01\/Puro-Gioiello-Rossetto-Velvet.jpg 400w, https:\/\/magazine.ideabellezza.it\/wp-content\/uploads\/2021\/01\/Puro-Gioiello-Rossetto-Velvet-300x300.jpg 300w, https:\/\/magazine.ideabellezza.it\/wp-content\/uploads\/2021\/01\/Puro-Gioiello-Rossetto-Velvet-150x150.jpg 150w, https:\/\/magazine.ideabellezza.it\/wp-content\/uploads\/2021\/01\/Puro-Gioiello-Rossetto-Velvet-370x370.jpg 370w, https:\/\/magazine.ideabellezza.it\/wp-content\/uploads\/2021\/01\/Puro-Gioiello-Rossetto-Velvet-146x146.jpg 146w\" sizes=\"auto, (max-width: 400px) 100vw, 400px\" \/><\/figure>\n\n\n\n<div class=\"wp-block-buttons is-content-justification-center is-layout-flex wp-container-core-buttons-is-layout-16018d1d wp-block-buttons-is-layout-flex\">\n<div class=\"wp-block-button has-custom-width wp-block-button__width-100\"><a class=\"wp-block-button__link has-background wp-element-button\" href=\"https:\/\/www.ideabellezza.it\/puro-gioiello-rossetto-velvet\/\" style=\"background-color:#e2007a\" target=\"_blank\" rel=\"noreferrer noopener\">Puro Gioiello Rossetto Velvet<\/a><\/div>\n<\/div>\n<\/div>\n<\/div>\n\n\n\n<p>Le tonalit\u00e0 pi\u00f9 adatte sono quelle chiare e calde come beige, champagne, rosa antico perch\u00e9 valorizzano l\u2019incarnato e si fondono facilmente tra loro. Le labbra restano naturali, con <strong>rossetti nude, rosati o leggermente pescati<\/strong>, che non interrompono la continuit\u00e0 cromatica del look. <\/p>\n\n\n\n<figure class=\"wp-block-image size-full\"><img loading=\"lazy\" decoding=\"async\" width=\"900\" height=\"450\" src=\"https:\/\/magazine.ideabellezza.it\/wp-content\/uploads\/2021\/01\/trucco-San-Valentino-sexy.jpg\" alt=\"trucco San Valentino sexy\" class=\"wp-image-4588\" title=\"trucco San Valentino sexy\" srcset=\"https:\/\/magazine.ideabellezza.it\/wp-content\/uploads\/2021\/01\/trucco-San-Valentino-sexy.jpg 900w, https:\/\/magazine.ideabellezza.it\/wp-content\/uploads\/2021\/01\/trucco-San-Valentino-sexy-300x150.jpg 300w, https:\/\/magazine.ideabellezza.it\/wp-content\/uploads\/2021\/01\/trucco-San-Valentino-sexy-768x384.jpg 768w, https:\/\/magazine.ideabellezza.it\/wp-content\/uploads\/2021\/01\/trucco-San-Valentino-sexy-370x185.jpg 370w, https:\/\/magazine.ideabellezza.it\/wp-content\/uploads\/2021\/01\/trucco-San-Valentino-sexy-760x380.jpg 760w\" sizes=\"auto, (max-width: 900px) 100vw, 900px\" \/><\/figure>\n\n\n\n<h3 class=\"wp-block-heading\">Make-up sexy per San Valentino<\/h3>\n\n\n\n<p>Un trucco pi\u00f9 sensuale non ha bisogno di essere carico, ma di essere <strong>preciso<\/strong>. La sensualit\u00e0 nel make-up nasce quasi sempre dal controllo: pochi elementi, ma scelti con intenzione. In questo tipo di look, il punto focale \u00e8 il <a href=\"https:\/\/www.ideabellezza.it\/make-up\/labbra\/\" target=\"_blank\" rel=\"noreferrer noopener\">trucco labbra<\/a>, che diventa il centro visivo del volto. Tonalit\u00e0 come rosso intenso, bordeaux o prugna funzionano perch\u00e9 comunicano decisione e carattere, ma devono essere applicate con attenzione, definendo bene i contorni e lavorando sulla simmetria.<\/p>\n\n\n\n<p>Per far s\u00ec che il rossetto risalti davvero, la base deve essere pulita e uniforme. Non serve una coprenza eccessiva, ma \u00e8 importante che <strong>l\u2019incarnato appaia compatto e luminoso<\/strong>, senza discromie evidenti che distraggano dallo sguardo o dalle labbra. <a href=\"https:\/\/www.ideabellezza.it\/magazine\/contouring-per-principianti-trasforma-il-tuo-viso-con-pochi-semplici-passaggi\/\" target=\"_blank\" rel=\"noreferrer noopener\">Tracciare un contouring leggero<\/a>, appena accennato, pu\u00f2 aiutare a dare struttura al viso senza rendere il risultato artificiale.<\/p>\n\n\n\n<div class=\"wp-block-columns are-vertically-aligned-center is-layout-flex wp-container-core-columns-is-layout-9d6595d7 wp-block-columns-is-layout-flex\">\n<div class=\"wp-block-column is-vertically-aligned-center is-layout-flow wp-block-column-is-layout-flow\">\n<figure class=\"wp-block-image size-full\"><img loading=\"lazy\" decoding=\"async\" width=\"400\" height=\"400\" src=\"https:\/\/magazine.ideabellezza.it\/wp-content\/uploads\/2021\/01\/Linterdit-Mascara.jpg\" alt=\"L'interdit Mascara\" class=\"wp-image-4607\" title=\"L'interdit Mascara\" srcset=\"https:\/\/magazine.ideabellezza.it\/wp-content\/uploads\/2021\/01\/Linterdit-Mascara.jpg 400w, https:\/\/magazine.ideabellezza.it\/wp-content\/uploads\/2021\/01\/Linterdit-Mascara-300x300.jpg 300w, https:\/\/magazine.ideabellezza.it\/wp-content\/uploads\/2021\/01\/Linterdit-Mascara-150x150.jpg 150w, https:\/\/magazine.ideabellezza.it\/wp-content\/uploads\/2021\/01\/Linterdit-Mascara-370x370.jpg 370w, https:\/\/magazine.ideabellezza.it\/wp-content\/uploads\/2021\/01\/Linterdit-Mascara-146x146.jpg 146w\" sizes=\"auto, (max-width: 400px) 100vw, 400px\" \/><\/figure>\n\n\n\n<div class=\"wp-block-buttons is-content-justification-center is-layout-flex wp-container-core-buttons-is-layout-16018d1d wp-block-buttons-is-layout-flex\">\n<div class=\"wp-block-button has-custom-width wp-block-button__width-100\"><a class=\"wp-block-button__link has-background wp-element-button\" href=\"https:\/\/www.ideabellezza.it\/l-interdit-mascara-01-black\/\" style=\"background-color:#e2007a\" target=\"_blank\" rel=\"noreferrer noopener\">L&#8217;interdit Mascara<\/a><\/div>\n<\/div>\n<\/div>\n\n\n\n<div class=\"wp-block-column is-vertically-aligned-center is-layout-flow wp-block-column-is-layout-flow\">\n<figure class=\"wp-block-image size-full\"><img loading=\"lazy\" decoding=\"async\" width=\"400\" height=\"400\" src=\"https:\/\/magazine.ideabellezza.it\/wp-content\/uploads\/2021\/01\/Art-Of-Skin-Contour-Stick.jpg\" alt=\"Art Of Skin Contour Stick\" class=\"wp-image-4608\" title=\"Art Of Skin Contour Stick\" srcset=\"https:\/\/magazine.ideabellezza.it\/wp-content\/uploads\/2021\/01\/Art-Of-Skin-Contour-Stick.jpg 400w, https:\/\/magazine.ideabellezza.it\/wp-content\/uploads\/2021\/01\/Art-Of-Skin-Contour-Stick-300x300.jpg 300w, https:\/\/magazine.ideabellezza.it\/wp-content\/uploads\/2021\/01\/Art-Of-Skin-Contour-Stick-150x150.jpg 150w, https:\/\/magazine.ideabellezza.it\/wp-content\/uploads\/2021\/01\/Art-Of-Skin-Contour-Stick-370x370.jpg 370w, https:\/\/magazine.ideabellezza.it\/wp-content\/uploads\/2021\/01\/Art-Of-Skin-Contour-Stick-146x146.jpg 146w\" sizes=\"auto, (max-width: 400px) 100vw, 400px\" \/><\/figure>\n\n\n\n<div class=\"wp-block-buttons is-content-justification-center is-layout-flex wp-container-core-buttons-is-layout-16018d1d wp-block-buttons-is-layout-flex\">\n<div class=\"wp-block-button has-custom-width wp-block-button__width-100\"><a class=\"wp-block-button__link has-background wp-element-button\" href=\"https:\/\/www.ideabellezza.it\/art-of-skin-contour-stick\/\" style=\"background-color:#e2007a\" target=\"_blank\" rel=\"noreferrer noopener\">Art Of Skin Contour Stick<\/a><\/div>\n<\/div>\n<\/div>\n\n\n\n<div class=\"wp-block-column is-vertically-aligned-center is-layout-flow wp-block-column-is-layout-flow\">\n<figure class=\"wp-block-image size-full\"><img loading=\"lazy\" decoding=\"async\" width=\"400\" height=\"400\" src=\"https:\/\/magazine.ideabellezza.it\/wp-content\/uploads\/2021\/01\/Kisskiss-Shine-Bloom.jpg\" alt=\"Kisskiss Shine Bloom\" class=\"wp-image-4606\" title=\"Kisskiss Shine Bloom\" srcset=\"https:\/\/magazine.ideabellezza.it\/wp-content\/uploads\/2021\/01\/Kisskiss-Shine-Bloom.jpg 400w, https:\/\/magazine.ideabellezza.it\/wp-content\/uploads\/2021\/01\/Kisskiss-Shine-Bloom-300x300.jpg 300w, https:\/\/magazine.ideabellezza.it\/wp-content\/uploads\/2021\/01\/Kisskiss-Shine-Bloom-150x150.jpg 150w, https:\/\/magazine.ideabellezza.it\/wp-content\/uploads\/2021\/01\/Kisskiss-Shine-Bloom-370x370.jpg 370w, https:\/\/magazine.ideabellezza.it\/wp-content\/uploads\/2021\/01\/Kisskiss-Shine-Bloom-146x146.jpg 146w\" sizes=\"auto, (max-width: 400px) 100vw, 400px\" \/><\/figure>\n\n\n\n<div class=\"wp-block-buttons is-content-justification-center is-layout-flex wp-container-core-buttons-is-layout-16018d1d wp-block-buttons-is-layout-flex\">\n<div class=\"wp-block-button has-custom-width wp-block-button__width-100\"><a class=\"wp-block-button__link has-background wp-element-button\" href=\"https:\/\/www.ideabellezza.it\/kisskiss-shine-bloom-rossetto-brillante\/\" style=\"background-color:#e2007a\" target=\"_blank\" rel=\"noreferrer noopener\">Kisskiss Shine Bloom<\/a><\/div>\n<\/div>\n<\/div>\n<\/div>\n\n\n\n<p>Sugli occhi \u00e8 meglio restare essenziali. Una linea sottile, ben tracciata, e un mascara che separi e allunghi le ciglia sono spesso pi\u00f9 efficaci di smokey troppo elaborati. L\u2019idea \u00e8 che lo sguardo accompagni le labbra, non che le metta in competizione. <strong>Ombretti nude o leggermente satinati<\/strong> aiutano a mantenere profondit\u00e0 senza appesantire.<\/p>\n\n\n\n<figure class=\"wp-block-image size-full\"><img loading=\"lazy\" decoding=\"async\" width=\"900\" height=\"700\" src=\"https:\/\/magazine.ideabellezza.it\/wp-content\/uploads\/2021\/01\/trucco-San-Valentino-rock.jpg\" alt=\"trucco San Valentino rock\" class=\"wp-image-4586\" title=\"trucco San Valentino rock\" srcset=\"https:\/\/magazine.ideabellezza.it\/wp-content\/uploads\/2021\/01\/trucco-San-Valentino-rock.jpg 900w, https:\/\/magazine.ideabellezza.it\/wp-content\/uploads\/2021\/01\/trucco-San-Valentino-rock-300x233.jpg 300w, https:\/\/magazine.ideabellezza.it\/wp-content\/uploads\/2021\/01\/trucco-San-Valentino-rock-768x597.jpg 768w, https:\/\/magazine.ideabellezza.it\/wp-content\/uploads\/2021\/01\/trucco-San-Valentino-rock-370x288.jpg 370w, https:\/\/magazine.ideabellezza.it\/wp-content\/uploads\/2021\/01\/trucco-San-Valentino-rock-760x591.jpg 760w\" sizes=\"auto, (max-width: 900px) 100vw, 900px\" \/><\/figure>\n\n\n\n<h3 class=\"wp-block-heading\">Happy Valentine&#8217;s rock day: trucco glam per San Valentino<\/h3>\n\n\n\n<p>Per chi ama uno stile pi\u00f9 deciso, il trucco rock pu\u00f2 essere un\u2019alternativa credibile anche a San Valentino. Non \u00e8 una scelta di rottura fine a se stessa, ma un modo diverso di interpretare l\u2019occasione, con un\u2019estetica pi\u00f9 intensa e caratterizzata. In questo caso lo sguardo \u00e8 il vero protagonista: <strong>smokey eyes profondi, sfumature scure e contrasti pi\u00f9 marcati<\/strong> creano immediatamente un\u2019atmosfera pi\u00f9 forte e riconoscibile.<\/p>\n\n\n\n<p>La differenza tra un trucco rock riuscito e uno che appare semplicemente pesante sta nella qualit\u00e0 delle sfumature. I passaggi tra i colori devono essere morbidi, senza stacchi netti, e la costruzione deve avvenire per gradi. L\u2019errore pi\u00f9 comune \u00e8 caricare troppo in una sola volta: meglio lavorare per <strong>stratificazioni leggere<\/strong>, costruendo intensit\u00e0 e profondit\u00e0 con calma. La base, come sempre, deve restare ordinata, compatta e luminosa, perch\u00e9 \u00e8 proprio questo contrasto tra pelle pulita e occhi intensi a rendere il look elegante e non trasandato.<\/p>\n\n\n\n<div class=\"wp-block-columns are-vertically-aligned-center is-layout-flex wp-container-core-columns-is-layout-9d6595d7 wp-block-columns-is-layout-flex\">\n<div class=\"wp-block-column is-vertically-aligned-center is-layout-flow wp-block-column-is-layout-flow\">\n<figure class=\"wp-block-image size-full\"><img loading=\"lazy\" decoding=\"async\" width=\"400\" height=\"400\" src=\"https:\/\/magazine.ideabellezza.it\/wp-content\/uploads\/2021\/01\/Long-Smoked.jpg\" alt=\"Long Smoked\" class=\"wp-image-4610\" title=\"L'interdit Mascara\" srcset=\"https:\/\/magazine.ideabellezza.it\/wp-content\/uploads\/2021\/01\/Long-Smoked.jpg 400w, https:\/\/magazine.ideabellezza.it\/wp-content\/uploads\/2021\/01\/Long-Smoked-300x300.jpg 300w, https:\/\/magazine.ideabellezza.it\/wp-content\/uploads\/2021\/01\/Long-Smoked-150x150.jpg 150w, https:\/\/magazine.ideabellezza.it\/wp-content\/uploads\/2021\/01\/Long-Smoked-370x370.jpg 370w, https:\/\/magazine.ideabellezza.it\/wp-content\/uploads\/2021\/01\/Long-Smoked-146x146.jpg 146w\" sizes=\"auto, (max-width: 400px) 100vw, 400px\" \/><\/figure>\n\n\n\n<div class=\"wp-block-buttons is-content-justification-center is-layout-flex wp-container-core-buttons-is-layout-16018d1d wp-block-buttons-is-layout-flex\">\n<div class=\"wp-block-button has-custom-width wp-block-button__width-100\"><a class=\"wp-block-button__link has-background wp-element-button\" href=\"https:\/\/www.ideabellezza.it\/long-smoked-palette-occhi\/\" style=\"background-color:#e2007a\" target=\"_blank\" rel=\"noreferrer noopener\">Long Smoked<\/a><\/div>\n<\/div>\n<\/div>\n\n\n\n<div class=\"wp-block-column is-vertically-aligned-center is-layout-flow wp-block-column-is-layout-flow\">\n<figure class=\"wp-block-image size-full\"><img loading=\"lazy\" decoding=\"async\" width=\"400\" height=\"400\" src=\"https:\/\/magazine.ideabellezza.it\/wp-content\/uploads\/2021\/01\/My-Happytoy-Eyeliner.jpg\" alt=\"My Happytoy Eyeliner\" class=\"wp-image-4611\" title=\"My Happytoy Eyeliner\" srcset=\"https:\/\/magazine.ideabellezza.it\/wp-content\/uploads\/2021\/01\/My-Happytoy-Eyeliner.jpg 400w, https:\/\/magazine.ideabellezza.it\/wp-content\/uploads\/2021\/01\/My-Happytoy-Eyeliner-300x300.jpg 300w, https:\/\/magazine.ideabellezza.it\/wp-content\/uploads\/2021\/01\/My-Happytoy-Eyeliner-150x150.jpg 150w, https:\/\/magazine.ideabellezza.it\/wp-content\/uploads\/2021\/01\/My-Happytoy-Eyeliner-370x370.jpg 370w, https:\/\/magazine.ideabellezza.it\/wp-content\/uploads\/2021\/01\/My-Happytoy-Eyeliner-146x146.jpg 146w\" sizes=\"auto, (max-width: 400px) 100vw, 400px\" \/><\/figure>\n\n\n\n<div class=\"wp-block-buttons is-content-justification-center is-layout-flex wp-container-core-buttons-is-layout-16018d1d wp-block-buttons-is-layout-flex\">\n<div class=\"wp-block-button has-custom-width wp-block-button__width-100\"><a class=\"wp-block-button__link has-background wp-element-button\" href=\"https:\/\/www.ideabellezza.it\/my-happytoy-eyeliner\/\" style=\"background-color:#e2007a\" target=\"_blank\" rel=\"noreferrer noopener\">My Happytoy Eyeliner<\/a><\/div>\n<\/div>\n<\/div>\n\n\n\n<div class=\"wp-block-column is-vertically-aligned-center is-layout-flow wp-block-column-is-layout-flow\">\n<figure class=\"wp-block-image size-full\"><img loading=\"lazy\" decoding=\"async\" width=\"400\" height=\"400\" src=\"https:\/\/magazine.ideabellezza.it\/wp-content\/uploads\/2021\/01\/Locked-Kiss-Ink.jpg\" alt=\"Locked Kiss Ink\" class=\"wp-image-4609\" title=\"Locked Kiss Ink\" srcset=\"https:\/\/magazine.ideabellezza.it\/wp-content\/uploads\/2021\/01\/Locked-Kiss-Ink.jpg 400w, https:\/\/magazine.ideabellezza.it\/wp-content\/uploads\/2021\/01\/Locked-Kiss-Ink-300x300.jpg 300w, https:\/\/magazine.ideabellezza.it\/wp-content\/uploads\/2021\/01\/Locked-Kiss-Ink-150x150.jpg 150w, https:\/\/magazine.ideabellezza.it\/wp-content\/uploads\/2021\/01\/Locked-Kiss-Ink-370x370.jpg 370w, https:\/\/magazine.ideabellezza.it\/wp-content\/uploads\/2021\/01\/Locked-Kiss-Ink-146x146.jpg 146w\" sizes=\"auto, (max-width: 400px) 100vw, 400px\" \/><\/figure>\n\n\n\n<div class=\"wp-block-buttons is-content-justification-center is-layout-flex wp-container-core-buttons-is-layout-16018d1d wp-block-buttons-is-layout-flex\">\n<div class=\"wp-block-button has-custom-width wp-block-button__width-100\"><a class=\"wp-block-button__link has-background wp-element-button\" href=\"https:\/\/www.ideabellezza.it\/locked-kiss-ink-24hr-lipcolour\/\" style=\"background-color:#e2007a\" target=\"_blank\" rel=\"noreferrer noopener\">Locked Kiss Ink<\/a><\/div>\n<\/div>\n<\/div>\n<\/div>\n\n\n\n<p>Per quanto riguarda le labbra, ci sono due strade possibili. Si possono scegliere tonalit\u00e0 scure, come prugna, borgogna o marrone profondo, per rafforzare l\u2019impronta del <a href=\"https:\/\/www.ideabellezza.it\/magazine\/trucco-dark-idee-look-e-prodotti-per-un-make-up-intenso-e-magnetico\/\" target=\"_blank\" rel=\"noreferrer noopener\">trucco dark<\/a>, oppure mantenerle pi\u00f9 neutre per bilanciare la forza dello sguardo. Entrambe le opzioni funzionano, a patto che siano coerenti con il resto del trucco. Anche qui, l\u2019elemento chiave resta la precisione: <strong>contorni puliti, texture uniformi, niente sbavature<\/strong>.<\/p>\n\n\n\n<figure class=\"wp-block-image size-full\"><img loading=\"lazy\" decoding=\"async\" width=\"900\" height=\"700\" src=\"https:\/\/magazine.ideabellezza.it\/wp-content\/uploads\/2021\/01\/unghie-San-Valentino.jpg\" alt=\"unghie San Valentino\" class=\"wp-image-4585\" title=\"unghie San Valentino\" srcset=\"https:\/\/magazine.ideabellezza.it\/wp-content\/uploads\/2021\/01\/unghie-San-Valentino.jpg 900w, https:\/\/magazine.ideabellezza.it\/wp-content\/uploads\/2021\/01\/unghie-San-Valentino-300x233.jpg 300w, https:\/\/magazine.ideabellezza.it\/wp-content\/uploads\/2021\/01\/unghie-San-Valentino-768x597.jpg 768w, https:\/\/magazine.ideabellezza.it\/wp-content\/uploads\/2021\/01\/unghie-San-Valentino-370x288.jpg 370w, https:\/\/magazine.ideabellezza.it\/wp-content\/uploads\/2021\/01\/unghie-San-Valentino-760x591.jpg 760w\" sizes=\"auto, (max-width: 900px) 100vw, 900px\" \/><\/figure>\n\n\n\n<h2 class=\"wp-block-heading\">Nail-art di San Valentino: idee classiche e originali<\/h2>\n\n\n\n<p>La manicure non \u00e8 un dettaglio secondario: \u00e8 parte integrante del look e contribuisce in modo significativo alla sua coerenza complessiva. <strong>Le mani sono sempre in primo piano<\/strong> e una nail art ben pensata pu\u00f2 rafforzare l\u2019idea generale del make-up, anzich\u00e9 entrare in competizione con esso. <\/p>\n\n\n\n<p><strong>Rosso, rosa e bordeaux<\/strong> restano i colori simbolo di San Valentino, ma non vanno intesi in modo rigido. Uno <a href=\"https:\/\/www.ideabellezza.it\/make-up\/unghie\/smalto\/\">sm<\/a><a href=\"https:\/\/www.ideabellezza.it\/make-up\/unghie\/smalto\/\" target=\"_blank\" rel=\"noreferrer noopener\">a<\/a><a href=\"https:\/\/www.ideabellezza.it\/make-up\/unghie\/smalto\/\">lto<\/a> rosso pu\u00f2 essere classico, scuro, freddo, caldo, lucido o opaco: ogni variante racconta qualcosa di diverso. Lo stesso vale per i rosa, che spaziano dai cipria delicati ai fucsia pi\u00f9 decisi, fino alle sfumature lattiginose o trasparenti. Anche il finish fa la differenza: una superficie lucida appare pi\u00f9 elegante, quella opaca pi\u00f9 contemporanea, mentre un leggero <a href=\"https:\/\/www.ideabellezza.it\/make-up\/unghie\/base-e-top-coat\/\" target=\"_blank\" rel=\"noreferrer noopener\">top coat<\/a> shimmer pu\u00f2 aggiungere luce senza risultare eccessivo.<\/p>\n\n\n\n<div class=\"wp-block-columns are-vertically-aligned-center is-layout-flex wp-container-core-columns-is-layout-9d6595d7 wp-block-columns-is-layout-flex\">\n<div class=\"wp-block-column is-vertically-aligned-center is-layout-flow wp-block-column-is-layout-flow\">\n<figure class=\"wp-block-image size-full\"><img loading=\"lazy\" decoding=\"async\" width=\"400\" height=\"400\" src=\"https:\/\/magazine.ideabellezza.it\/wp-content\/uploads\/2021\/01\/Smalto-Shine-Nwear.jpg\" alt=\"Smalto Shine N'wear\" class=\"wp-image-4613\" title=\"Smalto Shine N'wear\" srcset=\"https:\/\/magazine.ideabellezza.it\/wp-content\/uploads\/2021\/01\/Smalto-Shine-Nwear.jpg 400w, https:\/\/magazine.ideabellezza.it\/wp-content\/uploads\/2021\/01\/Smalto-Shine-Nwear-300x300.jpg 300w, https:\/\/magazine.ideabellezza.it\/wp-content\/uploads\/2021\/01\/Smalto-Shine-Nwear-150x150.jpg 150w, https:\/\/magazine.ideabellezza.it\/wp-content\/uploads\/2021\/01\/Smalto-Shine-Nwear-370x370.jpg 370w, https:\/\/magazine.ideabellezza.it\/wp-content\/uploads\/2021\/01\/Smalto-Shine-Nwear-146x146.jpg 146w\" sizes=\"auto, (max-width: 400px) 100vw, 400px\" \/><\/figure>\n\n\n\n<div class=\"wp-block-buttons is-content-justification-center is-layout-flex wp-container-core-buttons-is-layout-16018d1d wp-block-buttons-is-layout-flex\">\n<div class=\"wp-block-button has-custom-width wp-block-button__width-100\"><a class=\"wp-block-button__link has-background wp-element-button\" href=\"https:\/\/www.ideabellezza.it\/smalto-shine-n-wear\/\" style=\"background-color:#e2007a\" target=\"_blank\" rel=\"noreferrer noopener\">Smalto Shine N&#8217;wear<\/a><\/div>\n<\/div>\n<\/div>\n\n\n\n<div class=\"wp-block-column is-vertically-aligned-center is-layout-flow wp-block-column-is-layout-flow\">\n<figure class=\"wp-block-image size-full\"><img loading=\"lazy\" decoding=\"async\" width=\"400\" height=\"400\" src=\"https:\/\/magazine.ideabellezza.it\/wp-content\/uploads\/2021\/01\/Miracle-Gel-Duo-Pack.jpg\" alt=\"Miracle Gel Duo Pack \" class=\"wp-image-4614\" title=\"Miracle Gel Duo Pack \" srcset=\"https:\/\/magazine.ideabellezza.it\/wp-content\/uploads\/2021\/01\/Miracle-Gel-Duo-Pack.jpg 400w, https:\/\/magazine.ideabellezza.it\/wp-content\/uploads\/2021\/01\/Miracle-Gel-Duo-Pack-300x300.jpg 300w, https:\/\/magazine.ideabellezza.it\/wp-content\/uploads\/2021\/01\/Miracle-Gel-Duo-Pack-150x150.jpg 150w, https:\/\/magazine.ideabellezza.it\/wp-content\/uploads\/2021\/01\/Miracle-Gel-Duo-Pack-370x370.jpg 370w, https:\/\/magazine.ideabellezza.it\/wp-content\/uploads\/2021\/01\/Miracle-Gel-Duo-Pack-146x146.jpg 146w\" sizes=\"auto, (max-width: 400px) 100vw, 400px\" \/><\/figure>\n\n\n\n<div class=\"wp-block-buttons is-content-justification-center is-layout-flex wp-container-core-buttons-is-layout-16018d1d wp-block-buttons-is-layout-flex\">\n<div class=\"wp-block-button has-custom-width wp-block-button__width-100\"><a class=\"wp-block-button__link has-background wp-element-button\" href=\"https:\/\/www.ideabellezza.it\/miracle-gel-duo-pack-940\/\" style=\"background-color:#e2007a\" target=\"_blank\" rel=\"noreferrer noopener\">Miracle Gel Duo Pack\u00a0<\/a><\/div>\n<\/div>\n<\/div>\n\n\n\n<div class=\"wp-block-column is-vertically-aligned-center is-layout-flow wp-block-column-is-layout-flow\">\n<figure class=\"wp-block-image size-full\"><img loading=\"lazy\" decoding=\"async\" width=\"400\" height=\"400\" src=\"https:\/\/magazine.ideabellezza.it\/wp-content\/uploads\/2021\/01\/Top-Coat-Effetto-Glossy.jpg\" alt=\"Top Coat Effetto Glossy\" class=\"wp-image-4612\" title=\"Top Coat Effetto Glossy\" srcset=\"https:\/\/magazine.ideabellezza.it\/wp-content\/uploads\/2021\/01\/Top-Coat-Effetto-Glossy.jpg 400w, https:\/\/magazine.ideabellezza.it\/wp-content\/uploads\/2021\/01\/Top-Coat-Effetto-Glossy-300x300.jpg 300w, https:\/\/magazine.ideabellezza.it\/wp-content\/uploads\/2021\/01\/Top-Coat-Effetto-Glossy-150x150.jpg 150w, https:\/\/magazine.ideabellezza.it\/wp-content\/uploads\/2021\/01\/Top-Coat-Effetto-Glossy-370x370.jpg 370w, https:\/\/magazine.ideabellezza.it\/wp-content\/uploads\/2021\/01\/Top-Coat-Effetto-Glossy-146x146.jpg 146w\" sizes=\"auto, (max-width: 400px) 100vw, 400px\" \/><\/figure>\n\n\n\n<div class=\"wp-block-buttons is-content-justification-center is-layout-flex wp-container-core-buttons-is-layout-16018d1d wp-block-buttons-is-layout-flex\">\n<div class=\"wp-block-button has-custom-width wp-block-button__width-100\"><a class=\"wp-block-button__link has-background wp-element-button\" href=\"https:\/\/www.ideabellezza.it\/top-coat-effetto-glossy-lasting-effect\/\" style=\"background-color:#e2007a\" target=\"_blank\" rel=\"noreferrer noopener\">Top Coat Effetto Glossy<\/a><\/div>\n<\/div>\n<\/div>\n<\/div>\n\n\n\n<p>Chi preferisce qualcosa di pi\u00f9 discreto pu\u00f2 puntare su <a href=\"https:\/\/www.ideabellezza.it\/make-up\/unghie\/\" target=\"_blank\" rel=\"noreferrer noopener\">prodotti per unghie<\/a> <strong>nude rosati, beige caldi o tonalit\u00e0 lattiginose<\/strong>, che si fondono con il colore naturale dell\u2019unghia e si adattano facilmente a qualsiasi look. Per chi ama i dettagli, invece, piccoli accenti grafici, micro glitter, cuoricini minimal o sottili linee dorate possono rendere la manicure pi\u00f9 personale senza trasformarla in un elemento dominante.<\/p>\n\n\n\n<p>Pronta a creare il tuo look di San Valentino? Su Idea Bellezza trovi tutto ci\u00f2 che ti serve per realizzare il make-up che hai in mente: fondotinta leggeri, palette luminose, rossetti iconici e smalti nelle tonalit\u00e0 pi\u00f9 romantiche. Scegli i <a href=\"https:\/\/www.ideabellezza.it\/make-up\/\" target=\"_blank\" rel=\"noreferrer noopener\">prodotti make-up<\/a> giusti, sperimenta e costruisci il tuo stile, senza compromessi.<\/p>\n\n\n<div class=\"wp-block-image\">\n<figure class=\"aligncenter size-full\"><a href=\"https:\/\/www.ideabellezza.it\/make-up\/\" target=\"_blank\" rel=\" noreferrer noopener\"><img loading=\"lazy\" decoding=\"async\" width=\"800\" height=\"315\" src=\"https:\/\/magazine.ideabellezza.it\/wp-content\/uploads\/2021\/01\/trucchi-online-in-offerta.jpg\" alt=\"trucchi online in offerta\" class=\"wp-image-4583\" title=\"trucchi online in offerta\" srcset=\"https:\/\/magazine.ideabellezza.it\/wp-content\/uploads\/2021\/01\/trucchi-online-in-offerta.jpg 800w, https:\/\/magazine.ideabellezza.it\/wp-content\/uploads\/2021\/01\/trucchi-online-in-offerta-300x118.jpg 300w, https:\/\/magazine.ideabellezza.it\/wp-content\/uploads\/2021\/01\/trucchi-online-in-offerta-768x302.jpg 768w, https:\/\/magazine.ideabellezza.it\/wp-content\/uploads\/2021\/01\/trucchi-online-in-offerta-370x146.jpg 370w, https:\/\/magazine.ideabellezza.it\/wp-content\/uploads\/2021\/01\/trucchi-online-in-offerta-760x299.jpg 760w\" sizes=\"auto, (max-width: 800px) 100vw, 800px\" \/><\/a><\/figure>\n<\/div>\n\n\n<hr class=\"wp-block-separator has-alpha-channel-opacity is-style-wide\"\/>\n\n\n\n<h2 class=\"wp-block-heading\">FAQ \u2013 Domande Frequenti su Come truccarsi a San Valentino<\/h2>\n\n\n\n<div class=\"schema-faq wp-block-yoast-faq-block\"><div class=\"schema-faq-section\" id=\"faq-question-1768814676324\"><h3 class=\"schema-faq-question\">Qual \u00e8 il trucco ideale per San Valentino?<\/h3> <p class=\"schema-faq-answer\">Il trucco ideale per San Valentino \u00e8 quello che rispecchia la tua personalit\u00e0 e si adatta al contesto della serata. Pu\u00f2 essere romantico, naturale, sensuale o pi\u00f9 deciso, ma deve sempre essere equilibrato: base luminosa, un punto focale (occhi o labbra) e una palette cromatica coerente. Non esiste un solo look giusto, ma quello che ti fa sentire a tuo agio.<\/p> <\/div> <div class=\"schema-faq-section\" id=\"faq-question-1768814684768\"><h3 class=\"schema-faq-question\">Meglio puntare sugli occhi o sulle labbra per il make-up di San Valentino?<\/h3> <p class=\"schema-faq-answer\">Dipende dallo stile che vuoi ottenere. Se scegli labbra intense, come rosso, prugna o bordeaux, \u00e8 meglio mantenere gli occhi pi\u00f9 puliti e naturali. Se invece vuoi valorizzare lo sguardo con uno smokey eyes o sfumature pi\u00f9 marcate, le labbra dovrebbero restare pi\u00f9 neutre. Il segreto \u00e8 evitare che entrambi competano tra loro.<\/p> <\/div> <div class=\"schema-faq-section\" id=\"faq-question-1768814696484\"><h3 class=\"schema-faq-question\">Che tipo di make-up \u00e8 considerato romantico?<\/h3> <p class=\"schema-faq-answer\">Un make-up romantico \u00e8 caratterizzato da colori delicati, sfumature morbide e finiture luminose. Le tonalit\u00e0 pi\u00f9 usate sono rosa cipria, champagne, beige caldo e pesca. La base \u00e8 naturale e fresca, con un tocco di blush per dare vitalit\u00e0. L\u2019effetto finale deve essere luminoso, ordinato e armonioso, mai eccessivo.<\/p> <\/div> <div class=\"schema-faq-section\" id=\"faq-question-1768814704188\"><h3 class=\"schema-faq-question\">Come rendere il trucco romantico senza sembrare troppo \u201ccostruito\u201d?<\/h3> <p class=\"schema-faq-answer\">Per evitare l\u2019effetto artefatto, \u00e8 importante lavorare per sottrazione: pochi prodotti, ben sfumati, e una base che lasci intravedere la pelle. L\u2019obiettivo \u00e8 dare l\u2019impressione di un viso naturalmente luminoso, con tocchi di colore posizionati strategicamente. Anche le sopracciglia e le ciglia devono restare morbide, non troppo marcate.<\/p> <\/div> <div class=\"schema-faq-section\" id=\"faq-question-1768814711885\"><h3 class=\"schema-faq-question\">Cos\u2019\u00e8 un make-up originale per San Valentino?<\/h3> <p class=\"schema-faq-answer\">Un make-up originale non \u00e8 per forza eccentrico. \u00c8 un trucco che introduce un elemento inaspettato, come una nuance diversa dal solito, un finish particolare o una texture insolita. Pu\u00f2 trattarsi di un rossetto corallo al posto del classico rosso, oppure di ombretti satinati o leggermente metallici. L\u2019originalit\u00e0 sta nella scelta, non nell\u2019eccesso.<\/p> <\/div> <div class=\"schema-faq-section\" id=\"faq-question-1768814721992\"><h3 class=\"schema-faq-question\">Come ottenere un look vintage per San Valentino?<\/h3> <p class=\"schema-faq-answer\">Il trucco vintage punta su delicatezza e armonia. Le linee sono morbide, i colori chiari e caldi, come beige, champagne e rosa antico. Le sopracciglia sono definite ma naturali, la base \u00e8 uniforme e luminosa, e le labbra restano nude o rosate. \u00c8 un make-up che non cerca l\u2019impatto immediato, ma una bellezza pi\u00f9 composta e raffinata.<\/p> <\/div> <div class=\"schema-faq-section\" id=\"faq-question-1768814730499\"><h3 class=\"schema-faq-question\">Cosa rende un make-up sexy elegante e non volgare?<\/h3> <p class=\"schema-faq-answer\">La sensualit\u00e0 nel make-up nasce dalla precisione, non dall\u2019eccesso. Un trucco sexy efficace ha pochi elementi protagonisti, spesso le labbra, ben definite e applicate con cura. Il resto del viso resta pulito, luminoso e ordinato. La differenza sta nei dettagli: contorni netti, sfumature pulite, nessuna sbavatura.<\/p> <\/div> <div class=\"schema-faq-section\" id=\"faq-question-1768814742039\"><h3 class=\"schema-faq-question\">Lo smokey eyes \u00e8 adatto per San Valentino?<\/h3> <p class=\"schema-faq-answer\">S\u00ec, se realizzato con attenzione. Uno smokey eyes pu\u00f2 essere perfetto per un San Valentino pi\u00f9 deciso o rock, ma deve essere ben sfumato e bilanciato da una base ordinata. L\u2019errore pi\u00f9 comune \u00e8 caricare troppo il colore senza lavorare le transizioni. Meglio costruire l\u2019intensit\u00e0 gradualmente.<\/p> <\/div> <div class=\"schema-faq-section\" id=\"faq-question-1768814747420\"><h3 class=\"schema-faq-question\">Come abbinare il make-up alla nail art di San Valentino?<\/h3> <p class=\"schema-faq-answer\">Make-up e manicure dovrebbero dialogare tra loro. Se il trucco \u00e8 intenso, \u00e8 meglio optare per unghie pi\u00f9 semplici. Se il make-up \u00e8 naturale, la manicure pu\u00f2 diventare pi\u00f9 creativa. I colori classici sono rosso, rosa e bordeaux, ma possono essere reinterpretati con finish opachi, lucidi o leggermente glitterati.<\/p> <\/div> <div class=\"schema-faq-section\" id=\"faq-question-1768814757083\"><h3 class=\"schema-faq-question\">Quali sono i colori di smalto pi\u00f9 adatti per San Valentino?<\/h3> <p class=\"schema-faq-answer\">I colori pi\u00f9 scelti sono rosso, rosa e bordeaux, ma esistono molte varianti: dal ciliegia al prugna, dal cipria al fucsia, fino ai nude rosati e beige caldi. La scelta dipende dal make-up e dallo stile complessivo del look. Anche il finish (opaco, lucido, shimmer) influisce molto sul risultato finale.<\/p> <\/div> <div class=\"schema-faq-section\" id=\"faq-question-1768814765404\"><h3 class=\"schema-faq-question\">Che tipo di prodotti servono per creare un make-up di San Valentino?<\/h3> <p class=\"schema-faq-answer\">Dipende dal look, ma in generale servono: una base leggera e luminosa, un blush naturale, ombretti ben sfumabili, un buon mascara, un rossetto protagonista e, se desiderato, un illuminante discreto. La qualit\u00e0 dei prodotti fa la differenza nel risultato finale e nella durata del trucco.<\/p> <\/div> <div class=\"schema-faq-section\" id=\"faq-question-1768814778214\"><h3 class=\"schema-faq-question\">Dove posso acquistare prodotti per il trucco di San Valentino online?<\/h3> <p class=\"schema-faq-answer\">Su <strong>Idea Bellezza<\/strong> trovi una selezione completa di prodotti make-up e nail care: fondotinta, palette, rossetti, mascara, smalti e accessori per creare qualsiasi look, dal pi\u00f9 naturale al pi\u00f9 audace.<\/p> <\/div> <\/div>\n","protected":false},"excerpt":{"rendered":"<p>Che si tratti di una cena romantica o di una serata tra amici, ecco le migliori proposte su come truccarsi a San Valentino suggerite da Idea Bellezza.<\/p>\n","protected":false},"author":1,"featured_media":4591,"comment_status":"closed","ping_status":"closed","sticky":true,"template":"","format":"standard","meta":{"footnotes":""},"categories":[16],"tags":[],"class_list":["post-88","post","type-post","status-publish","format-standard","has-post-thumbnail","hentry","category-passione-make-up"],"yoast_head":"<!-- This site is optimized with the Yoast SEO plugin v25.2 - https:\/\/yoast.com\/wordpress\/plugins\/seo\/ -->\n<title>Come truccarsi a San Valentino: mood e ispirazioni -<\/title>\n<meta name=\"description\" content=\"Che si tratti di una cena romantica o di una serata tra amici, ecco come truccarsi a San Valentino secondo Idea Bellezza.\" \/>\n<meta name=\"robots\" content=\"index, follow, max-snippet:-1, max-image-preview:large, max-video-preview:-1\" \/>\n<link rel=\"canonical\" href=\"https:\/\/www.ideabellezza.it\/magazine\/come-truccarsi-a-san-valentino\/\" \/>\n<meta property=\"og:locale\" content=\"it_IT\" \/>\n<meta property=\"og:type\" content=\"article\" \/>\n<meta property=\"og:title\" content=\"Come truccarsi a San Valentino: mood e ispirazioni -\" \/>\n<meta property=\"og:description\" content=\"Che si tratti di una cena romantica o di una serata tra amici, ecco come truccarsi a San Valentino secondo Idea Bellezza.\" \/>\n<meta property=\"og:url\" content=\"https:\/\/www.ideabellezza.it\/magazine\/come-truccarsi-a-san-valentino\/\" \/>\n<meta property=\"article:published_time\" content=\"2026-01-19T13:15:35+00:00\" \/>\n<meta property=\"article:modified_time\" content=\"2026-01-19T13:16:11+00:00\" \/>\n<meta property=\"og:image\" content=\"https:\/\/magazine.ideabellezza.it\/wp-content\/uploads\/2021\/01\/trucco-San-Valentino.jpg\" \/>\n\t<meta property=\"og:image:width\" content=\"900\" \/>\n\t<meta property=\"og:image:height\" content=\"700\" \/>\n\t<meta property=\"og:image:type\" content=\"image\/jpeg\" \/>\n<meta name=\"author\" content=\"ideabellezza\" \/>\n<meta name=\"twitter:card\" content=\"summary_large_image\" \/>\n<meta name=\"twitter:label1\" content=\"Scritto da\" \/>\n\t<meta name=\"twitter:data1\" content=\"ideabellezza\" \/>\n\t<meta name=\"twitter:label2\" content=\"Tempo di lettura stimato\" \/>\n\t<meta name=\"twitter:data2\" content=\"19 minuti\" \/>\n<script type=\"application\/ld+json\" class=\"yoast-schema-graph\">{\"@context\":\"https:\/\/schema.org\",\"@graph\":[{\"@type\":[\"WebPage\",\"FAQPage\"],\"@id\":\"https:\/\/magazine.ideabellezza.it\/come-truccarsi-a-san-valentino\/\",\"url\":\"https:\/\/www.ideabellezza.it\/magazine\/come-truccarsi-a-san-valentino\/\",\"name\":\"Come truccarsi a San Valentino: mood e ispirazioni -\",\"isPartOf\":{\"@id\":\"https:\/\/www.ideabellezza.it\/magazine\/#website\"},\"primaryImageOfPage\":{\"@id\":\"https:\/\/www.ideabellezza.it\/magazine\/come-truccarsi-a-san-valentino\/#primaryimage\"},\"image\":{\"@id\":\"https:\/\/www.ideabellezza.it\/magazine\/come-truccarsi-a-san-valentino\/#primaryimage\"},\"thumbnailUrl\":\"https:\/\/magazine.ideabellezza.it\/wp-content\/uploads\/2021\/01\/trucco-San-Valentino.jpg\",\"datePublished\":\"2026-01-19T13:15:35+00:00\",\"dateModified\":\"2026-01-19T13:16:11+00:00\",\"author\":{\"@id\":\"https:\/\/www.ideabellezza.it\/magazine\/#\/schema\/person\/17b0f47546a3fc5dc1033bb23feffc65\"},\"description\":\"Che si tratti di una cena romantica o di una serata tra amici, ecco come truccarsi a San Valentino secondo Idea Bellezza.\",\"mainEntity\":[{\"@id\":\"https:\/\/www.ideabellezza.it\/magazine\/come-truccarsi-a-san-valentino\/#faq-question-1768814676324\"},{\"@id\":\"https:\/\/www.ideabellezza.it\/magazine\/come-truccarsi-a-san-valentino\/#faq-question-1768814684768\"},{\"@id\":\"https:\/\/www.ideabellezza.it\/magazine\/come-truccarsi-a-san-valentino\/#faq-question-1768814696484\"},{\"@id\":\"https:\/\/www.ideabellezza.it\/magazine\/come-truccarsi-a-san-valentino\/#faq-question-1768814704188\"},{\"@id\":\"https:\/\/www.ideabellezza.it\/magazine\/come-truccarsi-a-san-valentino\/#faq-question-1768814711885\"},{\"@id\":\"https:\/\/www.ideabellezza.it\/magazine\/come-truccarsi-a-san-valentino\/#faq-question-1768814721992\"},{\"@id\":\"https:\/\/www.ideabellezza.it\/magazine\/come-truccarsi-a-san-valentino\/#faq-question-1768814730499\"},{\"@id\":\"https:\/\/www.ideabellezza.it\/magazine\/come-truccarsi-a-san-valentino\/#faq-question-1768814742039\"},{\"@id\":\"https:\/\/www.ideabellezza.it\/magazine\/come-truccarsi-a-san-valentino\/#faq-question-1768814747420\"},{\"@id\":\"https:\/\/www.ideabellezza.it\/magazine\/come-truccarsi-a-san-valentino\/#faq-question-1768814757083\"},{\"@id\":\"https:\/\/www.ideabellezza.it\/magazine\/come-truccarsi-a-san-valentino\/#faq-question-1768814765404\"},{\"@id\":\"https:\/\/www.ideabellezza.it\/magazine\/come-truccarsi-a-san-valentino\/#faq-question-1768814778214\"}],\"inLanguage\":\"it-IT\",\"potentialAction\":[{\"@type\":\"ReadAction\",\"target\":[\"https:\/\/www.ideabellezza.it\/magazine\/come-truccarsi-a-san-valentino\/\"]}]},{\"@type\":\"ImageObject\",\"inLanguage\":\"it-IT\",\"@id\":\"https:\/\/www.ideabellezza.it\/magazine\/come-truccarsi-a-san-valentino\/#primaryimage\",\"url\":\"https:\/\/magazine.ideabellezza.it\/wp-content\/uploads\/2021\/01\/trucco-San-Valentino.jpg\",\"contentUrl\":\"https:\/\/magazine.ideabellezza.it\/wp-content\/uploads\/2021\/01\/trucco-San-Valentino.jpg\",\"width\":900,\"height\":700,\"caption\":\"trucco San Valentino\"},{\"@type\":\"WebSite\",\"@id\":\"https:\/\/www.ideabellezza.it\/magazine\/#website\",\"url\":\"https:\/\/www.ideabellezza.it\/magazine\/\",\"name\":\"\",\"description\":\"\",\"potentialAction\":[{\"@type\":\"SearchAction\",\"target\":{\"@type\":\"EntryPoint\",\"urlTemplate\":\"https:\/\/www.ideabellezza.it\/magazine\/?s={search_term_string}\"},\"query-input\":{\"@type\":\"PropertyValueSpecification\",\"valueRequired\":true,\"valueName\":\"search_term_string\"}}],\"inLanguage\":\"it-IT\"},{\"@type\":\"Person\",\"@id\":\"https:\/\/www.ideabellezza.it\/magazine\/#\/schema\/person\/17b0f47546a3fc5dc1033bb23feffc65\",\"name\":\"ideabellezza\",\"image\":{\"@type\":\"ImageObject\",\"inLanguage\":\"it-IT\",\"@id\":\"https:\/\/www.ideabellezza.it\/magazine\/#\/schema\/person\/image\/\",\"url\":\"https:\/\/secure.gravatar.com\/avatar\/60e318cb6e6de1184d3834661ba9f6209a8d536ae9c769e3662804fd574471a2?s=96&d=mm&r=g\",\"contentUrl\":\"https:\/\/secure.gravatar.com\/avatar\/60e318cb6e6de1184d3834661ba9f6209a8d536ae9c769e3662804fd574471a2?s=96&d=mm&r=g\",\"caption\":\"ideabellezza\"},\"sameAs\":[\"http:\/\/ideabellezza.it\/magazine\/IdeaBellezza\"]},{\"@type\":\"Question\",\"@id\":\"https:\/\/www.ideabellezza.it\/magazine\/come-truccarsi-a-san-valentino\/#faq-question-1768814676324\",\"position\":1,\"url\":\"https:\/\/www.ideabellezza.it\/magazine\/come-truccarsi-a-san-valentino\/#faq-question-1768814676324\",\"name\":\"Qual \u00e8 il trucco ideale per San Valentino?\",\"answerCount\":1,\"acceptedAnswer\":{\"@type\":\"Answer\",\"text\":\"Il trucco ideale per San Valentino \u00e8 quello che rispecchia la tua personalit\u00e0 e si adatta al contesto della serata. Pu\u00f2 essere romantico, naturale, sensuale o pi\u00f9 deciso, ma deve sempre essere equilibrato: base luminosa, un punto focale (occhi o labbra) e una palette cromatica coerente. Non esiste un solo look giusto, ma quello che ti fa sentire a tuo agio.\",\"inLanguage\":\"it-IT\"},\"inLanguage\":\"it-IT\"},{\"@type\":\"Question\",\"@id\":\"https:\/\/www.ideabellezza.it\/magazine\/come-truccarsi-a-san-valentino\/#faq-question-1768814684768\",\"position\":2,\"url\":\"https:\/\/www.ideabellezza.it\/magazine\/come-truccarsi-a-san-valentino\/#faq-question-1768814684768\",\"name\":\"Meglio puntare sugli occhi o sulle labbra per il make-up di San Valentino?\",\"answerCount\":1,\"acceptedAnswer\":{\"@type\":\"Answer\",\"text\":\"Dipende dallo stile che vuoi ottenere. Se scegli labbra intense, come rosso, prugna o bordeaux, \u00e8 meglio mantenere gli occhi pi\u00f9 puliti e naturali. Se invece vuoi valorizzare lo sguardo con uno smokey eyes o sfumature pi\u00f9 marcate, le labbra dovrebbero restare pi\u00f9 neutre. Il segreto \u00e8 evitare che entrambi competano tra loro.\",\"inLanguage\":\"it-IT\"},\"inLanguage\":\"it-IT\"},{\"@type\":\"Question\",\"@id\":\"https:\/\/www.ideabellezza.it\/magazine\/come-truccarsi-a-san-valentino\/#faq-question-1768814696484\",\"position\":3,\"url\":\"https:\/\/www.ideabellezza.it\/magazine\/come-truccarsi-a-san-valentino\/#faq-question-1768814696484\",\"name\":\"Che tipo di make-up \u00e8 considerato romantico?\",\"answerCount\":1,\"acceptedAnswer\":{\"@type\":\"Answer\",\"text\":\"Un make-up romantico \u00e8 caratterizzato da colori delicati, sfumature morbide e finiture luminose. Le tonalit\u00e0 pi\u00f9 usate sono rosa cipria, champagne, beige caldo e pesca. La base \u00e8 naturale e fresca, con un tocco di blush per dare vitalit\u00e0. L\u2019effetto finale deve essere luminoso, ordinato e armonioso, mai eccessivo.\",\"inLanguage\":\"it-IT\"},\"inLanguage\":\"it-IT\"},{\"@type\":\"Question\",\"@id\":\"https:\/\/www.ideabellezza.it\/magazine\/come-truccarsi-a-san-valentino\/#faq-question-1768814704188\",\"position\":4,\"url\":\"https:\/\/www.ideabellezza.it\/magazine\/come-truccarsi-a-san-valentino\/#faq-question-1768814704188\",\"name\":\"Come rendere il trucco romantico senza sembrare troppo \u201ccostruito\u201d?\",\"answerCount\":1,\"acceptedAnswer\":{\"@type\":\"Answer\",\"text\":\"Per evitare l\u2019effetto artefatto, \u00e8 importante lavorare per sottrazione: pochi prodotti, ben sfumati, e una base che lasci intravedere la pelle. L\u2019obiettivo \u00e8 dare l\u2019impressione di un viso naturalmente luminoso, con tocchi di colore posizionati strategicamente. Anche le sopracciglia e le ciglia devono restare morbide, non troppo marcate.\",\"inLanguage\":\"it-IT\"},\"inLanguage\":\"it-IT\"},{\"@type\":\"Question\",\"@id\":\"https:\/\/www.ideabellezza.it\/magazine\/come-truccarsi-a-san-valentino\/#faq-question-1768814711885\",\"position\":5,\"url\":\"https:\/\/www.ideabellezza.it\/magazine\/come-truccarsi-a-san-valentino\/#faq-question-1768814711885\",\"name\":\"Cos\u2019\u00e8 un make-up originale per San Valentino?\",\"answerCount\":1,\"acceptedAnswer\":{\"@type\":\"Answer\",\"text\":\"Un make-up originale non \u00e8 per forza eccentrico. \u00c8 un trucco che introduce un elemento inaspettato, come una nuance diversa dal solito, un finish particolare o una texture insolita. Pu\u00f2 trattarsi di un rossetto corallo al posto del classico rosso, oppure di ombretti satinati o leggermente metallici. L\u2019originalit\u00e0 sta nella scelta, non nell\u2019eccesso.\",\"inLanguage\":\"it-IT\"},\"inLanguage\":\"it-IT\"},{\"@type\":\"Question\",\"@id\":\"https:\/\/www.ideabellezza.it\/magazine\/come-truccarsi-a-san-valentino\/#faq-question-1768814721992\",\"position\":6,\"url\":\"https:\/\/www.ideabellezza.it\/magazine\/come-truccarsi-a-san-valentino\/#faq-question-1768814721992\",\"name\":\"Come ottenere un look vintage per San Valentino?\",\"answerCount\":1,\"acceptedAnswer\":{\"@type\":\"Answer\",\"text\":\"Il trucco vintage punta su delicatezza e armonia. Le linee sono morbide, i colori chiari e caldi, come beige, champagne e rosa antico. Le sopracciglia sono definite ma naturali, la base \u00e8 uniforme e luminosa, e le labbra restano nude o rosate. \u00c8 un make-up che non cerca l\u2019impatto immediato, ma una bellezza pi\u00f9 composta e raffinata.\",\"inLanguage\":\"it-IT\"},\"inLanguage\":\"it-IT\"},{\"@type\":\"Question\",\"@id\":\"https:\/\/www.ideabellezza.it\/magazine\/come-truccarsi-a-san-valentino\/#faq-question-1768814730499\",\"position\":7,\"url\":\"https:\/\/www.ideabellezza.it\/magazine\/come-truccarsi-a-san-valentino\/#faq-question-1768814730499\",\"name\":\"Cosa rende un make-up sexy elegante e non volgare?\",\"answerCount\":1,\"acceptedAnswer\":{\"@type\":\"Answer\",\"text\":\"La sensualit\u00e0 nel make-up nasce dalla precisione, non dall\u2019eccesso. Un trucco sexy efficace ha pochi elementi protagonisti, spesso le labbra, ben definite e applicate con cura. Il resto del viso resta pulito, luminoso e ordinato. La differenza sta nei dettagli: contorni netti, sfumature pulite, nessuna sbavatura.\",\"inLanguage\":\"it-IT\"},\"inLanguage\":\"it-IT\"},{\"@type\":\"Question\",\"@id\":\"https:\/\/www.ideabellezza.it\/magazine\/come-truccarsi-a-san-valentino\/#faq-question-1768814742039\",\"position\":8,\"url\":\"https:\/\/www.ideabellezza.it\/magazine\/come-truccarsi-a-san-valentino\/#faq-question-1768814742039\",\"name\":\"Lo smokey eyes \u00e8 adatto per San Valentino?\",\"answerCount\":1,\"acceptedAnswer\":{\"@type\":\"Answer\",\"text\":\"S\u00ec, se realizzato con attenzione. Uno smokey eyes pu\u00f2 essere perfetto per un San Valentino pi\u00f9 deciso o rock, ma deve essere ben sfumato e bilanciato da una base ordinata. L\u2019errore pi\u00f9 comune \u00e8 caricare troppo il colore senza lavorare le transizioni. Meglio costruire l\u2019intensit\u00e0 gradualmente.\",\"inLanguage\":\"it-IT\"},\"inLanguage\":\"it-IT\"},{\"@type\":\"Question\",\"@id\":\"https:\/\/www.ideabellezza.it\/magazine\/come-truccarsi-a-san-valentino\/#faq-question-1768814747420\",\"position\":9,\"url\":\"https:\/\/www.ideabellezza.it\/magazine\/come-truccarsi-a-san-valentino\/#faq-question-1768814747420\",\"name\":\"Come abbinare il make-up alla nail art di San Valentino?\",\"answerCount\":1,\"acceptedAnswer\":{\"@type\":\"Answer\",\"text\":\"Make-up e manicure dovrebbero dialogare tra loro. Se il trucco \u00e8 intenso, \u00e8 meglio optare per unghie pi\u00f9 semplici. Se il make-up \u00e8 naturale, la manicure pu\u00f2 diventare pi\u00f9 creativa. I colori classici sono rosso, rosa e bordeaux, ma possono essere reinterpretati con finish opachi, lucidi o leggermente glitterati.\",\"inLanguage\":\"it-IT\"},\"inLanguage\":\"it-IT\"},{\"@type\":\"Question\",\"@id\":\"https:\/\/www.ideabellezza.it\/magazine\/come-truccarsi-a-san-valentino\/#faq-question-1768814757083\",\"position\":10,\"url\":\"https:\/\/www.ideabellezza.it\/magazine\/come-truccarsi-a-san-valentino\/#faq-question-1768814757083\",\"name\":\"Quali sono i colori di smalto pi\u00f9 adatti per San Valentino?\",\"answerCount\":1,\"acceptedAnswer\":{\"@type\":\"Answer\",\"text\":\"I colori pi\u00f9 scelti sono rosso, rosa e bordeaux, ma esistono molte varianti: dal ciliegia al prugna, dal cipria al fucsia, fino ai nude rosati e beige caldi. La scelta dipende dal make-up e dallo stile complessivo del look. Anche il finish (opaco, lucido, shimmer) influisce molto sul risultato finale.\",\"inLanguage\":\"it-IT\"},\"inLanguage\":\"it-IT\"},{\"@type\":\"Question\",\"@id\":\"https:\/\/www.ideabellezza.it\/magazine\/come-truccarsi-a-san-valentino\/#faq-question-1768814765404\",\"position\":11,\"url\":\"https:\/\/www.ideabellezza.it\/magazine\/come-truccarsi-a-san-valentino\/#faq-question-1768814765404\",\"name\":\"Che tipo di prodotti servono per creare un make-up di San Valentino?\",\"answerCount\":1,\"acceptedAnswer\":{\"@type\":\"Answer\",\"text\":\"Dipende dal look, ma in generale servono: una base leggera e luminosa, un blush naturale, ombretti ben sfumabili, un buon mascara, un rossetto protagonista e, se desiderato, un illuminante discreto. La qualit\u00e0 dei prodotti fa la differenza nel risultato finale e nella durata del trucco.\",\"inLanguage\":\"it-IT\"},\"inLanguage\":\"it-IT\"},{\"@type\":\"Question\",\"@id\":\"https:\/\/www.ideabellezza.it\/magazine\/come-truccarsi-a-san-valentino\/#faq-question-1768814778214\",\"position\":12,\"url\":\"https:\/\/www.ideabellezza.it\/magazine\/come-truccarsi-a-san-valentino\/#faq-question-1768814778214\",\"name\":\"Dove posso acquistare prodotti per il trucco di San Valentino online?\",\"answerCount\":1,\"acceptedAnswer\":{\"@type\":\"Answer\",\"text\":\"Su <strong>Idea Bellezza<\/strong> trovi una selezione completa di prodotti make-up e nail care: fondotinta, palette, rossetti, mascara, smalti e accessori per creare qualsiasi look, dal pi\u00f9 naturale al pi\u00f9 audace.\",\"inLanguage\":\"it-IT\"},\"inLanguage\":\"it-IT\"}]}<\/script>\n<!-- \/ Yoast SEO plugin. -->","yoast_head_json":{"title":"Come truccarsi a San Valentino: mood e ispirazioni -","description":"Che si tratti di una cena romantica o di una serata tra amici, ecco come truccarsi a San Valentino secondo Idea Bellezza.","robots":{"index":"index","follow":"follow","max-snippet":"max-snippet:-1","max-image-preview":"max-image-preview:large","max-video-preview":"max-video-preview:-1"},"canonical":"https:\/\/www.ideabellezza.it\/magazine\/come-truccarsi-a-san-valentino\/","og_locale":"it_IT","og_type":"article","og_title":"Come truccarsi a San Valentino: mood e ispirazioni -","og_description":"Che si tratti di una cena romantica o di una serata tra amici, ecco come truccarsi a San Valentino secondo Idea Bellezza.","og_url":"https:\/\/www.ideabellezza.it\/magazine\/come-truccarsi-a-san-valentino\/","article_published_time":"2026-01-19T13:15:35+00:00","article_modified_time":"2026-01-19T13:16:11+00:00","og_image":[{"width":900,"height":700,"url":"https:\/\/magazine.ideabellezza.it\/wp-content\/uploads\/2021\/01\/trucco-San-Valentino.jpg","type":"image\/jpeg"}],"author":"ideabellezza","twitter_card":"summary_large_image","twitter_misc":{"Scritto da":"ideabellezza","Tempo di lettura stimato":"19 minuti"},"schema":{"@context":"https:\/\/schema.org","@graph":[{"@type":["WebPage","FAQPage"],"@id":"https:\/\/magazine.ideabellezza.it\/come-truccarsi-a-san-valentino\/","url":"https:\/\/www.ideabellezza.it\/magazine\/come-truccarsi-a-san-valentino\/","name":"Come truccarsi a San Valentino: mood e ispirazioni -","isPartOf":{"@id":"https:\/\/www.ideabellezza.it\/magazine\/#website"},"primaryImageOfPage":{"@id":"https:\/\/www.ideabellezza.it\/magazine\/come-truccarsi-a-san-valentino\/#primaryimage"},"image":{"@id":"https:\/\/www.ideabellezza.it\/magazine\/come-truccarsi-a-san-valentino\/#primaryimage"},"thumbnailUrl":"https:\/\/magazine.ideabellezza.it\/wp-content\/uploads\/2021\/01\/trucco-San-Valentino.jpg","datePublished":"2026-01-19T13:15:35+00:00","dateModified":"2026-01-19T13:16:11+00:00","author":{"@id":"https:\/\/www.ideabellezza.it\/magazine\/#\/schema\/person\/17b0f47546a3fc5dc1033bb23feffc65"},"description":"Che si tratti di una cena romantica o di una serata tra amici, ecco come truccarsi a San Valentino secondo Idea Bellezza.","mainEntity":[{"@id":"https:\/\/www.ideabellezza.it\/magazine\/come-truccarsi-a-san-valentino\/#faq-question-1768814676324"},{"@id":"https:\/\/www.ideabellezza.it\/magazine\/come-truccarsi-a-san-valentino\/#faq-question-1768814684768"},{"@id":"https:\/\/www.ideabellezza.it\/magazine\/come-truccarsi-a-san-valentino\/#faq-question-1768814696484"},{"@id":"https:\/\/www.ideabellezza.it\/magazine\/come-truccarsi-a-san-valentino\/#faq-question-1768814704188"},{"@id":"https:\/\/www.ideabellezza.it\/magazine\/come-truccarsi-a-san-valentino\/#faq-question-1768814711885"},{"@id":"https:\/\/www.ideabellezza.it\/magazine\/come-truccarsi-a-san-valentino\/#faq-question-1768814721992"},{"@id":"https:\/\/www.ideabellezza.it\/magazine\/come-truccarsi-a-san-valentino\/#faq-question-1768814730499"},{"@id":"https:\/\/www.ideabellezza.it\/magazine\/come-truccarsi-a-san-valentino\/#faq-question-1768814742039"},{"@id":"https:\/\/www.ideabellezza.it\/magazine\/come-truccarsi-a-san-valentino\/#faq-question-1768814747420"},{"@id":"https:\/\/www.ideabellezza.it\/magazine\/come-truccarsi-a-san-valentino\/#faq-question-1768814757083"},{"@id":"https:\/\/www.ideabellezza.it\/magazine\/come-truccarsi-a-san-valentino\/#faq-question-1768814765404"},{"@id":"https:\/\/www.ideabellezza.it\/magazine\/come-truccarsi-a-san-valentino\/#faq-question-1768814778214"}],"inLanguage":"it-IT","potentialAction":[{"@type":"ReadAction","target":["https:\/\/www.ideabellezza.it\/magazine\/come-truccarsi-a-san-valentino\/"]}]},{"@type":"ImageObject","inLanguage":"it-IT","@id":"https:\/\/www.ideabellezza.it\/magazine\/come-truccarsi-a-san-valentino\/#primaryimage","url":"https:\/\/magazine.ideabellezza.it\/wp-content\/uploads\/2021\/01\/trucco-San-Valentino.jpg","contentUrl":"https:\/\/magazine.ideabellezza.it\/wp-content\/uploads\/2021\/01\/trucco-San-Valentino.jpg","width":900,"height":700,"caption":"trucco San Valentino"},{"@type":"WebSite","@id":"https:\/\/www.ideabellezza.it\/magazine\/#website","url":"https:\/\/www.ideabellezza.it\/magazine\/","name":"","description":"","potentialAction":[{"@type":"SearchAction","target":{"@type":"EntryPoint","urlTemplate":"https:\/\/www.ideabellezza.it\/magazine\/?s={search_term_string}"},"query-input":{"@type":"PropertyValueSpecification","valueRequired":true,"valueName":"search_term_string"}}],"inLanguage":"it-IT"},{"@type":"Person","@id":"https:\/\/www.ideabellezza.it\/magazine\/#\/schema\/person\/17b0f47546a3fc5dc1033bb23feffc65","name":"ideabellezza","image":{"@type":"ImageObject","inLanguage":"it-IT","@id":"https:\/\/www.ideabellezza.it\/magazine\/#\/schema\/person\/image\/","url":"https:\/\/secure.gravatar.com\/avatar\/60e318cb6e6de1184d3834661ba9f6209a8d536ae9c769e3662804fd574471a2?s=96&d=mm&r=g","contentUrl":"https:\/\/secure.gravatar.com\/avatar\/60e318cb6e6de1184d3834661ba9f6209a8d536ae9c769e3662804fd574471a2?s=96&d=mm&r=g","caption":"ideabellezza"},"sameAs":["http:\/\/ideabellezza.it\/magazine\/IdeaBellezza"]},{"@type":"Question","@id":"https:\/\/www.ideabellezza.it\/magazine\/come-truccarsi-a-san-valentino\/#faq-question-1768814676324","position":1,"url":"https:\/\/www.ideabellezza.it\/magazine\/come-truccarsi-a-san-valentino\/#faq-question-1768814676324","name":"Qual \u00e8 il trucco ideale per San Valentino?","answerCount":1,"acceptedAnswer":{"@type":"Answer","text":"Il trucco ideale per San Valentino \u00e8 quello che rispecchia la tua personalit\u00e0 e si adatta al contesto della serata. Pu\u00f2 essere romantico, naturale, sensuale o pi\u00f9 deciso, ma deve sempre essere equilibrato: base luminosa, un punto focale (occhi o labbra) e una palette cromatica coerente. Non esiste un solo look giusto, ma quello che ti fa sentire a tuo agio.","inLanguage":"it-IT"},"inLanguage":"it-IT"},{"@type":"Question","@id":"https:\/\/www.ideabellezza.it\/magazine\/come-truccarsi-a-san-valentino\/#faq-question-1768814684768","position":2,"url":"https:\/\/www.ideabellezza.it\/magazine\/come-truccarsi-a-san-valentino\/#faq-question-1768814684768","name":"Meglio puntare sugli occhi o sulle labbra per il make-up di San Valentino?","answerCount":1,"acceptedAnswer":{"@type":"Answer","text":"Dipende dallo stile che vuoi ottenere. Se scegli labbra intense, come rosso, prugna o bordeaux, \u00e8 meglio mantenere gli occhi pi\u00f9 puliti e naturali. Se invece vuoi valorizzare lo sguardo con uno smokey eyes o sfumature pi\u00f9 marcate, le labbra dovrebbero restare pi\u00f9 neutre. Il segreto \u00e8 evitare che entrambi competano tra loro.","inLanguage":"it-IT"},"inLanguage":"it-IT"},{"@type":"Question","@id":"https:\/\/www.ideabellezza.it\/magazine\/come-truccarsi-a-san-valentino\/#faq-question-1768814696484","position":3,"url":"https:\/\/www.ideabellezza.it\/magazine\/come-truccarsi-a-san-valentino\/#faq-question-1768814696484","name":"Che tipo di make-up \u00e8 considerato romantico?","answerCount":1,"acceptedAnswer":{"@type":"Answer","text":"Un make-up romantico \u00e8 caratterizzato da colori delicati, sfumature morbide e finiture luminose. Le tonalit\u00e0 pi\u00f9 usate sono rosa cipria, champagne, beige caldo e pesca. La base \u00e8 naturale e fresca, con un tocco di blush per dare vitalit\u00e0. L\u2019effetto finale deve essere luminoso, ordinato e armonioso, mai eccessivo.","inLanguage":"it-IT"},"inLanguage":"it-IT"},{"@type":"Question","@id":"https:\/\/www.ideabellezza.it\/magazine\/come-truccarsi-a-san-valentino\/#faq-question-1768814704188","position":4,"url":"https:\/\/www.ideabellezza.it\/magazine\/come-truccarsi-a-san-valentino\/#faq-question-1768814704188","name":"Come rendere il trucco romantico senza sembrare troppo \u201ccostruito\u201d?","answerCount":1,"acceptedAnswer":{"@type":"Answer","text":"Per evitare l\u2019effetto artefatto, \u00e8 importante lavorare per sottrazione: pochi prodotti, ben sfumati, e una base che lasci intravedere la pelle. L\u2019obiettivo \u00e8 dare l\u2019impressione di un viso naturalmente luminoso, con tocchi di colore posizionati strategicamente. Anche le sopracciglia e le ciglia devono restare morbide, non troppo marcate.","inLanguage":"it-IT"},"inLanguage":"it-IT"},{"@type":"Question","@id":"https:\/\/www.ideabellezza.it\/magazine\/come-truccarsi-a-san-valentino\/#faq-question-1768814711885","position":5,"url":"https:\/\/www.ideabellezza.it\/magazine\/come-truccarsi-a-san-valentino\/#faq-question-1768814711885","name":"Cos\u2019\u00e8 un make-up originale per San Valentino?","answerCount":1,"acceptedAnswer":{"@type":"Answer","text":"Un make-up originale non \u00e8 per forza eccentrico. \u00c8 un trucco che introduce un elemento inaspettato, come una nuance diversa dal solito, un finish particolare o una texture insolita. Pu\u00f2 trattarsi di un rossetto corallo al posto del classico rosso, oppure di ombretti satinati o leggermente metallici. L\u2019originalit\u00e0 sta nella scelta, non nell\u2019eccesso.","inLanguage":"it-IT"},"inLanguage":"it-IT"},{"@type":"Question","@id":"https:\/\/www.ideabellezza.it\/magazine\/come-truccarsi-a-san-valentino\/#faq-question-1768814721992","position":6,"url":"https:\/\/www.ideabellezza.it\/magazine\/come-truccarsi-a-san-valentino\/#faq-question-1768814721992","name":"Come ottenere un look vintage per San Valentino?","answerCount":1,"acceptedAnswer":{"@type":"Answer","text":"Il trucco vintage punta su delicatezza e armonia. Le linee sono morbide, i colori chiari e caldi, come beige, champagne e rosa antico. Le sopracciglia sono definite ma naturali, la base \u00e8 uniforme e luminosa, e le labbra restano nude o rosate. \u00c8 un make-up che non cerca l\u2019impatto immediato, ma una bellezza pi\u00f9 composta e raffinata.","inLanguage":"it-IT"},"inLanguage":"it-IT"},{"@type":"Question","@id":"https:\/\/www.ideabellezza.it\/magazine\/come-truccarsi-a-san-valentino\/#faq-question-1768814730499","position":7,"url":"https:\/\/www.ideabellezza.it\/magazine\/come-truccarsi-a-san-valentino\/#faq-question-1768814730499","name":"Cosa rende un make-up sexy elegante e non volgare?","answerCount":1,"acceptedAnswer":{"@type":"Answer","text":"La sensualit\u00e0 nel make-up nasce dalla precisione, non dall\u2019eccesso. Un trucco sexy efficace ha pochi elementi protagonisti, spesso le labbra, ben definite e applicate con cura. Il resto del viso resta pulito, luminoso e ordinato. La differenza sta nei dettagli: contorni netti, sfumature pulite, nessuna sbavatura.","inLanguage":"it-IT"},"inLanguage":"it-IT"},{"@type":"Question","@id":"https:\/\/www.ideabellezza.it\/magazine\/come-truccarsi-a-san-valentino\/#faq-question-1768814742039","position":8,"url":"https:\/\/www.ideabellezza.it\/magazine\/come-truccarsi-a-san-valentino\/#faq-question-1768814742039","name":"Lo smokey eyes \u00e8 adatto per San Valentino?","answerCount":1,"acceptedAnswer":{"@type":"Answer","text":"S\u00ec, se realizzato con attenzione. Uno smokey eyes pu\u00f2 essere perfetto per un San Valentino pi\u00f9 deciso o rock, ma deve essere ben sfumato e bilanciato da una base ordinata. L\u2019errore pi\u00f9 comune \u00e8 caricare troppo il colore senza lavorare le transizioni. Meglio costruire l\u2019intensit\u00e0 gradualmente.","inLanguage":"it-IT"},"inLanguage":"it-IT"},{"@type":"Question","@id":"https:\/\/www.ideabellezza.it\/magazine\/come-truccarsi-a-san-valentino\/#faq-question-1768814747420","position":9,"url":"https:\/\/www.ideabellezza.it\/magazine\/come-truccarsi-a-san-valentino\/#faq-question-1768814747420","name":"Come abbinare il make-up alla nail art di San Valentino?","answerCount":1,"acceptedAnswer":{"@type":"Answer","text":"Make-up e manicure dovrebbero dialogare tra loro. Se il trucco \u00e8 intenso, \u00e8 meglio optare per unghie pi\u00f9 semplici. Se il make-up \u00e8 naturale, la manicure pu\u00f2 diventare pi\u00f9 creativa. I colori classici sono rosso, rosa e bordeaux, ma possono essere reinterpretati con finish opachi, lucidi o leggermente glitterati.","inLanguage":"it-IT"},"inLanguage":"it-IT"},{"@type":"Question","@id":"https:\/\/www.ideabellezza.it\/magazine\/come-truccarsi-a-san-valentino\/#faq-question-1768814757083","position":10,"url":"https:\/\/www.ideabellezza.it\/magazine\/come-truccarsi-a-san-valentino\/#faq-question-1768814757083","name":"Quali sono i colori di smalto pi\u00f9 adatti per San Valentino?","answerCount":1,"acceptedAnswer":{"@type":"Answer","text":"I colori pi\u00f9 scelti sono rosso, rosa e bordeaux, ma esistono molte varianti: dal ciliegia al prugna, dal cipria al fucsia, fino ai nude rosati e beige caldi. La scelta dipende dal make-up e dallo stile complessivo del look. Anche il finish (opaco, lucido, shimmer) influisce molto sul risultato finale.","inLanguage":"it-IT"},"inLanguage":"it-IT"},{"@type":"Question","@id":"https:\/\/www.ideabellezza.it\/magazine\/come-truccarsi-a-san-valentino\/#faq-question-1768814765404","position":11,"url":"https:\/\/www.ideabellezza.it\/magazine\/come-truccarsi-a-san-valentino\/#faq-question-1768814765404","name":"Che tipo di prodotti servono per creare un make-up di San Valentino?","answerCount":1,"acceptedAnswer":{"@type":"Answer","text":"Dipende dal look, ma in generale servono: una base leggera e luminosa, un blush naturale, ombretti ben sfumabili, un buon mascara, un rossetto protagonista e, se desiderato, un illuminante discreto. La qualit\u00e0 dei prodotti fa la differenza nel risultato finale e nella durata del trucco.","inLanguage":"it-IT"},"inLanguage":"it-IT"},{"@type":"Question","@id":"https:\/\/www.ideabellezza.it\/magazine\/come-truccarsi-a-san-valentino\/#faq-question-1768814778214","position":12,"url":"https:\/\/www.ideabellezza.it\/magazine\/come-truccarsi-a-san-valentino\/#faq-question-1768814778214","name":"Dove posso acquistare prodotti per il trucco di San Valentino online?","answerCount":1,"acceptedAnswer":{"@type":"Answer","text":"Su <strong>Idea Bellezza<\/strong> trovi una selezione completa di prodotti make-up e nail care: fondotinta, palette, rossetti, mascara, smalti e accessori per creare qualsiasi look, dal pi\u00f9 naturale al pi\u00f9 audace.","inLanguage":"it-IT"},"inLanguage":"it-IT"}]}},"_links":{"self":[{"href":"https:\/\/www.ideabellezza.it\/magazine\/wp-json\/wp\/v2\/posts\/88","targetHints":{"allow":["GET"]}}],"collection":[{"href":"https:\/\/www.ideabellezza.it\/magazine\/wp-json\/wp\/v2\/posts"}],"about":[{"href":"https:\/\/www.ideabellezza.it\/magazine\/wp-json\/wp\/v2\/types\/post"}],"author":[{"embeddable":true,"href":"https:\/\/www.ideabellezza.it\/magazine\/wp-json\/wp\/v2\/users\/1"}],"replies":[{"embeddable":true,"href":"https:\/\/www.ideabellezza.it\/magazine\/wp-json\/wp\/v2\/comments?post=88"}],"version-history":[{"count":7,"href":"https:\/\/www.ideabellezza.it\/magazine\/wp-json\/wp\/v2\/posts\/88\/revisions"}],"predecessor-version":[{"id":4617,"href":"https:\/\/www.ideabellezza.it\/magazine\/wp-json\/wp\/v2\/posts\/88\/revisions\/4617"}],"wp:featuredmedia":[{"embeddable":true,"href":"https:\/\/www.ideabellezza.it\/magazine\/wp-json\/wp\/v2\/media\/4591"}],"wp:attachment":[{"href":"https:\/\/www.ideabellezza.it\/magazine\/wp-json\/wp\/v2\/media?parent=88"}],"wp:term":[{"taxonomy":"category","embeddable":true,"href":"https:\/\/www.ideabellezza.it\/magazine\/wp-json\/wp\/v2\/categories?post=88"},{"taxonomy":"post_tag","embeddable":true,"href":"https:\/\/www.ideabellezza.it\/magazine\/wp-json\/wp\/v2\/tags?post=88"}],"curies":[{"name":"wp","href":"https:\/\/api.w.org\/{rel}","templated":true}]}}